{"id":1601,"date":"2014-11-04T10:45:07","date_gmt":"2014-11-04T09:45:07","guid":{"rendered":"http:\/\/www.francas71.org\/projetscitoyens\/?p=1601"},"modified":"2019-12-16T14:40:53","modified_gmt":"2019-12-16T13:40:53","slug":"concours-d-affiches-2014","status":"publish","type":"post","link":"http:\/\/projetscitoyens.francas71.org\/?p=1601","title":{"rendered":"Concours d&rsquo; Affiches 2014"},"content":{"rendered":"<p align=\"CENTER\"><span style=\"color: #ff3333;\"><span style=\"font-size: xx-large;\"><strong>J \u2013 24 !!!<br \/>\n<\/strong><\/span><\/span><\/p>\n<p align=\"CENTER\">\n<p align=\"CENTER\"><span style=\"color: #00ae00;\"><span style=\"font-size: medium;\"><span style=\"color: #008000;\">La s\u00e9lection d\u00e9partementale des affiches du concours Agis pour tes droits 2014 approche \u00e0 grands pas &#8230;.<\/span><br \/>\n<span style=\"color: #008000;\">Les affiches nous parviennent petit \u00e0 petit.<\/span><br \/>\n<span style=\"color: #008000;\">Nous les partagerons au fur et \u00e0 mesure en les accompagnant \u00e9videmment des d\u00e9marches vues par les enfants comme par les accompagnateurs.<\/span> <\/span><\/span><\/p>\n<p>&nbsp;<\/p>\n","protected":false},"excerpt":{"rendered":"<p>J \u2013 24 !!! La s\u00e9lection d\u00e9partementale des affiches du concours Agis pour tes droits 2014 approche \u00e0 grands pas &#8230;. Les affiches nous parviennent petit \u00e0 petit. Nous les partagerons au fur et \u00e0 mesure en les accompagnant \u00e9videmment des d\u00e9marches vues par les enfants comme par les accompagnateurs. &nbsp;<\/p>\n","protected":false},"author":1,"featured_media":921,"comment_status":"open","ping_status":"open","sticky":false,"template":"","format":"standard","meta":{"jetpack_post_was_ever_published":false,"_jetpack_newsletter_access":"","_jetpack_dont_email_post_to_subs":false,"_jetpack_newsletter_tier_id":0,"_jetpack_memberships_contains_paywalled_content":false,"_jetpack_memberships_contains_paid_content":false,"footnotes":"","jetpack_publicize_message":"","jetpack_publicize_feature_enabled":true,"jetpack_social_post_already_shared":false,"jetpack_social_options":{"image_generator_settings":{"template":"highway","enabled":false},"version":2}},"categories":[119,166],"tags":[16,31,150,136,62],"class_list":["post-1601","post","type-post","status-publish","format-standard","has-post-thumbnail","hentry","category-agis-pour-tes-droits-2","category-2014-les-droits-de-lenfant","tag-agis","tag-cide","tag-citoyennete","tag-droits-de-lenfant","tag-francas"],"jetpack_publicize_connections":[],"jetpack_featured_media_url":"https:\/\/i0.wp.com\/projetscitoyens.francas71.org\/wp-content\/uploads\/2014\/09\/logo_fond-aptd-2014_0.jpg?fit=1723%2C1020","jetpack_sharing_enabled":true,"jetpack_shortlink":"https:\/\/wp.me\/p6M0zG-pP","jetpack-related-posts":[],"jetpack_likes_enabled":true,"_links":{"self":[{"href":"http:\/\/projetscitoyens.francas71.org\/index.php?rest_route=\/wp\/v2\/posts\/1601"}],"collection":[{"href":"http:\/\/projetscitoyens.francas71.org\/index.php?rest_route=\/wp\/v2\/posts"}],"about":[{"href":"http:\/\/projetscitoyens.francas71.org\/index.php?rest_route=\/wp\/v2\/types\/post"}],"author":[{"embeddable":true,"href":"http:\/\/projetscitoyens.francas71.org\/index.php?rest_route=\/wp\/v2\/users\/1"}],"replies":[{"embeddable":true,"href":"http:\/\/projetscitoyens.francas71.org\/index.php?rest_route=%2Fwp%2Fv2%2Fcomments&post=1601"}],"version-history":[{"count":2,"href":"http:\/\/projetscitoyens.francas71.org\/index.php?rest_route=\/wp\/v2\/posts\/1601\/revisions"}],"predecessor-version":[{"id":1603,"href":"http:\/\/projetscitoyens.francas71.org\/index.php?rest_route=\/wp\/v2\/posts\/1601\/revisions\/1603"}],"wp:featuredmedia":[{"embeddable":true,"href":"http:\/\/projetscitoyens.francas71.org\/index.php?rest_route=\/wp\/v2\/media\/921"}],"wp:attachment":[{"href":"http:\/\/projetscitoyens.francas71.org\/index.php?rest_route=%2Fwp%2Fv2%2Fmedia&parent=1601"}],"wp:term":[{"taxonomy":"category","embeddable":true,"href":"http:\/\/projetscitoyens.francas71.org\/index.php?rest_route=%2Fwp%2Fv2%2Fcategories&post=1601"},{"taxonomy":"post_tag","embeddable":true,"href":"http:\/\/projetscitoyens.francas71.org\/index.php?rest_route=%2Fwp%2Fv2%2Ftags&post=1601"}],"curies":[{"name":"wp","href":"https:\/\/api.w.org\/{rel}","templated":true}]}}