{"id":1607,"date":"2014-11-05T10:41:11","date_gmt":"2014-11-05T09:41:11","guid":{"rendered":"http:\/\/www.francas71.org\/projetscitoyens\/?p=1607"},"modified":"2019-12-16T14:41:00","modified_gmt":"2019-12-16T13:41:00","slug":"affiche-2014-ecole-annexe-macon-activites-periscolaires","status":"publish","type":"post","link":"http:\/\/projetscitoyens.francas71.org\/?p=1607","title":{"rendered":"Affiche 2014 : \u00ab\u00a0Non \u00e0 la discrimination \u00e0 la r\u00e9cr\u00e9ation\u00a0\u00bb &#8211; Ecole Annexe (M\u00e2con) &#8211; activit\u00e9s p\u00e9riscolaires &#8211; cat 3"},"content":{"rendered":"<p align=\"CENTER\"><a href=\"https:\/\/i0.wp.com\/www.francas71.org\/projetscitoyens\/wp-content\/uploads\/2014\/11\/DSC_0334.jpg\" onclick=\"return TrackClick('http%3A%2F%2Fwww.francas71.org%2Fprojetscitoyens%2Fwp-content%2Fuploads%2F2014%2F11%2FDSC_0334.jpg','Activit%C3%A9s+p%C3%A9riscolaires+-+Ecole+Annexe+%28M%C3%A2con%29')\"><img loading=\"lazy\" decoding=\"async\" data-attachment-id=\"1605\" data-permalink=\"http:\/\/projetscitoyens.francas71.org\/?attachment_id=1605\" data-orig-file=\"https:\/\/i0.wp.com\/projetscitoyens.francas71.org\/wp-content\/uploads\/2014\/11\/DSC_0334.jpg?fit=1944%2C2592\" data-orig-size=\"1944,2592\" data-comments-opened=\"1\" data-image-meta=\"{&quot;aperture&quot;:&quot;3.59&quot;,&quot;credit&quot;:&quot;&quot;,&quot;camera&quot;:&quot;ST25i&quot;,&quot;caption&quot;:&quot;&quot;,&quot;created_timestamp&quot;:&quot;0&quot;,&quot;copyright&quot;:&quot;&quot;,&quot;focal_length&quot;:&quot;3.59&quot;,&quot;iso&quot;:&quot;0&quot;,&quot;shutter_speed&quot;:&quot;0&quot;,&quot;title&quot;:&quot;&quot;}\" data-image-title=\"Non \u00e0 la discrimination \u00e0 la r\u00e9cr\u00e9ation (\u00e9cole annexe &#8211; M\u00e2con)\" data-image-description=\"\" data-image-caption=\"\" data-medium-file=\"https:\/\/i0.wp.com\/projetscitoyens.francas71.org\/wp-content\/uploads\/2014\/11\/DSC_0334.jpg?fit=225%2C300\" data-large-file=\"https:\/\/i0.wp.com\/projetscitoyens.francas71.org\/wp-content\/uploads\/2014\/11\/DSC_0334.jpg?fit=640%2C853\" tabindex=\"0\" role=\"button\" class=\"aligncenter size-medium wp-image-1605\" title=\"Activit\u00e9s p\u00e9riscolaires - Ecole Annexe (M\u00e2con)\" src=\"https:\/\/i0.wp.com\/www.francas71.org\/projetscitoyens\/wp-content\/uploads\/2014\/11\/DSC_0334-225x300.jpg?resize=225%2C300\" alt=\"\" width=\"225\" height=\"300\" srcset=\"https:\/\/i0.wp.com\/projetscitoyens.francas71.org\/wp-content\/uploads\/2014\/11\/DSC_0334.jpg?resize=225%2C300 225w, https:\/\/i0.wp.com\/projetscitoyens.francas71.org\/wp-content\/uploads\/2014\/11\/DSC_0334.jpg?resize=768%2C1024 768w, https:\/\/i0.wp.com\/projetscitoyens.francas71.org\/wp-content\/uploads\/2014\/11\/DSC_0334.jpg?resize=1024%2C1365 1024w, https:\/\/i0.wp.com\/projetscitoyens.francas71.org\/wp-content\/uploads\/2014\/11\/DSC_0334.jpg?w=1944 1944w, https:\/\/i0.wp.com\/projetscitoyens.francas71.org\/wp-content\/uploads\/2014\/11\/DSC_0334.jpg?w=1280 1280w\" sizes=\"(max-width: 225px) 100vw, 225px\" data-recalc-dims=\"1\" \/><\/a><span style=\"text-decoration: underline;\"><strong>Pr\u00e9sentation de l&rsquo;affiche\u00a0: <\/strong><\/span><\/p>\n<p align=\"CENTER\"><span style=\"text-decoration: underline;\"><strong>Vue par les enfants\u00a0: <\/strong><\/span><\/p>\n<p align=\"CENTER\">Nous avons choisis ce droit car ce n&rsquo;est pas bien de se moquer des autres. Ce devoir montre que ceux qui se moquent sont punis. Nous avons r\u00e9partis les r\u00f4les pour tous participer.<\/p>\n<p align=\"CENTER\"><span style=\"text-decoration: underline;\"><strong>Vue par l&rsquo;accompagnateur du projet\u00a0: <\/strong><\/span><\/p>\n<p align=\"CENTER\">Les enfants ont choisis d&rsquo;\u00e9voquer les moqueries pr\u00e9sentes dans la cour de r\u00e9cr\u00e9ation pour illustrer leur affiche. Je pense que ce sujet est important pour eux.<\/p>\n<p align=\"CENTER\"><span style=\"text-decoration: underline;\"><strong>Auteurs\u00a0:<\/strong><\/span><\/p>\n<p align=\"CENTER\">Basile \u2013 9 ans<\/p>\n<p align=\"CENTER\">Victor \u2013 9 ans<\/p>\n<p align=\"CENTER\">Maxime \u2013 10 ans<\/p>\n<p align=\"CENTER\">Melvin \u2013 10 ans<\/p>\n<p align=\"CENTER\">Esteban \u2013 9 ans<\/p>\n<p align=\"CENTER\">Semid \u2013 10 ans<\/p>\n<p align=\"CENTER\">\n","protected":false},"excerpt":{"rendered":"<p>Pr\u00e9sentation de l&rsquo;affiche\u00a0: Vue par les enfants\u00a0: Nous avons choisis ce droit car ce n&rsquo;est pas bien de se moquer des autres. Ce devoir montre que ceux qui se moquent sont punis. Nous avons r\u00e9partis les r\u00f4les pour tous participer. Vue par l&rsquo;accompagnateur du projet\u00a0: Les enfants ont choisis d&rsquo;\u00e9voquer les moqueries pr\u00e9sentes dans la cour de r\u00e9cr\u00e9ation pour illustrer leur affiche. Je pense que ce sujet est important pour eux. Auteurs\u00a0: Basile \u2013 9 ans Victor \u2013 9 ans&#8230;<\/p>\n<p class=\"read-more\"><a class=\"btn btn-default\" href=\"http:\/\/projetscitoyens.francas71.org\/?p=1607\" onclick=\"return TrackClick('http%3A%2F%2Fprojetscitoyens.francas71.org%2F%3Fp%3D1607','Lire+la+suite+Lire+la+suite')\">Lire la suite<span class=\"screen-reader-text\"> Lire la suite<\/span><\/a><\/p>\n","protected":false},"author":1,"featured_media":1605,"comment_status":"open","ping_status":"open","sticky":false,"template":"","format":"standard","meta":{"jetpack_post_was_ever_published":false,"_jetpack_newsletter_access":"","_jetpack_dont_email_post_to_subs":false,"_jetpack_newsletter_tier_id":0,"_jetpack_memberships_contains_paywalled_content":false,"_jetpack_memberships_contains_paid_content":false,"footnotes":"","jetpack_publicize_message":"","jetpack_publicize_feature_enabled":true,"jetpack_social_post_already_shared":false,"jetpack_social_options":{"image_generator_settings":{"template":"highway","enabled":false},"version":2}},"categories":[119,166],"tags":[16,27,31,150,136,49,123,53,62,174,78],"class_list":["post-1607","post","type-post","status-publish","format-standard","has-post-thumbnail","hentry","category-agis-pour-tes-droits-2","category-2014-les-droits-de-lenfant","tag-agis","tag-centres-de-loisirs","tag-cide","tag-citoyennete","tag-droits-de-lenfant","tag-ecoles","tag-education","tag-enfants","tag-francas","tag-affiches","tag-lycee"],"jetpack_publicize_connections":[],"jetpack_featured_media_url":"https:\/\/i0.wp.com\/projetscitoyens.francas71.org\/wp-content\/uploads\/2014\/11\/DSC_0334.jpg?fit=1944%2C2592","jetpack_sharing_enabled":true,"jetpack_shortlink":"https:\/\/wp.me\/p6M0zG-pV","jetpack-related-posts":[],"jetpack_likes_enabled":true,"_links":{"self":[{"href":"http:\/\/projetscitoyens.francas71.org\/index.php?rest_route=\/wp\/v2\/posts\/1607"}],"collection":[{"href":"http:\/\/projetscitoyens.francas71.org\/index.php?rest_route=\/wp\/v2\/posts"}],"about":[{"href":"http:\/\/projetscitoyens.francas71.org\/index.php?rest_route=\/wp\/v2\/types\/post"}],"author":[{"embeddable":true,"href":"http:\/\/projetscitoyens.francas71.org\/index.php?rest_route=\/wp\/v2\/users\/1"}],"replies":[{"embeddable":true,"href":"http:\/\/projetscitoyens.francas71.org\/index.php?rest_route=%2Fwp%2Fv2%2Fcomments&post=1607"}],"version-history":[{"count":9,"href":"http:\/\/projetscitoyens.francas71.org\/index.php?rest_route=\/wp\/v2\/posts\/1607\/revisions"}],"predecessor-version":[{"id":2981,"href":"http:\/\/projetscitoyens.francas71.org\/index.php?rest_route=\/wp\/v2\/posts\/1607\/revisions\/2981"}],"wp:featuredmedia":[{"embeddable":true,"href":"http:\/\/projetscitoyens.francas71.org\/index.php?rest_route=\/wp\/v2\/media\/1605"}],"wp:attachment":[{"href":"http:\/\/projetscitoyens.francas71.org\/index.php?rest_route=%2Fwp%2Fv2%2Fmedia&parent=1607"}],"wp:term":[{"taxonomy":"category","embeddable":true,"href":"http:\/\/projetscitoyens.francas71.org\/index.php?rest_route=%2Fwp%2Fv2%2Fcategories&post=1607"},{"taxonomy":"post_tag","embeddable":true,"href":"http:\/\/projetscitoyens.francas71.org\/index.php?rest_route=%2Fwp%2Fv2%2Ftags&post=1607"}],"curies":[{"name":"wp","href":"https:\/\/api.w.org\/{rel}","templated":true}]}}