{"id":1636,"date":"2014-11-05T14:40:14","date_gmt":"2014-11-05T13:40:14","guid":{"rendered":"http:\/\/www.francas71.org\/projetscitoyens\/?p=1636"},"modified":"2019-12-16T14:41:29","modified_gmt":"2019-12-16T13:41:29","slug":"affiche-2014-ecole-annexe-macon-activites-periscolaires-3","status":"publish","type":"post","link":"http:\/\/projetscitoyens.francas71.org\/?p=1636","title":{"rendered":"Affiche 2014 : \u00ab\u00a0J&rsquo;ai le droit \u00e0 ma vie priv\u00e9e\u00a0\u00bb &#8211; Ecole Annexe &#8211; M\u00e2con &#8211; activit\u00e9s p\u00e9riscolaires &#8211; cat 3"},"content":{"rendered":"<p><a href=\"https:\/\/i0.wp.com\/www.francas71.org\/projetscitoyens\/wp-content\/uploads\/2014\/11\/DSC_0330.jpg\" onclick=\"return TrackClick('http%3A%2F%2Fwww.francas71.org%2Fprojetscitoyens%2Fwp-content%2Fuploads%2F2014%2F11%2FDSC_0330.jpg','J')\"><img loading=\"lazy\" decoding=\"async\" data-attachment-id=\"1618\" data-permalink=\"http:\/\/projetscitoyens.francas71.org\/?attachment_id=1618\" data-orig-file=\"https:\/\/i0.wp.com\/projetscitoyens.francas71.org\/wp-content\/uploads\/2014\/11\/DSC_0330.jpg?fit=2592%2C1944\" data-orig-size=\"2592,1944\" data-comments-opened=\"1\" data-image-meta=\"{&quot;aperture&quot;:&quot;3.59&quot;,&quot;credit&quot;:&quot;&quot;,&quot;camera&quot;:&quot;ST25i&quot;,&quot;caption&quot;:&quot;&quot;,&quot;created_timestamp&quot;:&quot;0&quot;,&quot;copyright&quot;:&quot;&quot;,&quot;focal_length&quot;:&quot;3.59&quot;,&quot;iso&quot;:&quot;0&quot;,&quot;shutter_speed&quot;:&quot;0&quot;,&quot;title&quot;:&quot;&quot;}\" data-image-title=\"J&amp;rsquo;ai le droit \u00e0 ma vie priv\u00e9e (\u00e9cole annexe &#8211; M\u00e2con)\" data-image-description=\"\" data-image-caption=\"\" data-medium-file=\"https:\/\/i0.wp.com\/projetscitoyens.francas71.org\/wp-content\/uploads\/2014\/11\/DSC_0330.jpg?fit=300%2C225\" data-large-file=\"https:\/\/i0.wp.com\/projetscitoyens.francas71.org\/wp-content\/uploads\/2014\/11\/DSC_0330.jpg?fit=640%2C480\" tabindex=\"0\" role=\"button\" class=\"aligncenter size-medium wp-image-1618\" title=\"J'ai le droit \u00e0 ma vie priv\u00e9e (\u00e9cole annexe - M\u00e2con)\" src=\"https:\/\/i0.wp.com\/www.francas71.org\/projetscitoyens\/wp-content\/uploads\/2014\/11\/DSC_0330-300x225.jpg?resize=300%2C225\" alt=\"\" width=\"300\" height=\"225\" srcset=\"https:\/\/i0.wp.com\/projetscitoyens.francas71.org\/wp-content\/uploads\/2014\/11\/DSC_0330.jpg?resize=300%2C225 300w, https:\/\/i0.wp.com\/projetscitoyens.francas71.org\/wp-content\/uploads\/2014\/11\/DSC_0330.jpg?resize=1024%2C768 1024w, https:\/\/i0.wp.com\/projetscitoyens.francas71.org\/wp-content\/uploads\/2014\/11\/DSC_0330.jpg?w=1280 1280w, https:\/\/i0.wp.com\/projetscitoyens.francas71.org\/wp-content\/uploads\/2014\/11\/DSC_0330.jpg?w=1920 1920w\" sizes=\"(max-width: 300px) 100vw, 300px\" data-recalc-dims=\"1\" \/><\/a><\/p>\n<p align=\"CENTER\"><span style=\"text-decoration: underline;\"><strong>Pr\u00e9sentation de l&rsquo;affiche\u00a0: <\/strong><\/span><\/p>\n<p align=\"CENTER\"><span style=\"text-decoration: underline;\"><strong>Vue par les enfants\u00a0: <\/strong><\/span><\/p>\n<p align=\"CENTER\">\u00a0On a choisi \u00ab\u00a0j&rsquo;ai le droit \u00e0 ma vie priv\u00e9e\u00a0\u00bb parce-qu&rsquo;on pense que tout le monde a le droit \u00e0 son intimit\u00e9 et de ne pas montrer ce qu&rsquo;il fait.<\/p>\n<p align=\"CENTER\"><span style=\"text-decoration: underline;\"><strong>Vue par l&rsquo;accompagnateur du projet\u00a0: <\/strong><\/span><\/p>\n<p align=\"CENTER\">\u00a0Au cours de 3 ou 4 s\u00e9ances, nous avons propos\u00e9 aux enfants de discuter autour du th\u00e8me des droits de l&rsquo;enfant afin qu&rsquo;ils comprennent mieux de quoi il s&rsquo;agit et leur permettre d&rsquo;exprimer leurs opinions<\/p>\n<p align=\"CENTER\">Nous leur avons propos\u00e9 de participer au concours. Ils ont accept\u00e9 tr\u00e8s rapidement et ont trouv\u00e9 la motivation de travailler en \u00e9quipe et proposer leurs propres affiches.<\/p>\n<p align=\"CENTER\">Nous leur avons fait choisir un seul droit pour r\u00e9aliser leurs travaux afin de ne pas partir dans tous les sens. Nous leur avons ensuite propos\u00e9 d&rsquo;\u00e9crire chaque mot qui leur faisait penser au droit choisi<\/p>\n<p align=\"CENTER\">Ils se sont ensuite lanc\u00e9s dans la production en se r\u00e9partissant les r\u00f4les<\/p>\n<p align=\"CENTER\"><span style=\"text-decoration: underline;\"><strong>Auteurs\u00a0:<\/strong><\/span><\/p>\n<p align=\"CENTER\">Yaren &#8211; 10 ans<\/p>\n<p align=\"CENTER\">Senanur &#8211; 11 ans<\/p>\n<p align=\"CENTER\">Enes &#8211; 10 ans<\/p>\n<p align=\"CENTER\">Marwan &#8211; 10 ans<\/p>\n<p align=\"CENTER\">Corentin &#8211; 10 ans<\/p>\n","protected":false},"excerpt":{"rendered":"<p>Pr\u00e9sentation de l&rsquo;affiche\u00a0: Vue par les enfants\u00a0: \u00a0On a choisi \u00ab\u00a0j&rsquo;ai le droit \u00e0 ma vie priv\u00e9e\u00a0\u00bb parce-qu&rsquo;on pense que tout le monde a le droit \u00e0 son intimit\u00e9 et de ne pas montrer ce qu&rsquo;il fait. Vue par l&rsquo;accompagnateur du projet\u00a0: \u00a0Au cours de 3 ou 4 s\u00e9ances, nous avons propos\u00e9 aux enfants de discuter autour du th\u00e8me des droits de l&rsquo;enfant afin qu&rsquo;ils comprennent mieux de quoi il s&rsquo;agit et leur permettre d&rsquo;exprimer leurs opinions Nous leur avons&#8230;<\/p>\n<p class=\"read-more\"><a class=\"btn btn-default\" href=\"http:\/\/projetscitoyens.francas71.org\/?p=1636\" onclick=\"return TrackClick('http%3A%2F%2Fprojetscitoyens.francas71.org%2F%3Fp%3D1636','Lire+la+suite+Lire+la+suite')\">Lire la suite<span class=\"screen-reader-text\"> Lire la suite<\/span><\/a><\/p>\n","protected":false},"author":1,"featured_media":1618,"comment_status":"open","ping_status":"open","sticky":false,"template":"","format":"standard","meta":{"jetpack_post_was_ever_published":false,"_jetpack_newsletter_access":"","_jetpack_dont_email_post_to_subs":false,"_jetpack_newsletter_tier_id":0,"_jetpack_memberships_contains_paywalled_content":false,"_jetpack_memberships_contains_paid_content":false,"footnotes":"","jetpack_publicize_message":"","jetpack_publicize_feature_enabled":true,"jetpack_social_post_already_shared":false,"jetpack_social_options":{"image_generator_settings":{"template":"highway","enabled":false},"version":2}},"categories":[119,166],"tags":[16,27,31,150,34,136,49,123,53,129,62,72,174,78],"class_list":["post-1636","post","type-post","status-publish","format-standard","has-post-thumbnail","hentry","category-agis-pour-tes-droits-2","category-2014-les-droits-de-lenfant","tag-agis","tag-centres-de-loisirs","tag-cide","tag-citoyennete","tag-college","tag-droits-de-lenfant","tag-ecoles","tag-education","tag-enfants","tag-engagement","tag-francas","tag-jeunes","tag-affiches","tag-lycee"],"jetpack_publicize_connections":[],"jetpack_featured_media_url":"https:\/\/i0.wp.com\/projetscitoyens.francas71.org\/wp-content\/uploads\/2014\/11\/DSC_0330.jpg?fit=2592%2C1944","jetpack_sharing_enabled":true,"jetpack_shortlink":"https:\/\/wp.me\/p6M0zG-qo","jetpack-related-posts":[],"jetpack_likes_enabled":true,"_links":{"self":[{"href":"http:\/\/projetscitoyens.francas71.org\/index.php?rest_route=\/wp\/v2\/posts\/1636"}],"collection":[{"href":"http:\/\/projetscitoyens.francas71.org\/index.php?rest_route=\/wp\/v2\/posts"}],"about":[{"href":"http:\/\/projetscitoyens.francas71.org\/index.php?rest_route=\/wp\/v2\/types\/post"}],"author":[{"embeddable":true,"href":"http:\/\/projetscitoyens.francas71.org\/index.php?rest_route=\/wp\/v2\/users\/1"}],"replies":[{"embeddable":true,"href":"http:\/\/projetscitoyens.francas71.org\/index.php?rest_route=%2Fwp%2Fv2%2Fcomments&post=1636"}],"version-history":[{"count":5,"href":"http:\/\/projetscitoyens.francas71.org\/index.php?rest_route=\/wp\/v2\/posts\/1636\/revisions"}],"predecessor-version":[{"id":2985,"href":"http:\/\/projetscitoyens.francas71.org\/index.php?rest_route=\/wp\/v2\/posts\/1636\/revisions\/2985"}],"wp:featuredmedia":[{"embeddable":true,"href":"http:\/\/projetscitoyens.francas71.org\/index.php?rest_route=\/wp\/v2\/media\/1618"}],"wp:attachment":[{"href":"http:\/\/projetscitoyens.francas71.org\/index.php?rest_route=%2Fwp%2Fv2%2Fmedia&parent=1636"}],"wp:term":[{"taxonomy":"category","embeddable":true,"href":"http:\/\/projetscitoyens.francas71.org\/index.php?rest_route=%2Fwp%2Fv2%2Fcategories&post=1636"},{"taxonomy":"post_tag","embeddable":true,"href":"http:\/\/projetscitoyens.francas71.org\/index.php?rest_route=%2Fwp%2Fv2%2Ftags&post=1636"}],"curies":[{"name":"wp","href":"https:\/\/api.w.org\/{rel}","templated":true}]}}