{"id":1648,"date":"2014-11-05T16:18:43","date_gmt":"2014-11-05T15:18:43","guid":{"rendered":"http:\/\/www.francas71.org\/projetscitoyens\/?p=1648"},"modified":"2019-12-16T14:42:49","modified_gmt":"2019-12-16T13:42:49","slug":"affiches-2014-club-unesco-college-jean-moulin-marcigny","status":"publish","type":"post","link":"http:\/\/projetscitoyens.francas71.org\/?p=1648","title":{"rendered":"Affiches 2014 : \u00ab\u00a0On est tous pareils, on se ressemble !\u00a0\u00bb &#8211; Club UNESCO &#8211; coll\u00e8ge Jean Moulin &#8211; Marcigny &#8211; cat 4"},"content":{"rendered":"<p><a href=\"https:\/\/i0.wp.com\/www.francas71.org\/projetscitoyens\/wp-content\/uploads\/2014\/11\/DSC_0325.jpg\" onclick=\"return TrackClick('http%3A%2F%2Fwww.francas71.org%2Fprojetscitoyens%2Fwp-content%2Fuploads%2F2014%2F11%2FDSC_0325.jpg','On+est+tous+pareil%2C+on+se+ressemble+%21+%28club+UNESCO+-+coll%C3%A8ge+Jean+Moulin+-+Marcigny%29')\"><img loading=\"lazy\" decoding=\"async\" data-attachment-id=\"1623\" data-permalink=\"http:\/\/projetscitoyens.francas71.org\/?attachment_id=1623\" data-orig-file=\"https:\/\/i0.wp.com\/projetscitoyens.francas71.org\/wp-content\/uploads\/2014\/11\/DSC_0325.jpg?fit=2592%2C1944\" data-orig-size=\"2592,1944\" data-comments-opened=\"1\" data-image-meta=\"{&quot;aperture&quot;:&quot;3.59&quot;,&quot;credit&quot;:&quot;&quot;,&quot;camera&quot;:&quot;ST25i&quot;,&quot;caption&quot;:&quot;&quot;,&quot;created_timestamp&quot;:&quot;0&quot;,&quot;copyright&quot;:&quot;&quot;,&quot;focal_length&quot;:&quot;3.59&quot;,&quot;iso&quot;:&quot;0&quot;,&quot;shutter_speed&quot;:&quot;0&quot;,&quot;title&quot;:&quot;&quot;}\" data-image-title=\"On est tous pareil, on se ressemble ! (club UNESCO &#8211; coll\u00e8ge Jean Moulin &#8211; Marcigny)\" data-image-description=\"\" data-image-caption=\"\" data-medium-file=\"https:\/\/i0.wp.com\/projetscitoyens.francas71.org\/wp-content\/uploads\/2014\/11\/DSC_0325.jpg?fit=300%2C225\" data-large-file=\"https:\/\/i0.wp.com\/projetscitoyens.francas71.org\/wp-content\/uploads\/2014\/11\/DSC_0325.jpg?fit=640%2C480\" tabindex=\"0\" role=\"button\" class=\"aligncenter size-medium wp-image-1623\" title=\"On est tous pareil, on se ressemble ! (club UNESCO - coll\u00e8ge Jean Moulin - Marcigny)\" src=\"https:\/\/i0.wp.com\/www.francas71.org\/projetscitoyens\/wp-content\/uploads\/2014\/11\/DSC_0325-300x225.jpg?resize=300%2C225\" alt=\"\" width=\"300\" height=\"225\" srcset=\"https:\/\/i0.wp.com\/projetscitoyens.francas71.org\/wp-content\/uploads\/2014\/11\/DSC_0325.jpg?resize=300%2C225 300w, https:\/\/i0.wp.com\/projetscitoyens.francas71.org\/wp-content\/uploads\/2014\/11\/DSC_0325.jpg?resize=1024%2C768 1024w, https:\/\/i0.wp.com\/projetscitoyens.francas71.org\/wp-content\/uploads\/2014\/11\/DSC_0325.jpg?w=1280 1280w, https:\/\/i0.wp.com\/projetscitoyens.francas71.org\/wp-content\/uploads\/2014\/11\/DSC_0325.jpg?w=1920 1920w\" sizes=\"(max-width: 300px) 100vw, 300px\" data-recalc-dims=\"1\" \/><\/a><\/p>\n<p align=\"CENTER\"><span style=\"text-decoration: underline;\"><strong>Pr\u00e9sentation de l&rsquo;affiche\u00a0: <\/strong><\/span><\/p>\n<p align=\"CENTER\"><span style=\"text-decoration: underline;\"><strong>Vue par les enfants\u00a0: <\/strong><\/span><\/p>\n<p align=\"CENTER\">\u00a0J&rsquo;ai voulu travailler sur le racisme. Faire les bonhommes pareils mais les diff\u00e9rencier par les drapeaux<\/p>\n<p align=\"CENTER\"><span style=\"text-decoration: underline;\"><strong>Vue par l&rsquo;accompagnateur du projet\u00a0: <\/strong><\/span><\/p>\n<p align=\"CENTER\">\u00a0Le travail \u00e0 \u00e9t\u00e9 uniquement fait \u00e0 la maison avec des feutres sp\u00e9ciaux<\/p>\n<p align=\"CENTER\"><span style=\"text-decoration: underline;\"><strong>Auteur :<\/strong><\/span><\/p>\n<p align=\"CENTER\">In\u00e8s &#8211; 12 ans<\/p>\n","protected":false},"excerpt":{"rendered":"<p>Pr\u00e9sentation de l&rsquo;affiche\u00a0: Vue par les enfants\u00a0: \u00a0J&rsquo;ai voulu travailler sur le racisme. Faire les bonhommes pareils mais les diff\u00e9rencier par les drapeaux Vue par l&rsquo;accompagnateur du projet\u00a0: \u00a0Le travail \u00e0 \u00e9t\u00e9 uniquement fait \u00e0 la maison avec des feutres sp\u00e9ciaux Auteur : In\u00e8s &#8211; 12 ans<\/p>\n","protected":false},"author":1,"featured_media":1623,"comment_status":"open","ping_status":"open","sticky":false,"template":"","format":"standard","meta":{"jetpack_post_was_ever_published":false,"_jetpack_newsletter_access":"","_jetpack_dont_email_post_to_subs":false,"_jetpack_newsletter_tier_id":0,"_jetpack_memberships_contains_paywalled_content":false,"_jetpack_memberships_contains_paid_content":false,"footnotes":"","jetpack_publicize_message":"","jetpack_publicize_feature_enabled":true,"jetpack_social_post_already_shared":false,"jetpack_social_options":{"image_generator_settings":{"template":"highway","enabled":false},"version":2}},"categories":[119,166],"tags":[13,16,27,31,150,34,136,49,123,53,62,72,174,78],"class_list":["post-1648","post","type-post","status-publish","format-standard","has-post-thumbnail","hentry","category-agis-pour-tes-droits-2","category-2014-les-droits-de-lenfant","tag-action","tag-agis","tag-centres-de-loisirs","tag-cide","tag-citoyennete","tag-college","tag-droits-de-lenfant","tag-ecoles","tag-education","tag-enfants","tag-francas","tag-jeunes","tag-affiches","tag-lycee"],"jetpack_publicize_connections":[],"jetpack_featured_media_url":"https:\/\/i0.wp.com\/projetscitoyens.francas71.org\/wp-content\/uploads\/2014\/11\/DSC_0325.jpg?fit=2592%2C1944","jetpack_sharing_enabled":true,"jetpack_shortlink":"https:\/\/wp.me\/p6M0zG-qA","jetpack-related-posts":[],"jetpack_likes_enabled":true,"_links":{"self":[{"href":"http:\/\/projetscitoyens.francas71.org\/index.php?rest_route=\/wp\/v2\/posts\/1648"}],"collection":[{"href":"http:\/\/projetscitoyens.francas71.org\/index.php?rest_route=\/wp\/v2\/posts"}],"about":[{"href":"http:\/\/projetscitoyens.francas71.org\/index.php?rest_route=\/wp\/v2\/types\/post"}],"author":[{"embeddable":true,"href":"http:\/\/projetscitoyens.francas71.org\/index.php?rest_route=\/wp\/v2\/users\/1"}],"replies":[{"embeddable":true,"href":"http:\/\/projetscitoyens.francas71.org\/index.php?rest_route=%2Fwp%2Fv2%2Fcomments&post=1648"}],"version-history":[{"count":5,"href":"http:\/\/projetscitoyens.francas71.org\/index.php?rest_route=\/wp\/v2\/posts\/1648\/revisions"}],"predecessor-version":[{"id":2990,"href":"http:\/\/projetscitoyens.francas71.org\/index.php?rest_route=\/wp\/v2\/posts\/1648\/revisions\/2990"}],"wp:featuredmedia":[{"embeddable":true,"href":"http:\/\/projetscitoyens.francas71.org\/index.php?rest_route=\/wp\/v2\/media\/1623"}],"wp:attachment":[{"href":"http:\/\/projetscitoyens.francas71.org\/index.php?rest_route=%2Fwp%2Fv2%2Fmedia&parent=1648"}],"wp:term":[{"taxonomy":"category","embeddable":true,"href":"http:\/\/projetscitoyens.francas71.org\/index.php?rest_route=%2Fwp%2Fv2%2Fcategories&post=1648"},{"taxonomy":"post_tag","embeddable":true,"href":"http:\/\/projetscitoyens.francas71.org\/index.php?rest_route=%2Fwp%2Fv2%2Ftags&post=1648"}],"curies":[{"name":"wp","href":"https:\/\/api.w.org\/{rel}","templated":true}]}}