{"id":1657,"date":"2014-11-12T09:55:53","date_gmt":"2014-11-12T08:55:53","guid":{"rendered":"http:\/\/www.francas71.org\/projetscitoyens\/?p=1657"},"modified":"2019-12-16T14:43:15","modified_gmt":"2019-12-16T13:43:15","slug":"affiches-2014-club-unesco-college-jean-moulin-marcigny-3","status":"publish","type":"post","link":"http:\/\/projetscitoyens.francas71.org\/?p=1657","title":{"rendered":"Affiches 2014 : \u00ab\u00a0Un toit pour toi Un toit pour moi\u00a0\u00bb &#8211; Club UNESCO &#8211; coll\u00e8ge Jean Moulin &#8211; Marcigny &#8211; cat 4"},"content":{"rendered":"<p><a href=\"https:\/\/i0.wp.com\/www.francas71.org\/projetscitoyens\/wp-content\/uploads\/2014\/11\/DSC_0322.jpg\" onclick=\"return TrackClick('http%3A%2F%2Fwww.francas71.org%2Fprojetscitoyens%2Fwp-content%2Fuploads%2F2014%2F11%2FDSC_0322.jpg','Un+toit+pour+toi.+Un+toit+pour+moi.+%28club+UNESCO+-+coll%C3%A8ge+Jean+Moulin+-+Marcigny%29')\"><img loading=\"lazy\" decoding=\"async\" data-attachment-id=\"1626\" data-permalink=\"http:\/\/projetscitoyens.francas71.org\/?attachment_id=1626\" data-orig-file=\"https:\/\/i0.wp.com\/projetscitoyens.francas71.org\/wp-content\/uploads\/2014\/11\/DSC_0322.jpg?fit=2592%2C1944\" data-orig-size=\"2592,1944\" data-comments-opened=\"1\" data-image-meta=\"{&quot;aperture&quot;:&quot;2.6&quot;,&quot;credit&quot;:&quot;&quot;,&quot;camera&quot;:&quot;ST25i&quot;,&quot;caption&quot;:&quot;&quot;,&quot;created_timestamp&quot;:&quot;1415099319&quot;,&quot;copyright&quot;:&quot;&quot;,&quot;focal_length&quot;:&quot;3.59&quot;,&quot;iso&quot;:&quot;200&quot;,&quot;shutter_speed&quot;:&quot;0.05&quot;,&quot;title&quot;:&quot;&quot;}\" data-image-title=\"Un toit pour toi. Un toit pour moi. (club UNESCO &#8211; coll\u00e8ge Jean Moulin &#8211; Marcigny)\" data-image-description=\"\" data-image-caption=\"\" data-medium-file=\"https:\/\/i0.wp.com\/projetscitoyens.francas71.org\/wp-content\/uploads\/2014\/11\/DSC_0322.jpg?fit=300%2C225\" data-large-file=\"https:\/\/i0.wp.com\/projetscitoyens.francas71.org\/wp-content\/uploads\/2014\/11\/DSC_0322.jpg?fit=640%2C480\" tabindex=\"0\" role=\"button\" class=\"aligncenter size-medium wp-image-1626\" title=\"Un toit pour toi. Un toit pour moi. (club UNESCO - coll\u00e8ge Jean Moulin - Marcigny)\" src=\"https:\/\/i0.wp.com\/www.francas71.org\/projetscitoyens\/wp-content\/uploads\/2014\/11\/DSC_0322-300x225.jpg?resize=300%2C225\" alt=\"\" width=\"300\" height=\"225\" srcset=\"https:\/\/i0.wp.com\/projetscitoyens.francas71.org\/wp-content\/uploads\/2014\/11\/DSC_0322.jpg?resize=300%2C225 300w, https:\/\/i0.wp.com\/projetscitoyens.francas71.org\/wp-content\/uploads\/2014\/11\/DSC_0322.jpg?resize=1024%2C768 1024w, https:\/\/i0.wp.com\/projetscitoyens.francas71.org\/wp-content\/uploads\/2014\/11\/DSC_0322.jpg?w=1280 1280w, https:\/\/i0.wp.com\/projetscitoyens.francas71.org\/wp-content\/uploads\/2014\/11\/DSC_0322.jpg?w=1920 1920w\" sizes=\"(max-width: 300px) 100vw, 300px\" data-recalc-dims=\"1\" \/><\/a><\/p>\n<p align=\"CENTER\"><span style=\"text-decoration: underline;\"><strong>Pr\u00e9sentation de l&rsquo;affiche\u00a0:<\/strong><\/span><\/p>\n<p align=\"CENTER\"><span style=\"text-decoration: underline;\"><strong>Vue par les enfants\u00a0:<\/strong><\/span><\/p>\n<p align=\"CENTER\">J&rsquo;ai choisi ce droit car pour moi tout le monde doit pouvoir manger \u00e0 sa faim et \u00eatre \u00e0 l&rsquo;abri des intemp\u00e9ries.<\/p>\n<p align=\"CENTER\"><span style=\"text-decoration: underline;\"><strong>Vue par l&rsquo;accompagnateur du projet\u00a0:<\/strong><\/span><\/p>\n<p align=\"CENTER\">Shani savait que le droit d&rsquo;avoir un toit et un repas avait d\u00e9j\u00e0 \u00e9t\u00e9 trait\u00e9 par un autre groupe mais elle \u00e0 voulu faire sa propre affiche parce que touch\u00e9e personnellement par ce th\u00e8me.<\/p>\n<p align=\"CENTER\"><span style=\"text-decoration: underline;\"><strong>Auteurs\u00a0:<\/strong><\/span><\/p>\n<p align=\"CENTER\">Shani &#8211; 11 ans<\/p>\n","protected":false},"excerpt":{"rendered":"<p>Pr\u00e9sentation de l&rsquo;affiche\u00a0: Vue par les enfants\u00a0: J&rsquo;ai choisi ce droit car pour moi tout le monde doit pouvoir manger \u00e0 sa faim et \u00eatre \u00e0 l&rsquo;abri des intemp\u00e9ries. Vue par l&rsquo;accompagnateur du projet\u00a0: Shani savait que le droit d&rsquo;avoir un toit et un repas avait d\u00e9j\u00e0 \u00e9t\u00e9 trait\u00e9 par un autre groupe mais elle \u00e0 voulu faire sa propre affiche parce que touch\u00e9e personnellement par ce th\u00e8me. Auteurs\u00a0: Shani &#8211; 11 ans<\/p>\n","protected":false},"author":1,"featured_media":1626,"comment_status":"open","ping_status":"open","sticky":false,"template":"","format":"standard","meta":{"jetpack_post_was_ever_published":false,"_jetpack_newsletter_access":"","_jetpack_dont_email_post_to_subs":false,"_jetpack_newsletter_tier_id":0,"_jetpack_memberships_contains_paywalled_content":false,"_jetpack_memberships_contains_paid_content":false,"footnotes":"","jetpack_publicize_message":"","jetpack_publicize_feature_enabled":true,"jetpack_social_post_already_shared":false,"jetpack_social_options":{"image_generator_settings":{"template":"highway","enabled":false},"version":2}},"categories":[119,166],"tags":[13,14,16,27,31,150,34,136,49,123,53,62,72,78],"class_list":["post-1657","post","type-post","status-publish","format-standard","has-post-thumbnail","hentry","category-agis-pour-tes-droits-2","category-2014-les-droits-de-lenfant","tag-action","tag-affiche","tag-agis","tag-centres-de-loisirs","tag-cide","tag-citoyennete","tag-college","tag-droits-de-lenfant","tag-ecoles","tag-education","tag-enfants","tag-francas","tag-jeunes","tag-lycee"],"jetpack_publicize_connections":[],"jetpack_featured_media_url":"https:\/\/i0.wp.com\/projetscitoyens.francas71.org\/wp-content\/uploads\/2014\/11\/DSC_0322.jpg?fit=2592%2C1944","jetpack_sharing_enabled":true,"jetpack_shortlink":"https:\/\/wp.me\/p6M0zG-qJ","jetpack-related-posts":[],"jetpack_likes_enabled":true,"_links":{"self":[{"href":"http:\/\/projetscitoyens.francas71.org\/index.php?rest_route=\/wp\/v2\/posts\/1657"}],"collection":[{"href":"http:\/\/projetscitoyens.francas71.org\/index.php?rest_route=\/wp\/v2\/posts"}],"about":[{"href":"http:\/\/projetscitoyens.francas71.org\/index.php?rest_route=\/wp\/v2\/types\/post"}],"author":[{"embeddable":true,"href":"http:\/\/projetscitoyens.francas71.org\/index.php?rest_route=\/wp\/v2\/users\/1"}],"replies":[{"embeddable":true,"href":"http:\/\/projetscitoyens.francas71.org\/index.php?rest_route=%2Fwp%2Fv2%2Fcomments&post=1657"}],"version-history":[{"count":5,"href":"http:\/\/projetscitoyens.francas71.org\/index.php?rest_route=\/wp\/v2\/posts\/1657\/revisions"}],"predecessor-version":[{"id":2993,"href":"http:\/\/projetscitoyens.francas71.org\/index.php?rest_route=\/wp\/v2\/posts\/1657\/revisions\/2993"}],"wp:featuredmedia":[{"embeddable":true,"href":"http:\/\/projetscitoyens.francas71.org\/index.php?rest_route=\/wp\/v2\/media\/1626"}],"wp:attachment":[{"href":"http:\/\/projetscitoyens.francas71.org\/index.php?rest_route=%2Fwp%2Fv2%2Fmedia&parent=1657"}],"wp:term":[{"taxonomy":"category","embeddable":true,"href":"http:\/\/projetscitoyens.francas71.org\/index.php?rest_route=%2Fwp%2Fv2%2Fcategories&post=1657"},{"taxonomy":"post_tag","embeddable":true,"href":"http:\/\/projetscitoyens.francas71.org\/index.php?rest_route=%2Fwp%2Fv2%2Ftags&post=1657"}],"curies":[{"name":"wp","href":"https:\/\/api.w.org\/{rel}","templated":true}]}}