{"id":1659,"date":"2014-11-12T10:03:14","date_gmt":"2014-11-12T09:03:14","guid":{"rendered":"http:\/\/www.francas71.org\/projetscitoyens\/?p=1659"},"modified":"2019-12-16T14:43:21","modified_gmt":"2019-12-16T13:43:21","slug":"affiches-2014-club-unesco-college-jean-moulin-marcigny-4","status":"publish","type":"post","link":"http:\/\/projetscitoyens.francas71.org\/?p=1659","title":{"rendered":"Affiches 2014 : \u00ab\u00a0Je veux m&rsquo;exprimer\u00a0\u00bb &#8211; Club UNESCO &#8211; coll\u00e8ge Jean Moulin &#8211; Marcigny &#8211; cat 4"},"content":{"rendered":"<p><a href=\"https:\/\/i0.wp.com\/www.francas71.org\/projetscitoyens\/wp-content\/uploads\/2014\/11\/DSC_0195.jpg\" onclick=\"return TrackClick('http%3A%2F%2Fwww.francas71.org%2Fprojetscitoyens%2Fwp-content%2Fuploads%2F2014%2F11%2FDSC_0195.jpg','Je+veux+m')\"><img loading=\"lazy\" decoding=\"async\" data-attachment-id=\"1627\" data-permalink=\"http:\/\/projetscitoyens.francas71.org\/?attachment_id=1627\" data-orig-file=\"https:\/\/i0.wp.com\/projetscitoyens.francas71.org\/wp-content\/uploads\/2014\/11\/DSC_0195.jpg?fit=2592%2C1944\" data-orig-size=\"2592,1944\" data-comments-opened=\"1\" data-image-meta=\"{&quot;aperture&quot;:&quot;2.6&quot;,&quot;credit&quot;:&quot;&quot;,&quot;camera&quot;:&quot;ST25i&quot;,&quot;caption&quot;:&quot;&quot;,&quot;created_timestamp&quot;:&quot;1414775447&quot;,&quot;copyright&quot;:&quot;&quot;,&quot;focal_length&quot;:&quot;3.59&quot;,&quot;iso&quot;:&quot;200&quot;,&quot;shutter_speed&quot;:&quot;0.11111111111111&quot;,&quot;title&quot;:&quot;&quot;}\" data-image-title=\"Je veux m&amp;rsquo;exprimer (club UNESCO &#8211; coll\u00e8ge Jean Moulin &#8211; Marcigny)\" data-image-description=\"\" data-image-caption=\"\" data-medium-file=\"https:\/\/i0.wp.com\/projetscitoyens.francas71.org\/wp-content\/uploads\/2014\/11\/DSC_0195.jpg?fit=300%2C225\" data-large-file=\"https:\/\/i0.wp.com\/projetscitoyens.francas71.org\/wp-content\/uploads\/2014\/11\/DSC_0195.jpg?fit=640%2C480\" tabindex=\"0\" role=\"button\" class=\"aligncenter size-medium wp-image-1627\" title=\"Je veux m'exprimer (club UNESCO - coll\u00e8ge Jean Moulin - Marcigny)\" src=\"https:\/\/i0.wp.com\/www.francas71.org\/projetscitoyens\/wp-content\/uploads\/2014\/11\/DSC_0195-300x225.jpg?resize=300%2C225\" alt=\"\" width=\"300\" height=\"225\" srcset=\"https:\/\/i0.wp.com\/projetscitoyens.francas71.org\/wp-content\/uploads\/2014\/11\/DSC_0195.jpg?resize=300%2C225 300w, https:\/\/i0.wp.com\/projetscitoyens.francas71.org\/wp-content\/uploads\/2014\/11\/DSC_0195.jpg?resize=1024%2C768 1024w, https:\/\/i0.wp.com\/projetscitoyens.francas71.org\/wp-content\/uploads\/2014\/11\/DSC_0195.jpg?w=1280 1280w, https:\/\/i0.wp.com\/projetscitoyens.francas71.org\/wp-content\/uploads\/2014\/11\/DSC_0195.jpg?w=1920 1920w\" sizes=\"(max-width: 300px) 100vw, 300px\" data-recalc-dims=\"1\" \/><\/a><\/p>\n<p align=\"CENTER\"><span style=\"text-decoration: underline;\"><strong>Pr\u00e9sentation de l&rsquo;affiche\u00a0:<\/strong><\/span><\/p>\n<p align=\"CENTER\"><span style=\"text-decoration: underline;\"><strong>Vue par les enfants\u00a0:<\/strong><\/span><\/p>\n<p align=\"CENTER\">Nous voulions d\u00e9fendre les droits de l&rsquo;enfant en faisant cette affiche.<\/p>\n<p align=\"CENTER\"><span style=\"text-decoration: underline;\"><strong>Vue par l&rsquo;accompagnateur du projet\u00a0:<\/strong><\/span><\/p>\n<p align=\"CENTER\">C&rsquo;est un des droits les plus demand\u00e9s \u00e0 traiter surtout par les 6\u00e8mes car il faut la connaissance des r\u00e8gles du coll\u00e8ge \u00e0 la fois plus strictes (ne pas se lever pendant les cours, lever la main,&#8230;.) mais aussi plus \u00ab\u00a0l\u00e9galis\u00e9es\u00a0\u00bb (d\u00e9l\u00e9gu\u00e9 de classe, d\u00e9l\u00e9gu\u00e9 au FSE, au conseil d&rsquo;administration, Pr\u00e9sident \u00e9l\u00e8ve des clubs,&#8230;). Ils ont travaill\u00e9 3 fois 20 minutes en club UNESCO plus 3 heures d&rsquo;\u00e9tudes au C.D.I.<\/p>\n<p align=\"CENTER\"><span style=\"text-decoration: underline;\"><strong>Auteurs\u00a0:<\/strong><\/span><\/p>\n<p align=\"CENTER\">Maxime &#8211; 11 ans<\/p>\n<p align=\"CENTER\">B\u00e9r\u00e9nice &#8211; 11 ans<\/p>\n<p align=\"CENTER\">Pierre &#8211; 11 ans<\/p>\n<p align=\"CENTER\">Fr\u00e9d\u00e9rique &#8211; 11 ans<\/p>\n","protected":false},"excerpt":{"rendered":"<p>Pr\u00e9sentation de l&rsquo;affiche\u00a0: Vue par les enfants\u00a0: Nous voulions d\u00e9fendre les droits de l&rsquo;enfant en faisant cette affiche. Vue par l&rsquo;accompagnateur du projet\u00a0: C&rsquo;est un des droits les plus demand\u00e9s \u00e0 traiter surtout par les 6\u00e8mes car il faut la connaissance des r\u00e8gles du coll\u00e8ge \u00e0 la fois plus strictes (ne pas se lever pendant les cours, lever la main,&#8230;.) mais aussi plus \u00ab\u00a0l\u00e9galis\u00e9es\u00a0\u00bb (d\u00e9l\u00e9gu\u00e9 de classe, d\u00e9l\u00e9gu\u00e9 au FSE, au conseil d&rsquo;administration, Pr\u00e9sident \u00e9l\u00e8ve des clubs,&#8230;). Ils ont travaill\u00e9&#8230;<\/p>\n<p class=\"read-more\"><a class=\"btn btn-default\" href=\"http:\/\/projetscitoyens.francas71.org\/?p=1659\" onclick=\"return TrackClick('http%3A%2F%2Fprojetscitoyens.francas71.org%2F%3Fp%3D1659','Lire+la+suite+Lire+la+suite')\">Lire la suite<span class=\"screen-reader-text\"> Lire la suite<\/span><\/a><\/p>\n","protected":false},"author":1,"featured_media":1627,"comment_status":"open","ping_status":"open","sticky":false,"template":"","format":"standard","meta":{"jetpack_post_was_ever_published":false,"_jetpack_newsletter_access":"","_jetpack_dont_email_post_to_subs":false,"_jetpack_newsletter_tier_id":0,"_jetpack_memberships_contains_paywalled_content":false,"_jetpack_memberships_contains_paid_content":false,"footnotes":"","jetpack_publicize_message":"","jetpack_publicize_feature_enabled":true,"jetpack_social_post_already_shared":false,"jetpack_social_options":{"image_generator_settings":{"template":"highway","enabled":false},"version":2}},"categories":[119,166],"tags":[13,14,16,27,31,150,34,136,49,123,53,62,72,78],"class_list":["post-1659","post","type-post","status-publish","format-standard","has-post-thumbnail","hentry","category-agis-pour-tes-droits-2","category-2014-les-droits-de-lenfant","tag-action","tag-affiche","tag-agis","tag-centres-de-loisirs","tag-cide","tag-citoyennete","tag-college","tag-droits-de-lenfant","tag-ecoles","tag-education","tag-enfants","tag-francas","tag-jeunes","tag-lycee"],"jetpack_publicize_connections":[],"jetpack_featured_media_url":"https:\/\/i0.wp.com\/projetscitoyens.francas71.org\/wp-content\/uploads\/2014\/11\/DSC_0195.jpg?fit=2592%2C1944","jetpack_sharing_enabled":true,"jetpack_shortlink":"https:\/\/wp.me\/p6M0zG-qL","jetpack-related-posts":[],"jetpack_likes_enabled":true,"_links":{"self":[{"href":"http:\/\/projetscitoyens.francas71.org\/index.php?rest_route=\/wp\/v2\/posts\/1659"}],"collection":[{"href":"http:\/\/projetscitoyens.francas71.org\/index.php?rest_route=\/wp\/v2\/posts"}],"about":[{"href":"http:\/\/projetscitoyens.francas71.org\/index.php?rest_route=\/wp\/v2\/types\/post"}],"author":[{"embeddable":true,"href":"http:\/\/projetscitoyens.francas71.org\/index.php?rest_route=\/wp\/v2\/users\/1"}],"replies":[{"embeddable":true,"href":"http:\/\/projetscitoyens.francas71.org\/index.php?rest_route=%2Fwp%2Fv2%2Fcomments&post=1659"}],"version-history":[{"count":6,"href":"http:\/\/projetscitoyens.francas71.org\/index.php?rest_route=\/wp\/v2\/posts\/1659\/revisions"}],"predecessor-version":[{"id":2994,"href":"http:\/\/projetscitoyens.francas71.org\/index.php?rest_route=\/wp\/v2\/posts\/1659\/revisions\/2994"}],"wp:featuredmedia":[{"embeddable":true,"href":"http:\/\/projetscitoyens.francas71.org\/index.php?rest_route=\/wp\/v2\/media\/1627"}],"wp:attachment":[{"href":"http:\/\/projetscitoyens.francas71.org\/index.php?rest_route=%2Fwp%2Fv2%2Fmedia&parent=1659"}],"wp:term":[{"taxonomy":"category","embeddable":true,"href":"http:\/\/projetscitoyens.francas71.org\/index.php?rest_route=%2Fwp%2Fv2%2Fcategories&post=1659"},{"taxonomy":"post_tag","embeddable":true,"href":"http:\/\/projetscitoyens.francas71.org\/index.php?rest_route=%2Fwp%2Fv2%2Ftags&post=1659"}],"curies":[{"name":"wp","href":"https:\/\/api.w.org\/{rel}","templated":true}]}}