{"id":1661,"date":"2014-11-12T10:15:52","date_gmt":"2014-11-12T09:15:52","guid":{"rendered":"http:\/\/www.francas71.org\/projetscitoyens\/?p=1661"},"modified":"2019-12-16T14:43:27","modified_gmt":"2019-12-16T13:43:27","slug":"affiche-2014-accueil-de-loisirs-municipal-bourbon-lancy","status":"publish","type":"post","link":"http:\/\/projetscitoyens.francas71.org\/?p=1661","title":{"rendered":"Affiche 2014 : \u00ab\u00a0Tous r\u00e9unis pour la vie !\u00a0\u00bb &#8211; Accueil de loisirs municipal &#8211; Bourbon Lancy &#8211; cat 3"},"content":{"rendered":"<p><a href=\"https:\/\/i0.wp.com\/www.francas71.org\/projetscitoyens\/wp-content\/uploads\/2014\/11\/DSC_0192.jpg\" onclick=\"return TrackClick('http%3A%2F%2Fwww.francas71.org%2Fprojetscitoyens%2Fwp-content%2Fuploads%2F2014%2F11%2FDSC_0192.jpg','Tous+r%C3%A9unis+pour+la+vie+%28Bourbon+Lancy%29')\"><img loading=\"lazy\" decoding=\"async\" data-attachment-id=\"1629\" data-permalink=\"http:\/\/projetscitoyens.francas71.org\/?attachment_id=1629\" data-orig-file=\"https:\/\/i0.wp.com\/projetscitoyens.francas71.org\/wp-content\/uploads\/2014\/11\/DSC_0192.jpg?fit=1944%2C2592\" data-orig-size=\"1944,2592\" data-comments-opened=\"1\" data-image-meta=\"{&quot;aperture&quot;:&quot;2.6&quot;,&quot;credit&quot;:&quot;&quot;,&quot;camera&quot;:&quot;ST25i&quot;,&quot;caption&quot;:&quot;&quot;,&quot;created_timestamp&quot;:&quot;1414774703&quot;,&quot;copyright&quot;:&quot;&quot;,&quot;focal_length&quot;:&quot;3.59&quot;,&quot;iso&quot;:&quot;125&quot;,&quot;shutter_speed&quot;:&quot;0.041666666666667&quot;,&quot;title&quot;:&quot;&quot;}\" data-image-title=\"Tous r\u00e9unis pour la vie (Bourbon Lancy)\" data-image-description=\"\" data-image-caption=\"\" data-medium-file=\"https:\/\/i0.wp.com\/projetscitoyens.francas71.org\/wp-content\/uploads\/2014\/11\/DSC_0192.jpg?fit=225%2C300\" data-large-file=\"https:\/\/i0.wp.com\/projetscitoyens.francas71.org\/wp-content\/uploads\/2014\/11\/DSC_0192.jpg?fit=640%2C853\" tabindex=\"0\" role=\"button\" class=\"aligncenter size-medium wp-image-1629\" title=\"Tous r\u00e9unis pour la vie (Bourbon Lancy)\" src=\"https:\/\/i0.wp.com\/www.francas71.org\/projetscitoyens\/wp-content\/uploads\/2014\/11\/DSC_0192-225x300.jpg?resize=225%2C300\" alt=\"\" width=\"225\" height=\"300\" srcset=\"https:\/\/i0.wp.com\/projetscitoyens.francas71.org\/wp-content\/uploads\/2014\/11\/DSC_0192.jpg?resize=225%2C300 225w, https:\/\/i0.wp.com\/projetscitoyens.francas71.org\/wp-content\/uploads\/2014\/11\/DSC_0192.jpg?resize=768%2C1024 768w, https:\/\/i0.wp.com\/projetscitoyens.francas71.org\/wp-content\/uploads\/2014\/11\/DSC_0192.jpg?resize=1024%2C1365 1024w, https:\/\/i0.wp.com\/projetscitoyens.francas71.org\/wp-content\/uploads\/2014\/11\/DSC_0192.jpg?w=1944 1944w, https:\/\/i0.wp.com\/projetscitoyens.francas71.org\/wp-content\/uploads\/2014\/11\/DSC_0192.jpg?w=1280 1280w\" sizes=\"(max-width: 225px) 100vw, 225px\" data-recalc-dims=\"1\" \/><\/a><\/p>\n<p align=\"CENTER\"><span style=\"text-decoration: underline;\"><strong>Pr\u00e9sentation de l&rsquo;affiche\u00a0:<\/strong><\/span><\/p>\n<p align=\"CENTER\"><span style=\"text-decoration: underline;\"><strong>Vue par les enfants\u00a0:<\/strong><\/span><\/p>\n<p align=\"CENTER\">L&rsquo;animatrice nous \u00e0 annonc\u00e9 le projet autour des droits de l&rsquo;enfant. Nous avons cit\u00e9 et \u00e9crit sur un panneau les droit des enfants que nous connaissons.<\/p>\n<p align=\"CENTER\">Nous avons fait une liste du mat\u00e9riel n\u00e9cessaire pour l&rsquo;affiche.<\/p>\n<p align=\"CENTER\">Chacun de nous a r\u00e9alis\u00e9 un dessin pour illustrer un des droits de l&rsquo;enfant de son choix.<\/p>\n<p align=\"CENTER\">Ensemble nous avons vot\u00e9 pour le meilleur dessin, nous avons donc choisi de repr\u00e9senter une foule d&rsquo;enfants de tous pays.<\/p>\n<p align=\"CENTER\">La s\u00e9ance suivante, chacun \u00e0 dessin\u00e9, colori\u00e9 et d\u00e9coup\u00e9 un enfant du monde pour ensuite le coller sur l&rsquo;affiche. Pour donner un effet de profondeur \u00e0 la foule, nous avons coll\u00e9 les personnages les plus petits en haut de l&rsquo;affiche et les plus grands devant.<\/p>\n<p align=\"CENTER\">Nous avons choisi de laisser une banderole plac\u00e9e devant la foule pour inscrire le (joli) slogan choisi tous ensemble : \u00ab\u00a0Tous r\u00e9unis pour la vie\u00a0\u00bb<\/p>\n<p align=\"CENTER\"><span style=\"text-decoration: underline;\"><strong>Vue par l&rsquo;accompagnateur du projet\u00a0:<\/strong><\/span><\/p>\n<p align=\"CENTER\">Gr\u00e2ce a la d\u00e9marche p\u00e9dagogique type, nous avons amen\u00e9 les enfants \u00e0 transposer sous forme d&rsquo;affiche toutes les r\u00e9flexions et dialogue eu avec eux sur les droits de l&rsquo;enfant.<\/p>\n<p align=\"CENTER\"><span style=\"text-decoration: underline;\"><strong>Auteurs\u00a0:<\/strong><\/span><\/p>\n<p align=\"CENTER\">Margot &#8211; 10 ans<\/p>\n<p align=\"CENTER\">Louise &#8211; 10 ans<\/p>\n<p align=\"CENTER\">Madison &#8211; 10 ans<\/p>\n<p align=\"CENTER\">Erwan &#8211; 8 ans<\/p>\n<p align=\"CENTER\">Emma &#8211; 10 ans<\/p>\n<p align=\"CENTER\">Lucie &#8211; 8 ans<\/p>\n","protected":false},"excerpt":{"rendered":"<p>Pr\u00e9sentation de l&rsquo;affiche\u00a0: Vue par les enfants\u00a0: L&rsquo;animatrice nous \u00e0 annonc\u00e9 le projet autour des droits de l&rsquo;enfant. Nous avons cit\u00e9 et \u00e9crit sur un panneau les droit des enfants que nous connaissons. Nous avons fait une liste du mat\u00e9riel n\u00e9cessaire pour l&rsquo;affiche. Chacun de nous a r\u00e9alis\u00e9 un dessin pour illustrer un des droits de l&rsquo;enfant de son choix. Ensemble nous avons vot\u00e9 pour le meilleur dessin, nous avons donc choisi de repr\u00e9senter une foule d&rsquo;enfants de tous pays&#8230;.<\/p>\n<p class=\"read-more\"><a class=\"btn btn-default\" href=\"http:\/\/projetscitoyens.francas71.org\/?p=1661\" onclick=\"return TrackClick('http%3A%2F%2Fprojetscitoyens.francas71.org%2F%3Fp%3D1661','Lire+la+suite+Lire+la+suite')\">Lire la suite<span class=\"screen-reader-text\"> Lire la suite<\/span><\/a><\/p>\n","protected":false},"author":1,"featured_media":1629,"comment_status":"open","ping_status":"open","sticky":false,"template":"","format":"standard","meta":{"jetpack_post_was_ever_published":false,"_jetpack_newsletter_access":"","_jetpack_dont_email_post_to_subs":false,"_jetpack_newsletter_tier_id":0,"_jetpack_memberships_contains_paywalled_content":false,"_jetpack_memberships_contains_paid_content":false,"footnotes":"","jetpack_publicize_message":"","jetpack_publicize_feature_enabled":true,"jetpack_social_post_already_shared":false,"jetpack_social_options":{"image_generator_settings":{"template":"highway","enabled":false},"version":2}},"categories":[119,166],"tags":[13,14,16,27,31,150,34,136,49,123,53,62,72,78],"class_list":["post-1661","post","type-post","status-publish","format-standard","has-post-thumbnail","hentry","category-agis-pour-tes-droits-2","category-2014-les-droits-de-lenfant","tag-action","tag-affiche","tag-agis","tag-centres-de-loisirs","tag-cide","tag-citoyennete","tag-college","tag-droits-de-lenfant","tag-ecoles","tag-education","tag-enfants","tag-francas","tag-jeunes","tag-lycee"],"jetpack_publicize_connections":[],"jetpack_featured_media_url":"https:\/\/i0.wp.com\/projetscitoyens.francas71.org\/wp-content\/uploads\/2014\/11\/DSC_0192.jpg?fit=1944%2C2592","jetpack_sharing_enabled":true,"jetpack_shortlink":"https:\/\/wp.me\/p6M0zG-qN","jetpack-related-posts":[],"jetpack_likes_enabled":true,"_links":{"self":[{"href":"http:\/\/projetscitoyens.francas71.org\/index.php?rest_route=\/wp\/v2\/posts\/1661"}],"collection":[{"href":"http:\/\/projetscitoyens.francas71.org\/index.php?rest_route=\/wp\/v2\/posts"}],"about":[{"href":"http:\/\/projetscitoyens.francas71.org\/index.php?rest_route=\/wp\/v2\/types\/post"}],"author":[{"embeddable":true,"href":"http:\/\/projetscitoyens.francas71.org\/index.php?rest_route=\/wp\/v2\/users\/1"}],"replies":[{"embeddable":true,"href":"http:\/\/projetscitoyens.francas71.org\/index.php?rest_route=%2Fwp%2Fv2%2Fcomments&post=1661"}],"version-history":[{"count":4,"href":"http:\/\/projetscitoyens.francas71.org\/index.php?rest_route=\/wp\/v2\/posts\/1661\/revisions"}],"predecessor-version":[{"id":2995,"href":"http:\/\/projetscitoyens.francas71.org\/index.php?rest_route=\/wp\/v2\/posts\/1661\/revisions\/2995"}],"wp:featuredmedia":[{"embeddable":true,"href":"http:\/\/projetscitoyens.francas71.org\/index.php?rest_route=\/wp\/v2\/media\/1629"}],"wp:attachment":[{"href":"http:\/\/projetscitoyens.francas71.org\/index.php?rest_route=%2Fwp%2Fv2%2Fmedia&parent=1661"}],"wp:term":[{"taxonomy":"category","embeddable":true,"href":"http:\/\/projetscitoyens.francas71.org\/index.php?rest_route=%2Fwp%2Fv2%2Fcategories&post=1661"},{"taxonomy":"post_tag","embeddable":true,"href":"http:\/\/projetscitoyens.francas71.org\/index.php?rest_route=%2Fwp%2Fv2%2Ftags&post=1661"}],"curies":[{"name":"wp","href":"https:\/\/api.w.org\/{rel}","templated":true}]}}