{"id":1663,"date":"2014-11-12T10:25:04","date_gmt":"2014-11-12T09:25:04","guid":{"rendered":"http:\/\/www.francas71.org\/projetscitoyens\/?p=1663"},"modified":"2019-12-16T14:43:34","modified_gmt":"2019-12-16T13:43:34","slug":"affiche-2014-accueil-de-loisirs-municipal-bourbon-lancy-2","status":"publish","type":"post","link":"http:\/\/projetscitoyens.francas71.org\/?p=1663","title":{"rendered":"Affiche 2014 : \u00ab\u00a0Nos diff\u00e9rences sont une richesse\u00a0\u00bb &#8211; Accueil de loisirs municipal &#8211; Bourbon Lancy &#8211; cat 1"},"content":{"rendered":"<p><a href=\"https:\/\/i0.wp.com\/www.francas71.org\/projetscitoyens\/wp-content\/uploads\/2014\/11\/DSC_0194.jpg\" onclick=\"return TrackClick('http%3A%2F%2Fwww.francas71.org%2Fprojetscitoyens%2Fwp-content%2Fuploads%2F2014%2F11%2FDSC_0194.jpg','Nos+diff%C3%A9rences+sont+une+richesse+%28Bourbon+Lancy%29')\"><img loading=\"lazy\" decoding=\"async\" data-attachment-id=\"1628\" data-permalink=\"http:\/\/projetscitoyens.francas71.org\/?attachment_id=1628\" data-orig-file=\"https:\/\/i0.wp.com\/projetscitoyens.francas71.org\/wp-content\/uploads\/2014\/11\/DSC_0194.jpg?fit=2592%2C1944\" data-orig-size=\"2592,1944\" data-comments-opened=\"1\" data-image-meta=\"{&quot;aperture&quot;:&quot;2.6&quot;,&quot;credit&quot;:&quot;&quot;,&quot;camera&quot;:&quot;ST25i&quot;,&quot;caption&quot;:&quot;&quot;,&quot;created_timestamp&quot;:&quot;1414774782&quot;,&quot;copyright&quot;:&quot;&quot;,&quot;focal_length&quot;:&quot;3.59&quot;,&quot;iso&quot;:&quot;160&quot;,&quot;shutter_speed&quot;:&quot;0.041666666666667&quot;,&quot;title&quot;:&quot;&quot;}\" data-image-title=\"Nos diff\u00e9rences sont une richesse (Bourbon Lancy)\" data-image-description=\"\" data-image-caption=\"\" data-medium-file=\"https:\/\/i0.wp.com\/projetscitoyens.francas71.org\/wp-content\/uploads\/2014\/11\/DSC_0194.jpg?fit=300%2C225\" data-large-file=\"https:\/\/i0.wp.com\/projetscitoyens.francas71.org\/wp-content\/uploads\/2014\/11\/DSC_0194.jpg?fit=640%2C480\" tabindex=\"0\" role=\"button\" class=\"aligncenter size-medium wp-image-1628\" title=\"Nos diff\u00e9rences sont une richesse (Bourbon Lancy)\" src=\"https:\/\/i0.wp.com\/www.francas71.org\/projetscitoyens\/wp-content\/uploads\/2014\/11\/DSC_0194-300x225.jpg?resize=300%2C225\" alt=\"\" width=\"300\" height=\"225\" srcset=\"https:\/\/i0.wp.com\/projetscitoyens.francas71.org\/wp-content\/uploads\/2014\/11\/DSC_0194.jpg?resize=300%2C225 300w, https:\/\/i0.wp.com\/projetscitoyens.francas71.org\/wp-content\/uploads\/2014\/11\/DSC_0194.jpg?resize=1024%2C768 1024w, https:\/\/i0.wp.com\/projetscitoyens.francas71.org\/wp-content\/uploads\/2014\/11\/DSC_0194.jpg?w=1280 1280w, https:\/\/i0.wp.com\/projetscitoyens.francas71.org\/wp-content\/uploads\/2014\/11\/DSC_0194.jpg?w=1920 1920w\" sizes=\"(max-width: 300px) 100vw, 300px\" data-recalc-dims=\"1\" \/><\/a><\/p>\n<p align=\"CENTER\"><span style=\"text-decoration: underline;\"><strong>Pr\u00e9sentation de l&rsquo;affiche\u00a0:<\/strong><\/span><\/p>\n<p align=\"CENTER\"><span style=\"text-decoration: underline;\"><strong>Vue par les enfants\u00a0:<\/strong><\/span><\/p>\n<p align=\"CENTER\">Chaque enfant est diff\u00e9rent suivant o\u00f9 il habite, mais on es tous pareils et on a les m\u00eames droits.<\/p>\n<p align=\"CENTER\"><span style=\"text-decoration: underline;\"><strong>Vue par l&rsquo;accompagnateur du projet\u00a0:<\/strong><\/span><\/p>\n<p align=\"CENTER\">Vu l&rsquo;\u00e2ge des enfants, le travail sur les droits des enfants a \u00e9t\u00e9 de leur expliquer les droits fondamentaux de tous les enfants du monde (un toit, \u00e0 manger, de l&rsquo;amour,&#8230;) Ils sont plut\u00f4t partis sur la diff\u00e9rence entre les enfants du monde (habitat, v\u00eatements, nourriture,&#8230;) pour faire leur affiche.<\/p>\n<p align=\"CENTER\"><span style=\"text-decoration: underline;\"><strong>Auteurs\u00a0:<\/strong><\/span><\/p>\n<p align=\"CENTER\">Ilan &#8211; 4 ans<\/p>\n<p align=\"CENTER\">Lenny &#8211; 3 ans<\/p>\n<p align=\"CENTER\">Baptiste &#8211; 5 ans<\/p>\n<p align=\"CENTER\">Emmy &#8211; 5 ans<\/p>\n<p align=\"CENTER\">Lucie &#8211; 4 ans<\/p>\n<p align=\"CENTER\">David &#8211; 4 ans<\/p>\n<p align=\"CENTER\">Savannah &#8211; 5 ans<\/p>\n<p align=\"CENTER\">Charles &#8211; 4 ans<\/p>\n<p align=\"CENTER\">Angel &#8211; 4 ans<\/p>\n<p align=\"CENTER\">Ma\u00ebline &#8211; 4 ans<\/p>\n<p align=\"CENTER\">Eliot &#8211; 3 ans<\/p>\n<p align=\"CENTER\">Eva &#8211; 3 ans<\/p>\n<p align=\"CENTER\">Evan &#8211; 5 ans<\/p>\n<p align=\"CENTER\">Mah\u00e9 &#8211; 3 ans<\/p>\n<p align=\"CENTER\">Mateusz &#8211; 4 ans<\/p>\n<p align=\"CENTER\">Clarisse &#8211; 5 ans<\/p>\n","protected":false},"excerpt":{"rendered":"<p>Pr\u00e9sentation de l&rsquo;affiche\u00a0: Vue par les enfants\u00a0: Chaque enfant est diff\u00e9rent suivant o\u00f9 il habite, mais on es tous pareils et on a les m\u00eames droits. Vue par l&rsquo;accompagnateur du projet\u00a0: Vu l&rsquo;\u00e2ge des enfants, le travail sur les droits des enfants a \u00e9t\u00e9 de leur expliquer les droits fondamentaux de tous les enfants du monde (un toit, \u00e0 manger, de l&rsquo;amour,&#8230;) Ils sont plut\u00f4t partis sur la diff\u00e9rence entre les enfants du monde (habitat, v\u00eatements, nourriture,&#8230;) pour faire leur&#8230;<\/p>\n<p class=\"read-more\"><a class=\"btn btn-default\" href=\"http:\/\/projetscitoyens.francas71.org\/?p=1663\" onclick=\"return TrackClick('http%3A%2F%2Fprojetscitoyens.francas71.org%2F%3Fp%3D1663','Lire+la+suite+Lire+la+suite')\">Lire la suite<span class=\"screen-reader-text\"> Lire la suite<\/span><\/a><\/p>\n","protected":false},"author":1,"featured_media":1628,"comment_status":"open","ping_status":"open","sticky":false,"template":"","format":"standard","meta":{"jetpack_post_was_ever_published":false,"_jetpack_newsletter_access":"","_jetpack_dont_email_post_to_subs":false,"_jetpack_newsletter_tier_id":0,"_jetpack_memberships_contains_paywalled_content":false,"_jetpack_memberships_contains_paid_content":false,"footnotes":"","jetpack_publicize_message":"","jetpack_publicize_feature_enabled":true,"jetpack_social_post_already_shared":false,"jetpack_social_options":{"image_generator_settings":{"template":"highway","enabled":false},"version":2}},"categories":[119,166],"tags":[13,14,16,27,31,150,34,146,136,49,123,53,62,72,78],"class_list":["post-1663","post","type-post","status-publish","format-standard","has-post-thumbnail","hentry","category-agis-pour-tes-droits-2","category-2014-les-droits-de-lenfant","tag-action","tag-affiche","tag-agis","tag-centres-de-loisirs","tag-cide","tag-citoyennete","tag-college","tag-debats-denfants","tag-droits-de-lenfant","tag-ecoles","tag-education","tag-enfants","tag-francas","tag-jeunes","tag-lycee"],"jetpack_publicize_connections":[],"jetpack_featured_media_url":"https:\/\/i0.wp.com\/projetscitoyens.francas71.org\/wp-content\/uploads\/2014\/11\/DSC_0194.jpg?fit=2592%2C1944","jetpack_sharing_enabled":true,"jetpack_shortlink":"https:\/\/wp.me\/p6M0zG-qP","jetpack-related-posts":[],"jetpack_likes_enabled":true,"_links":{"self":[{"href":"http:\/\/projetscitoyens.francas71.org\/index.php?rest_route=\/wp\/v2\/posts\/1663"}],"collection":[{"href":"http:\/\/projetscitoyens.francas71.org\/index.php?rest_route=\/wp\/v2\/posts"}],"about":[{"href":"http:\/\/projetscitoyens.francas71.org\/index.php?rest_route=\/wp\/v2\/types\/post"}],"author":[{"embeddable":true,"href":"http:\/\/projetscitoyens.francas71.org\/index.php?rest_route=\/wp\/v2\/users\/1"}],"replies":[{"embeddable":true,"href":"http:\/\/projetscitoyens.francas71.org\/index.php?rest_route=%2Fwp%2Fv2%2Fcomments&post=1663"}],"version-history":[{"count":5,"href":"http:\/\/projetscitoyens.francas71.org\/index.php?rest_route=\/wp\/v2\/posts\/1663\/revisions"}],"predecessor-version":[{"id":2996,"href":"http:\/\/projetscitoyens.francas71.org\/index.php?rest_route=\/wp\/v2\/posts\/1663\/revisions\/2996"}],"wp:featuredmedia":[{"embeddable":true,"href":"http:\/\/projetscitoyens.francas71.org\/index.php?rest_route=\/wp\/v2\/media\/1628"}],"wp:attachment":[{"href":"http:\/\/projetscitoyens.francas71.org\/index.php?rest_route=%2Fwp%2Fv2%2Fmedia&parent=1663"}],"wp:term":[{"taxonomy":"category","embeddable":true,"href":"http:\/\/projetscitoyens.francas71.org\/index.php?rest_route=%2Fwp%2Fv2%2Fcategories&post=1663"},{"taxonomy":"post_tag","embeddable":true,"href":"http:\/\/projetscitoyens.francas71.org\/index.php?rest_route=%2Fwp%2Fv2%2Ftags&post=1663"}],"curies":[{"name":"wp","href":"https:\/\/api.w.org\/{rel}","templated":true}]}}