{"id":167,"date":"2009-10-08T16:16:11","date_gmt":"2009-10-08T15:16:11","guid":{"rendered":"http:\/\/francas.loisirsdegrandir.org\/?p=167"},"modified":"2019-12-16T15:14:36","modified_gmt":"2019-12-16T14:14:36","slug":"des-documents-pedagogiques","status":"publish","type":"post","link":"http:\/\/projetscitoyens.francas71.org\/?p=167","title":{"rendered":"des documents p\u00e9dagogiques"},"content":{"rendered":"<p>Quelques documents p\u00e9dagogiques pour vous accompagner dans la d\u00e9marche de r\u00e9alisation des affiches.<\/p>\n<p>1\/ Un quizz sur la convention internationale des droits de l&rsquo;enfant<br \/>\n<a href=\"http:\/\/francas.loisirsdegrandir.org\/wp-content\/uploads\/2009\/10\/quizz-CIDE.pdf\" onclick=\"return TrackClick('http%3A%2F%2Ffrancas.loisirsdegrandir.org%2Fwp-content%2Fuploads%2F2009%2F10%2Fquizz-CIDE.pdf','quizz+CIDE')\">quizz CIDE<\/a><\/p>\n<p>2\/ un livret de recueil d&rsquo;expressions sur la CIDE &#8211; t\u00e9moignage d&rsquo;enfants illustr\u00e9s par les affiches<br \/>\n<a href=\"http:\/\/francas.loisirsdegrandir.org\/wp-content\/uploads\/2009\/10\/RecueilExpressions-CIDE.pdf\" onclick=\"return TrackClick('http%3A%2F%2Ffrancas.loisirsdegrandir.org%2Fwp-content%2Fuploads%2F2009%2F10%2FRecueilExpressions-CIDE.pdf','RecueilExpressions+CIDE')\">RecueilExpressions CIDE<\/a><\/p>\n<p>3\/ un kit p\u00e9dagogique pour les \u00e9coles primaires &#8211; r\u00e9alis\u00e9 par le service jeunesse du D\u00e9fenseur des Enfants<br \/>\n<a href=\"http:\/\/francas.loisirsdegrandir.org\/wp-content\/uploads\/2009\/10\/kit-jeux-CIDE-defenseur-des-enfants1.pdf\" onclick=\"return TrackClick('http%3A%2F%2Ffrancas.loisirsdegrandir.org%2Fwp-content%2Fuploads%2F2009%2F10%2Fkit-jeux-CIDE-defenseur-des-enfants1.pdf','kit+p%C3%A9dagogique+%C3%A9cole+primaire')\">kit p\u00e9dagogique \u00e9cole primaire<\/a><\/p>\n","protected":false},"excerpt":{"rendered":"<p>Quelques documents p\u00e9dagogiques pour vous accompagner dans la d\u00e9marche de r\u00e9alisation des affiches. 1\/ Un quizz sur la convention internationale des droits de l&rsquo;enfant quizz CIDE 2\/ un livret de recueil d&rsquo;expressions sur la CIDE &#8211; t\u00e9moignage d&rsquo;enfants illustr\u00e9s par les affiches RecueilExpressions CIDE 3\/ un kit p\u00e9dagogique pour les \u00e9coles primaires &#8211; r\u00e9alis\u00e9 par le service jeunesse du D\u00e9fenseur des Enfants kit p\u00e9dagogique \u00e9cole primaire<\/p>\n","protected":false},"author":2,"featured_media":0,"comment_status":"open","ping_status":"open","sticky":false,"template":"","format":"standard","meta":{"jetpack_post_was_ever_published":false,"_jetpack_newsletter_access":"","_jetpack_dont_email_post_to_subs":false,"_jetpack_newsletter_tier_id":0,"_jetpack_memberships_contains_paywalled_content":false,"_jetpack_memberships_contains_paid_content":false,"footnotes":"","jetpack_publicize_message":"","jetpack_publicize_feature_enabled":true,"jetpack_social_post_already_shared":false,"jetpack_social_options":{"image_generator_settings":{"template":"highway","enabled":false},"version":2}},"categories":[4],"tags":[18,45,73,86],"class_list":["post-167","post","type-post","status-publish","format-standard","hentry","category-ressources-pedagogiques","tag-aide","tag-documentation","tag-jeux","tag-outils-pedagogiques"],"jetpack_publicize_connections":[],"jetpack_featured_media_url":"","jetpack_sharing_enabled":true,"jetpack_shortlink":"https:\/\/wp.me\/p6M0zG-2H","jetpack-related-posts":[],"jetpack_likes_enabled":true,"_links":{"self":[{"href":"http:\/\/projetscitoyens.francas71.org\/index.php?rest_route=\/wp\/v2\/posts\/167"}],"collection":[{"href":"http:\/\/projetscitoyens.francas71.org\/index.php?rest_route=\/wp\/v2\/posts"}],"about":[{"href":"http:\/\/projetscitoyens.francas71.org\/index.php?rest_route=\/wp\/v2\/types\/post"}],"author":[{"embeddable":true,"href":"http:\/\/projetscitoyens.francas71.org\/index.php?rest_route=\/wp\/v2\/users\/2"}],"replies":[{"embeddable":true,"href":"http:\/\/projetscitoyens.francas71.org\/index.php?rest_route=%2Fwp%2Fv2%2Fcomments&post=167"}],"version-history":[{"count":1,"href":"http:\/\/projetscitoyens.francas71.org\/index.php?rest_route=\/wp\/v2\/posts\/167\/revisions"}],"predecessor-version":[{"id":3031,"href":"http:\/\/projetscitoyens.francas71.org\/index.php?rest_route=\/wp\/v2\/posts\/167\/revisions\/3031"}],"wp:attachment":[{"href":"http:\/\/projetscitoyens.francas71.org\/index.php?rest_route=%2Fwp%2Fv2%2Fmedia&parent=167"}],"wp:term":[{"taxonomy":"category","embeddable":true,"href":"http:\/\/projetscitoyens.francas71.org\/index.php?rest_route=%2Fwp%2Fv2%2Fcategories&post=167"},{"taxonomy":"post_tag","embeddable":true,"href":"http:\/\/projetscitoyens.francas71.org\/index.php?rest_route=%2Fwp%2Fv2%2Ftags&post=167"}],"curies":[{"name":"wp","href":"https:\/\/api.w.org\/{rel}","templated":true}]}}