{"id":1689,"date":"2014-11-24T11:25:26","date_gmt":"2014-11-24T10:25:26","guid":{"rendered":"http:\/\/www.francas71.org\/projetscitoyens\/?p=1689"},"modified":"2019-12-16T14:43:41","modified_gmt":"2019-12-16T13:43:41","slug":"affiches-2014-ecole-le-poisson-a-plume-poisson-cat-2","status":"publish","type":"post","link":"http:\/\/projetscitoyens.francas71.org\/?p=1689","title":{"rendered":"Affiches 2014 : \u00ab\u00a0Ca fait au moins mille fois qu&rsquo;on a compt\u00e9 nos droits ! \u00a0\u00bb &#8211; Ecole le Poisson \u00e0 plume &#8211; Poisson &#8211; cat 2"},"content":{"rendered":"<p align=\"CENTER\"><strong><a href=\"https:\/\/i0.wp.com\/www.francas71.org\/projetscitoyens\/wp-content\/uploads\/2014\/11\/DSC_0359.jpg\" onclick=\"return TrackClick('http%3A%2F%2Fwww.francas71.org%2Fprojetscitoyens%2Fwp-content%2Fuploads%2F2014%2F11%2FDSC_0359.jpg','Ca+fait+au+moins+mille+fois+qu')\"><img loading=\"lazy\" decoding=\"async\" data-attachment-id=\"1688\" data-permalink=\"http:\/\/projetscitoyens.francas71.org\/?attachment_id=1688\" data-orig-file=\"https:\/\/i0.wp.com\/projetscitoyens.francas71.org\/wp-content\/uploads\/2014\/11\/DSC_0359.jpg?fit=2592%2C1944\" data-orig-size=\"2592,1944\" data-comments-opened=\"1\" data-image-meta=\"{&quot;aperture&quot;:&quot;3.59&quot;,&quot;credit&quot;:&quot;&quot;,&quot;camera&quot;:&quot;ST25i&quot;,&quot;caption&quot;:&quot;&quot;,&quot;created_timestamp&quot;:&quot;0&quot;,&quot;copyright&quot;:&quot;&quot;,&quot;focal_length&quot;:&quot;3.59&quot;,&quot;iso&quot;:&quot;0&quot;,&quot;shutter_speed&quot;:&quot;0&quot;,&quot;title&quot;:&quot;&quot;}\" data-image-title=\"Ca fait au moins mille fois qu&amp;rsquo;on \u00e0 compt\u00e9 nos droits! (Ecole Le poisson \u00e0 plume &#8211; Poisson)\" data-image-description=\"\" data-image-caption=\"\" data-medium-file=\"https:\/\/i0.wp.com\/projetscitoyens.francas71.org\/wp-content\/uploads\/2014\/11\/DSC_0359.jpg?fit=300%2C225\" data-large-file=\"https:\/\/i0.wp.com\/projetscitoyens.francas71.org\/wp-content\/uploads\/2014\/11\/DSC_0359.jpg?fit=640%2C480\" tabindex=\"0\" role=\"button\" class=\"aligncenter size-medium wp-image-1688\" title=\"Ca fait au moins mille fois qu'on \u00e0 compt\u00e9 nos droits! (Ecole Le poisson \u00e0 plume - Poisson)\" src=\"https:\/\/i0.wp.com\/www.francas71.org\/projetscitoyens\/wp-content\/uploads\/2014\/11\/DSC_0359-300x225.jpg?resize=300%2C225\" alt=\"\" width=\"300\" height=\"225\" srcset=\"https:\/\/i0.wp.com\/projetscitoyens.francas71.org\/wp-content\/uploads\/2014\/11\/DSC_0359.jpg?resize=300%2C225 300w, https:\/\/i0.wp.com\/projetscitoyens.francas71.org\/wp-content\/uploads\/2014\/11\/DSC_0359.jpg?resize=1024%2C768 1024w, https:\/\/i0.wp.com\/projetscitoyens.francas71.org\/wp-content\/uploads\/2014\/11\/DSC_0359.jpg?w=1280 1280w, https:\/\/i0.wp.com\/projetscitoyens.francas71.org\/wp-content\/uploads\/2014\/11\/DSC_0359.jpg?w=1920 1920w\" sizes=\"(max-width: 300px) 100vw, 300px\" data-recalc-dims=\"1\" \/><\/a>Pr\u00e9sentation de l\u2019affiche\u00a0:<\/strong><\/p>\n<p align=\"CENTER\"><strong>Vue par les enfants\u00a0:<\/strong><\/p>\n<p align=\"CENTER\">Les \u00e9l\u00e8ves ont voulu repr\u00e9senter plusieurs droits qui les ont marqu\u00e9s : au centre, le droit d&rsquo;\u00eatre aim\u00e9 et le droit d&rsquo;\u00eatre soign\u00e9. Dans les angles, le droit d&rsquo;\u00eatre nourri et le droit \u00e0 l&rsquo;\u00e9galit\u00e9 fille\/gar\u00e7on.<\/p>\n<p align=\"CENTER\"><strong>Vue par l\u2019accompagnateur du projet\u00a0:<\/strong><\/p>\n<p align=\"CENTER\">Les \u00e9l\u00e8ves avaient dans\u00e9 l&rsquo;ann\u00e9e derni\u00e8re sur PAPAOUTAI de Stromae. C&rsquo;est donc naturellement qu&rsquo;on a trouv\u00e9 l&rsquo;id\u00e9e de transformer \u00ab\u00a0\u00e7a fait au moins mille fois qu&rsquo;on a compt\u00e9 nos doigts\u00a0\u00bb en \u00ab\u00a0\u00e7a fait au moins mille fois qu&rsquo;on a compt\u00e9 nos droits\u00a0\u00bb. Elles se sont assez facilement r\u00e9parties les dessins \u00e0 faire.<\/p>\n<p align=\"CENTER\"><strong>Auteurs\u00a0:<\/strong><\/p>\n<p align=\"CENTER\">El\u00e9a &#8211; 6 ans<\/p>\n<p align=\"CENTER\">Coralie &#8211; 6 ans<\/p>\n<p align=\"CENTER\">Lili &#8211; 7 ans<\/p>\n","protected":false},"excerpt":{"rendered":"<p>Pr\u00e9sentation de l\u2019affiche\u00a0: Vue par les enfants\u00a0: Les \u00e9l\u00e8ves ont voulu repr\u00e9senter plusieurs droits qui les ont marqu\u00e9s : au centre, le droit d&rsquo;\u00eatre aim\u00e9 et le droit d&rsquo;\u00eatre soign\u00e9. Dans les angles, le droit d&rsquo;\u00eatre nourri et le droit \u00e0 l&rsquo;\u00e9galit\u00e9 fille\/gar\u00e7on. Vue par l\u2019accompagnateur du projet\u00a0: Les \u00e9l\u00e8ves avaient dans\u00e9 l&rsquo;ann\u00e9e derni\u00e8re sur PAPAOUTAI de Stromae. C&rsquo;est donc naturellement qu&rsquo;on a trouv\u00e9 l&rsquo;id\u00e9e de transformer \u00ab\u00a0\u00e7a fait au moins mille fois qu&rsquo;on a compt\u00e9 nos doigts\u00a0\u00bb en \u00ab\u00a0\u00e7a&#8230;<\/p>\n<p class=\"read-more\"><a class=\"btn btn-default\" href=\"http:\/\/projetscitoyens.francas71.org\/?p=1689\" onclick=\"return TrackClick('http%3A%2F%2Fprojetscitoyens.francas71.org%2F%3Fp%3D1689','Lire+la+suite+Lire+la+suite')\">Lire la suite<span class=\"screen-reader-text\"> Lire la suite<\/span><\/a><\/p>\n","protected":false},"author":1,"featured_media":1688,"comment_status":"open","ping_status":"open","sticky":false,"template":"","format":"standard","meta":{"jetpack_post_was_ever_published":false,"_jetpack_newsletter_access":"","_jetpack_dont_email_post_to_subs":false,"_jetpack_newsletter_tier_id":0,"_jetpack_memberships_contains_paywalled_content":false,"_jetpack_memberships_contains_paid_content":false,"footnotes":"","jetpack_publicize_message":"","jetpack_publicize_feature_enabled":true,"jetpack_social_post_already_shared":false,"jetpack_social_options":{"image_generator_settings":{"template":"highway","enabled":false},"version":2}},"categories":[119,166],"tags":[13,14,16,134,27,31,150,34,136,49,123,53,129,62,72,78],"class_list":["post-1689","post","type-post","status-publish","format-standard","has-post-thumbnail","hentry","category-agis-pour-tes-droits-2","category-2014-les-droits-de-lenfant","tag-action","tag-affiche","tag-agis","tag-association","tag-centres-de-loisirs","tag-cide","tag-citoyennete","tag-college","tag-droits-de-lenfant","tag-ecoles","tag-education","tag-enfants","tag-engagement","tag-francas","tag-jeunes","tag-lycee"],"jetpack_publicize_connections":[],"jetpack_featured_media_url":"https:\/\/i0.wp.com\/projetscitoyens.francas71.org\/wp-content\/uploads\/2014\/11\/DSC_0359.jpg?fit=2592%2C1944","jetpack_sharing_enabled":true,"jetpack_shortlink":"https:\/\/wp.me\/p6M0zG-rf","jetpack-related-posts":[],"jetpack_likes_enabled":true,"_links":{"self":[{"href":"http:\/\/projetscitoyens.francas71.org\/index.php?rest_route=\/wp\/v2\/posts\/1689"}],"collection":[{"href":"http:\/\/projetscitoyens.francas71.org\/index.php?rest_route=\/wp\/v2\/posts"}],"about":[{"href":"http:\/\/projetscitoyens.francas71.org\/index.php?rest_route=\/wp\/v2\/types\/post"}],"author":[{"embeddable":true,"href":"http:\/\/projetscitoyens.francas71.org\/index.php?rest_route=\/wp\/v2\/users\/1"}],"replies":[{"embeddable":true,"href":"http:\/\/projetscitoyens.francas71.org\/index.php?rest_route=%2Fwp%2Fv2%2Fcomments&post=1689"}],"version-history":[{"count":4,"href":"http:\/\/projetscitoyens.francas71.org\/index.php?rest_route=\/wp\/v2\/posts\/1689\/revisions"}],"predecessor-version":[{"id":2997,"href":"http:\/\/projetscitoyens.francas71.org\/index.php?rest_route=\/wp\/v2\/posts\/1689\/revisions\/2997"}],"wp:featuredmedia":[{"embeddable":true,"href":"http:\/\/projetscitoyens.francas71.org\/index.php?rest_route=\/wp\/v2\/media\/1688"}],"wp:attachment":[{"href":"http:\/\/projetscitoyens.francas71.org\/index.php?rest_route=%2Fwp%2Fv2%2Fmedia&parent=1689"}],"wp:term":[{"taxonomy":"category","embeddable":true,"href":"http:\/\/projetscitoyens.francas71.org\/index.php?rest_route=%2Fwp%2Fv2%2Fcategories&post=1689"},{"taxonomy":"post_tag","embeddable":true,"href":"http:\/\/projetscitoyens.francas71.org\/index.php?rest_route=%2Fwp%2Fv2%2Ftags&post=1689"}],"curies":[{"name":"wp","href":"https:\/\/api.w.org\/{rel}","templated":true}]}}