{"id":1695,"date":"2014-11-24T11:45:53","date_gmt":"2014-11-24T10:45:53","guid":{"rendered":"http:\/\/www.francas71.org\/projetscitoyens\/?p=1695"},"modified":"2019-12-16T14:43:57","modified_gmt":"2019-12-16T13:43:57","slug":"affiche-2014-ecole-rene-boudier-vire-cat-3","status":"publish","type":"post","link":"http:\/\/projetscitoyens.francas71.org\/?p=1695","title":{"rendered":"Affiche 2014 : \u00ab\u00a0L&rsquo;identit\u00e9 pouquoi lui et pas moi ? \u00a0\u00bb &#8211; Ecole Ren\u00e9 Boudier &#8211; Vir\u00e9 &#8211; cat 3"},"content":{"rendered":"<p align=\"CENTER\"><strong><a href=\"https:\/\/i0.wp.com\/www.francas71.org\/projetscitoyens\/wp-content\/uploads\/2014\/11\/DSC_0357.jpg\" onclick=\"return TrackClick('http%3A%2F%2Fwww.francas71.org%2Fprojetscitoyens%2Fwp-content%2Fuploads%2F2014%2F11%2FDSC_0357.jpg','L')\"><img loading=\"lazy\" decoding=\"async\" data-attachment-id=\"1686\" data-permalink=\"http:\/\/projetscitoyens.francas71.org\/?attachment_id=1686\" data-orig-file=\"https:\/\/i0.wp.com\/projetscitoyens.francas71.org\/wp-content\/uploads\/2014\/11\/DSC_0357.jpg?fit=2592%2C1944\" data-orig-size=\"2592,1944\" data-comments-opened=\"1\" data-image-meta=\"{&quot;aperture&quot;:&quot;0&quot;,&quot;credit&quot;:&quot;&quot;,&quot;camera&quot;:&quot;&quot;,&quot;caption&quot;:&quot;&quot;,&quot;created_timestamp&quot;:&quot;0&quot;,&quot;copyright&quot;:&quot;&quot;,&quot;focal_length&quot;:&quot;0&quot;,&quot;iso&quot;:&quot;0&quot;,&quot;shutter_speed&quot;:&quot;0&quot;,&quot;title&quot;:&quot;&quot;}\" data-image-title=\"L&amp;rsquo;identit\u00e9, pourquoi lui et pas moi? (Ecole Ren\u00e9 Boudier &#8211; Vir\u00e9)\" data-image-description=\"\" data-image-caption=\"\" data-medium-file=\"https:\/\/i0.wp.com\/projetscitoyens.francas71.org\/wp-content\/uploads\/2014\/11\/DSC_0357.jpg?fit=300%2C225\" data-large-file=\"https:\/\/i0.wp.com\/projetscitoyens.francas71.org\/wp-content\/uploads\/2014\/11\/DSC_0357.jpg?fit=640%2C480\" tabindex=\"0\" role=\"button\" class=\"aligncenter size-medium wp-image-1686\" title=\"L'identit\u00e9, pourquoi lui et pas moi? (Ecole Ren\u00e9 Boudier - Vir\u00e9)\" src=\"https:\/\/i0.wp.com\/www.francas71.org\/projetscitoyens\/wp-content\/uploads\/2014\/11\/DSC_0357-300x225.jpg?resize=300%2C225\" alt=\"\" width=\"300\" height=\"225\" srcset=\"https:\/\/i0.wp.com\/projetscitoyens.francas71.org\/wp-content\/uploads\/2014\/11\/DSC_0357.jpg?resize=300%2C225 300w, https:\/\/i0.wp.com\/projetscitoyens.francas71.org\/wp-content\/uploads\/2014\/11\/DSC_0357.jpg?resize=1024%2C768 1024w, https:\/\/i0.wp.com\/projetscitoyens.francas71.org\/wp-content\/uploads\/2014\/11\/DSC_0357.jpg?w=1280 1280w, https:\/\/i0.wp.com\/projetscitoyens.francas71.org\/wp-content\/uploads\/2014\/11\/DSC_0357.jpg?w=1920 1920w\" sizes=\"(max-width: 300px) 100vw, 300px\" data-recalc-dims=\"1\" \/><\/a>Pr\u00e9sentation de l\u2019affiche\u00a0:<\/strong><\/p>\n<p align=\"CENTER\"><strong>Vue par les enfants\u00a0:<\/strong><\/p>\n<p align=\"CENTER\">\u00a0Travail sur la diff\u00e9rence. Id\u00e9e de carte d&rsquo;identit\u00e9 pour certains enfants (ceux qui sourient) et pas pour d&rsquo;autres (ceux qui boudent)<\/p>\n<p align=\"CENTER\"><strong>Vue par l\u2019accompagnateur du projet\u00a0:<\/strong><\/p>\n<p align=\"CENTER\">\u00a0Les enfants ont vot\u00e9 pour leur droit \u00ab\u00a0pr\u00e9f\u00e9r\u00e9\u00a0\u00bb : J&rsquo;ai le droit \u00e0 une identit\u00e9<\/p>\n<p align=\"CENTER\">Ils ont imagin\u00e9 un slogan (choisi \u00e0 la majorit\u00e9 absolue)<\/p>\n<p align=\"CENTER\">Ils ont dessin\u00e9 des bonhommes heureux avec identit\u00e9 et malheureux sans identit\u00e9.<\/p>\n<p align=\"CENTER\"><strong>Auteurs\u00a0: (classe de CM1 \/ CM2)<br \/>\n<\/strong><\/p>\n<p align=\"CENTER\">Charlotte ; Merlin ; Marie &#8211; Lou<\/p>\n<p align=\"CENTER\">Adrien ; Lana ; Louise<\/p>\n<p align=\"CENTER\">Robin ; Nathan ; Martin<\/p>\n<p align=\"CENTER\">Maxence ; Mathis ; Ana\u00eblle<\/p>\n<p align=\"CENTER\">Romain ; Louis ; Jade<\/p>\n<p align=\"CENTER\">Evan ; Maxime ; Julien<\/p>\n<p align=\"CENTER\">Ma\u00efwenn ; Kimi ; Cl\u00e9mence<\/p>\n<p align=\"CENTER\">Lisa ; Jules ; Laura<\/p>\n<p align=\"CENTER\">Maxime ; Feyza<\/p>\n","protected":false},"excerpt":{"rendered":"<p>Pr\u00e9sentation de l\u2019affiche\u00a0: Vue par les enfants\u00a0: \u00a0Travail sur la diff\u00e9rence. Id\u00e9e de carte d&rsquo;identit\u00e9 pour certains enfants (ceux qui sourient) et pas pour d&rsquo;autres (ceux qui boudent) Vue par l\u2019accompagnateur du projet\u00a0: \u00a0Les enfants ont vot\u00e9 pour leur droit \u00ab\u00a0pr\u00e9f\u00e9r\u00e9\u00a0\u00bb : J&rsquo;ai le droit \u00e0 une identit\u00e9 Ils ont imagin\u00e9 un slogan (choisi \u00e0 la majorit\u00e9 absolue) Ils ont dessin\u00e9 des bonhommes heureux avec identit\u00e9 et malheureux sans identit\u00e9. Auteurs\u00a0: (classe de CM1 \/ CM2) Charlotte ; Merlin ;&#8230;<\/p>\n<p class=\"read-more\"><a class=\"btn btn-default\" href=\"http:\/\/projetscitoyens.francas71.org\/?p=1695\" onclick=\"return TrackClick('http%3A%2F%2Fprojetscitoyens.francas71.org%2F%3Fp%3D1695','Lire+la+suite+Lire+la+suite')\">Lire la suite<span class=\"screen-reader-text\"> Lire la suite<\/span><\/a><\/p>\n","protected":false},"author":1,"featured_media":1686,"comment_status":"open","ping_status":"open","sticky":false,"template":"","format":"standard","meta":{"jetpack_post_was_ever_published":false,"_jetpack_newsletter_access":"","_jetpack_dont_email_post_to_subs":false,"_jetpack_newsletter_tier_id":0,"_jetpack_memberships_contains_paywalled_content":false,"_jetpack_memberships_contains_paid_content":false,"footnotes":"","jetpack_publicize_message":"","jetpack_publicize_feature_enabled":true,"jetpack_social_post_already_shared":false,"jetpack_social_options":{"image_generator_settings":{"template":"highway","enabled":false},"version":2}},"categories":[119,166],"tags":[],"class_list":["post-1695","post","type-post","status-publish","format-standard","has-post-thumbnail","hentry","category-agis-pour-tes-droits-2","category-2014-les-droits-de-lenfant"],"jetpack_publicize_connections":[],"jetpack_featured_media_url":"https:\/\/i0.wp.com\/projetscitoyens.francas71.org\/wp-content\/uploads\/2014\/11\/DSC_0357.jpg?fit=2592%2C1944","jetpack_sharing_enabled":true,"jetpack_shortlink":"https:\/\/wp.me\/p6M0zG-rl","jetpack-related-posts":[],"jetpack_likes_enabled":true,"_links":{"self":[{"href":"http:\/\/projetscitoyens.francas71.org\/index.php?rest_route=\/wp\/v2\/posts\/1695"}],"collection":[{"href":"http:\/\/projetscitoyens.francas71.org\/index.php?rest_route=\/wp\/v2\/posts"}],"about":[{"href":"http:\/\/projetscitoyens.francas71.org\/index.php?rest_route=\/wp\/v2\/types\/post"}],"author":[{"embeddable":true,"href":"http:\/\/projetscitoyens.francas71.org\/index.php?rest_route=\/wp\/v2\/users\/1"}],"replies":[{"embeddable":true,"href":"http:\/\/projetscitoyens.francas71.org\/index.php?rest_route=%2Fwp%2Fv2%2Fcomments&post=1695"}],"version-history":[{"count":5,"href":"http:\/\/projetscitoyens.francas71.org\/index.php?rest_route=\/wp\/v2\/posts\/1695\/revisions"}],"predecessor-version":[{"id":2999,"href":"http:\/\/projetscitoyens.francas71.org\/index.php?rest_route=\/wp\/v2\/posts\/1695\/revisions\/2999"}],"wp:featuredmedia":[{"embeddable":true,"href":"http:\/\/projetscitoyens.francas71.org\/index.php?rest_route=\/wp\/v2\/media\/1686"}],"wp:attachment":[{"href":"http:\/\/projetscitoyens.francas71.org\/index.php?rest_route=%2Fwp%2Fv2%2Fmedia&parent=1695"}],"wp:term":[{"taxonomy":"category","embeddable":true,"href":"http:\/\/projetscitoyens.francas71.org\/index.php?rest_route=%2Fwp%2Fv2%2Fcategories&post=1695"},{"taxonomy":"post_tag","embeddable":true,"href":"http:\/\/projetscitoyens.francas71.org\/index.php?rest_route=%2Fwp%2Fv2%2Ftags&post=1695"}],"curies":[{"name":"wp","href":"https:\/\/api.w.org\/{rel}","templated":true}]}}