{"id":1720,"date":"2014-11-25T10:49:58","date_gmt":"2014-11-25T09:49:58","guid":{"rendered":"http:\/\/www.francas71.org\/projetscitoyens\/?p=1720"},"modified":"2019-12-16T14:45:25","modified_gmt":"2019-12-16T13:45:25","slug":"affiches-2014-college-st-exupery-macon-cat-4-3","status":"publish","type":"post","link":"http:\/\/projetscitoyens.francas71.org\/?p=1720","title":{"rendered":"Affiches 2014 : \u00ab\u00a0Vive l&rsquo;\u00e9cole ! D\u00e9fendons notre droit \u00e0 l&rsquo;\u00e9ducation\u00a0\u00bb &#8211; coll\u00e8ge St Exup\u00e9ry &#8211; M\u00e2con &#8211; cat 4"},"content":{"rendered":"<p style=\"text-align: center;\"><strong><strong><a href=\"https:\/\/i0.wp.com\/www.francas71.org\/projetscitoyens\/wp-content\/uploads\/2014\/11\/DSC_0349.jpg\" onclick=\"return TrackClick('http%3A%2F%2Fwww.francas71.org%2Fprojetscitoyens%2Fwp-content%2Fuploads%2F2014%2F11%2FDSC_0349.jpg','Vive+l')\"><img loading=\"lazy\" decoding=\"async\" data-attachment-id=\"1677\" data-permalink=\"http:\/\/projetscitoyens.francas71.org\/?attachment_id=1677\" data-orig-file=\"https:\/\/i0.wp.com\/projetscitoyens.francas71.org\/wp-content\/uploads\/2014\/11\/DSC_0349.jpg?fit=2592%2C1944\" data-orig-size=\"2592,1944\" data-comments-opened=\"1\" data-image-meta=\"{&quot;aperture&quot;:&quot;3.59&quot;,&quot;credit&quot;:&quot;&quot;,&quot;camera&quot;:&quot;ST25i&quot;,&quot;caption&quot;:&quot;&quot;,&quot;created_timestamp&quot;:&quot;0&quot;,&quot;copyright&quot;:&quot;&quot;,&quot;focal_length&quot;:&quot;3.59&quot;,&quot;iso&quot;:&quot;0&quot;,&quot;shutter_speed&quot;:&quot;0&quot;,&quot;title&quot;:&quot;&quot;}\" data-image-title=\"Vive l&amp;rsquo;\u00e9cole ! Revendiquons notre droit \u00e0 l&amp;rsquo;\u00e9ducation ( coll\u00e8ge St Exupery &#8211; M\u00e2con)\" data-image-description=\"\" data-image-caption=\"\" data-medium-file=\"https:\/\/i0.wp.com\/projetscitoyens.francas71.org\/wp-content\/uploads\/2014\/11\/DSC_0349.jpg?fit=300%2C225\" data-large-file=\"https:\/\/i0.wp.com\/projetscitoyens.francas71.org\/wp-content\/uploads\/2014\/11\/DSC_0349.jpg?fit=640%2C480\" tabindex=\"0\" role=\"button\" class=\"aligncenter size-medium wp-image-1677\" title=\"Vive l'\u00e9cole ! Revendiquons notre droit \u00e0 l'\u00e9ducation ( coll\u00e8ge St Exupery - M\u00e2con)\" src=\"https:\/\/i0.wp.com\/www.francas71.org\/projetscitoyens\/wp-content\/uploads\/2014\/11\/DSC_0349-300x225.jpg?resize=300%2C225\" alt=\"\" width=\"300\" height=\"225\" srcset=\"https:\/\/i0.wp.com\/projetscitoyens.francas71.org\/wp-content\/uploads\/2014\/11\/DSC_0349.jpg?resize=300%2C225 300w, https:\/\/i0.wp.com\/projetscitoyens.francas71.org\/wp-content\/uploads\/2014\/11\/DSC_0349.jpg?resize=1024%2C768 1024w, https:\/\/i0.wp.com\/projetscitoyens.francas71.org\/wp-content\/uploads\/2014\/11\/DSC_0349.jpg?w=1280 1280w, https:\/\/i0.wp.com\/projetscitoyens.francas71.org\/wp-content\/uploads\/2014\/11\/DSC_0349.jpg?w=1920 1920w\" sizes=\"(max-width: 300px) 100vw, 300px\" data-recalc-dims=\"1\" \/><\/a>Pr\u00e9sentation de l\u2019affiche\u00a0:<\/strong><\/strong><\/p>\n<p align=\"CENTER\"><strong>Vue par les enfants\u00a0:<\/strong><\/p>\n<p style=\"text-align: center;\">VIVE L\u2019\u00c9COLE ! REVENDIQUONS NOTRE DROIT A L\u2019\u00c9DUCATION<\/p>\n<p style=\"text-align: center;\">Le singe en peluche est en train d&rsquo;\u00e9crire sur son cahier de math\u00e9matiques. Le paysage de fond montre des jeunes gens travaillant dans les champs. Les tranch\u00e9es de terre conduisent notre regard sur le singe et focalisent sur une perspective positive : Quand tous les enfants auront le droit d&rsquo;aller \u00e0 l&rsquo;\u00e9cole!?<\/p>\n<p align=\"CENTER\"><strong>Vue par l\u2019accompagnateur du projet\u00a0:<\/strong><\/p>\n<p align=\"CENTER\">Profil de classe : Classe \u00e0 horaires am\u00e9nag\u00e9s.<\/p>\n<p align=\"CENTER\">Le but de la participation de cette classe est de redonner aux \u00e9l\u00e8ves le go\u00fbt \u00e0 l&rsquo;\u00e9cole, et de revaloriser leur image de l&rsquo;\u00e9cole.<\/p>\n<p align=\"CENTER\">Travail interdisciplinaire :<\/p>\n<p align=\"CENTER\">En \u00e9ducation civique les \u00e9l\u00e8ves ont \u00e9tudi\u00e9 les articles des droits de l&rsquo;enfance.<\/p>\n<p align=\"CENTER\">En arts plastiques les \u00e9l\u00e8ves ont d\u00e9gag\u00e9s des id\u00e9es qui les ont marqu\u00e9s : droit d&rsquo;avoir une culture diff\u00e9rente, stopper la maltraitance, ne pas \u00eatre instrumentalis\u00e9 dans une guerre, droit d&rsquo;\u00eatre \u00e9duqu\u00e9 pour garantir un avenir, droit d&rsquo;\u00eatre trait\u00e9 correctement, et droit au respect et \u00e0 l&rsquo;\u00e9galit\u00e9 quelle que soit sa couleur de peau.<\/p>\n<p align=\"CENTER\">R\u00e9alisation des affiches en cours d&rsquo;arts plastiques :<\/p>\n<p style=\"text-align: center;\">L&rsquo;objet dans l&rsquo;art est au centre de notre programme d&rsquo;arts plastiques en 6\u00e8me. Ainsi, les peluches ont \u00e9t\u00e9 utilis\u00e9es comme objet symbolique de l&rsquo;enfance.<\/p>\n<p align=\"CENTER\">Les \u00e9l\u00e8ves sont venus en classe avec leur peluches et les ont mises en sc\u00e8ne afin d&rsquo;illustrer l&rsquo;un des droits de l&rsquo;enfance lorsqu&rsquo;il est bafou\u00e9 ou respect\u00e9 (les \u00e9l\u00e8ves qui ont apport\u00e9 des \u00ab\u00a0doudous\u00a0\u00bb \u00e9taient d&rsquo;autant plus investis dans la gravit\u00e9 des th\u00e8mes abord\u00e9s).<\/p>\n<p align=\"CENTER\">Une photographie sur fond neutre \u00e0 \u00e9t\u00e9 r\u00e9alis\u00e9e et, apr\u00e8s d\u00e9tourage, les \u00e9l\u00e8ves ont coll\u00e9 leur sc\u00e9nette sur une image de fond \u00e0 l&rsquo;aide du logiciel <em>Photofiltre<\/em>.<\/p>\n<p align=\"CENTER\">Le travail avec un outil num\u00e9rique a donc \u00e9t\u00e9 l&rsquo;occasion de se familiariser avec un logiciel de traitement d&rsquo;image et de r\u00e9fl\u00e9chir \u00e0 quelques notions de base telles que le contraste, l&rsquo;\u00e9chelle, et la composition, ainsi qu&rsquo;a des notions purement informatiques.<\/p>\n<p align=\"CENTER\">Place du num\u00e9rique : Le choix du num\u00e9rique est d&rsquo;abord une strat\u00e9gie p\u00e9dagogique qui consiste \u00e0 donner l&rsquo;opportunit\u00e9 aux \u00e9l\u00e8ves de cr\u00e9er une image \u00ab\u00a0parfaite\u00a0\u00bb et d&rsquo;en \u00eatre amplement satisfait (valorisation, estime de soi)<\/p>\n<p align=\"CENTER\">Le travail en salle informatique est aussi l&rsquo;occasion de faire de l&rsquo;art avec un outil qu&rsquo;ils affectionnent tout en leur donnant une autre image des \u00ab\u00a0beaux arts\u00a0\u00bb.<\/p>\n<p align=\"CENTER\"><strong>Auteurs\u00a0:<\/strong><\/p>\n<p align=\"CENTER\">Classe de 6\u00e8me3<\/p>\n","protected":false},"excerpt":{"rendered":"<p>Pr\u00e9sentation de l\u2019affiche\u00a0: Vue par les enfants\u00a0: VIVE L\u2019\u00c9COLE ! REVENDIQUONS NOTRE DROIT A L\u2019\u00c9DUCATION Le singe en peluche est en train d&rsquo;\u00e9crire sur son cahier de math\u00e9matiques. Le paysage de fond montre des jeunes gens travaillant dans les champs. Les tranch\u00e9es de terre conduisent notre regard sur le singe et focalisent sur une perspective positive : Quand tous les enfants auront le droit d&rsquo;aller \u00e0 l&rsquo;\u00e9cole!? Vue par l\u2019accompagnateur du projet\u00a0: Profil de classe : Classe \u00e0 horaires am\u00e9nag\u00e9s&#8230;.<\/p>\n<p class=\"read-more\"><a class=\"btn btn-default\" href=\"http:\/\/projetscitoyens.francas71.org\/?p=1720\" onclick=\"return TrackClick('http%3A%2F%2Fprojetscitoyens.francas71.org%2F%3Fp%3D1720','Lire+la+suite+Lire+la+suite')\">Lire la suite<span class=\"screen-reader-text\"> Lire la suite<\/span><\/a><\/p>\n","protected":false},"author":1,"featured_media":1677,"comment_status":"open","ping_status":"open","sticky":false,"template":"","format":"standard","meta":{"jetpack_post_was_ever_published":false,"_jetpack_newsletter_access":"","_jetpack_dont_email_post_to_subs":false,"_jetpack_newsletter_tier_id":0,"_jetpack_memberships_contains_paywalled_content":false,"_jetpack_memberships_contains_paid_content":false,"footnotes":"","jetpack_publicize_message":"","jetpack_publicize_feature_enabled":true,"jetpack_social_post_already_shared":false,"jetpack_social_options":{"image_generator_settings":{"template":"highway","enabled":false},"version":2}},"categories":[119,166],"tags":[13,14,16,134,27,31,150,34,136,49,123,53,129,62,72,78],"class_list":["post-1720","post","type-post","status-publish","format-standard","has-post-thumbnail","hentry","category-agis-pour-tes-droits-2","category-2014-les-droits-de-lenfant","tag-action","tag-affiche","tag-agis","tag-association","tag-centres-de-loisirs","tag-cide","tag-citoyennete","tag-college","tag-droits-de-lenfant","tag-ecoles","tag-education","tag-enfants","tag-engagement","tag-francas","tag-jeunes","tag-lycee"],"jetpack_publicize_connections":[],"jetpack_featured_media_url":"https:\/\/i0.wp.com\/projetscitoyens.francas71.org\/wp-content\/uploads\/2014\/11\/DSC_0349.jpg?fit=2592%2C1944","jetpack_sharing_enabled":true,"jetpack_shortlink":"https:\/\/wp.me\/p6M0zG-rK","jetpack-related-posts":[],"jetpack_likes_enabled":true,"_links":{"self":[{"href":"http:\/\/projetscitoyens.francas71.org\/index.php?rest_route=\/wp\/v2\/posts\/1720"}],"collection":[{"href":"http:\/\/projetscitoyens.francas71.org\/index.php?rest_route=\/wp\/v2\/posts"}],"about":[{"href":"http:\/\/projetscitoyens.francas71.org\/index.php?rest_route=\/wp\/v2\/types\/post"}],"author":[{"embeddable":true,"href":"http:\/\/projetscitoyens.francas71.org\/index.php?rest_route=\/wp\/v2\/users\/1"}],"replies":[{"embeddable":true,"href":"http:\/\/projetscitoyens.francas71.org\/index.php?rest_route=%2Fwp%2Fv2%2Fcomments&post=1720"}],"version-history":[{"count":5,"href":"http:\/\/projetscitoyens.francas71.org\/index.php?rest_route=\/wp\/v2\/posts\/1720\/revisions"}],"predecessor-version":[{"id":3007,"href":"http:\/\/projetscitoyens.francas71.org\/index.php?rest_route=\/wp\/v2\/posts\/1720\/revisions\/3007"}],"wp:featuredmedia":[{"embeddable":true,"href":"http:\/\/projetscitoyens.francas71.org\/index.php?rest_route=\/wp\/v2\/media\/1677"}],"wp:attachment":[{"href":"http:\/\/projetscitoyens.francas71.org\/index.php?rest_route=%2Fwp%2Fv2%2Fmedia&parent=1720"}],"wp:term":[{"taxonomy":"category","embeddable":true,"href":"http:\/\/projetscitoyens.francas71.org\/index.php?rest_route=%2Fwp%2Fv2%2Fcategories&post=1720"},{"taxonomy":"post_tag","embeddable":true,"href":"http:\/\/projetscitoyens.francas71.org\/index.php?rest_route=%2Fwp%2Fv2%2Ftags&post=1720"}],"curies":[{"name":"wp","href":"https:\/\/api.w.org\/{rel}","templated":true}]}}