{"id":1746,"date":"2014-11-25T11:24:17","date_gmt":"2014-11-25T10:24:17","guid":{"rendered":"http:\/\/www.francas71.org\/projetscitoyens\/?p=1746"},"modified":"2019-12-16T14:46:14","modified_gmt":"2019-12-16T13:46:14","slug":"affiches-2014-college-st-exupery-macon-cat-4-10","status":"publish","type":"post","link":"http:\/\/projetscitoyens.francas71.org\/?p=1746","title":{"rendered":"Affiches 2014 : \u00ab\u00a0Droits de l&rsquo;enfant\u00a0\u00bb &#8211; coll\u00e8ge St Exup\u00e9ry &#8211; M\u00e2con &#8211; cat 4"},"content":{"rendered":"<p style=\"text-align: center;\"><strong><a href=\"https:\/\/i0.wp.com\/www.francas71.org\/projetscitoyens\/wp-content\/uploads\/2014\/11\/DSC_0342.jpg\" onclick=\"return TrackClick('http%3A%2F%2Fwww.francas71.org%2Fprojetscitoyens%2Fwp-content%2Fuploads%2F2014%2F11%2FDSC_0342.jpg','Droits+de+l')\"><img loading=\"lazy\" decoding=\"async\" data-attachment-id=\"1669\" data-permalink=\"http:\/\/projetscitoyens.francas71.org\/?attachment_id=1669\" data-orig-file=\"https:\/\/i0.wp.com\/projetscitoyens.francas71.org\/wp-content\/uploads\/2014\/11\/DSC_0342.jpg?fit=1944%2C2592\" data-orig-size=\"1944,2592\" data-comments-opened=\"1\" data-image-meta=\"{&quot;aperture&quot;:&quot;0&quot;,&quot;credit&quot;:&quot;&quot;,&quot;camera&quot;:&quot;&quot;,&quot;caption&quot;:&quot;&quot;,&quot;created_timestamp&quot;:&quot;0&quot;,&quot;copyright&quot;:&quot;&quot;,&quot;focal_length&quot;:&quot;0&quot;,&quot;iso&quot;:&quot;0&quot;,&quot;shutter_speed&quot;:&quot;0&quot;,&quot;title&quot;:&quot;&quot;}\" data-image-title=\"Droits de l&amp;rsquo;enfant (coll\u00e8ge St Exup\u00e9ry &#8211; M\u00e2con)\" data-image-description=\"\" data-image-caption=\"\" data-medium-file=\"https:\/\/i0.wp.com\/projetscitoyens.francas71.org\/wp-content\/uploads\/2014\/11\/DSC_0342.jpg?fit=225%2C300\" data-large-file=\"https:\/\/i0.wp.com\/projetscitoyens.francas71.org\/wp-content\/uploads\/2014\/11\/DSC_0342.jpg?fit=640%2C853\" tabindex=\"0\" role=\"button\" class=\"aligncenter size-medium wp-image-1669\" title=\"Droits de l'enfant (coll\u00e8ge St Exup\u00e9ry - M\u00e2con)\" src=\"https:\/\/i0.wp.com\/www.francas71.org\/projetscitoyens\/wp-content\/uploads\/2014\/11\/DSC_0342-225x300.jpg?resize=225%2C300\" alt=\"\" width=\"225\" height=\"300\" srcset=\"https:\/\/i0.wp.com\/projetscitoyens.francas71.org\/wp-content\/uploads\/2014\/11\/DSC_0342.jpg?resize=225%2C300 225w, https:\/\/i0.wp.com\/projetscitoyens.francas71.org\/wp-content\/uploads\/2014\/11\/DSC_0342.jpg?resize=768%2C1024 768w, https:\/\/i0.wp.com\/projetscitoyens.francas71.org\/wp-content\/uploads\/2014\/11\/DSC_0342.jpg?resize=1024%2C1365 1024w, https:\/\/i0.wp.com\/projetscitoyens.francas71.org\/wp-content\/uploads\/2014\/11\/DSC_0342.jpg?w=1944 1944w, https:\/\/i0.wp.com\/projetscitoyens.francas71.org\/wp-content\/uploads\/2014\/11\/DSC_0342.jpg?w=1280 1280w\" sizes=\"(max-width: 225px) 100vw, 225px\" data-recalc-dims=\"1\" \/><\/a>Auteurs :<\/strong><\/p>\n<p style=\"text-align: center;\">Lila &#8211; 5\u00e8me<\/p>\n<p style=\"text-align: center;\">M\u00e9lina &#8211; 5\u00e8me<\/p>\n<p style=\"text-align: center;\">Justine &#8211; 5\u00e8me<\/p>\n<p style=\"text-align: center;\">Marine &#8211; 5\u00e8me<\/p>\n","protected":false},"excerpt":{"rendered":"<p>Auteurs : Lila &#8211; 5\u00e8me M\u00e9lina &#8211; 5\u00e8me Justine &#8211; 5\u00e8me Marine &#8211; 5\u00e8me<\/p>\n","protected":false},"author":1,"featured_media":1669,"comment_status":"open","ping_status":"open","sticky":false,"template":"","format":"standard","meta":{"jetpack_post_was_ever_published":false,"_jetpack_newsletter_access":"","_jetpack_dont_email_post_to_subs":false,"_jetpack_newsletter_tier_id":0,"_jetpack_memberships_contains_paywalled_content":false,"_jetpack_memberships_contains_paid_content":false,"footnotes":"","jetpack_publicize_message":"","jetpack_publicize_feature_enabled":true,"jetpack_social_post_already_shared":false,"jetpack_social_options":{"image_generator_settings":{"template":"highway","enabled":false},"version":2}},"categories":[119,166],"tags":[13,14,16,134,27,31,150,34,136,49,123,53,62,72,78],"class_list":["post-1746","post","type-post","status-publish","format-standard","has-post-thumbnail","hentry","category-agis-pour-tes-droits-2","category-2014-les-droits-de-lenfant","tag-action","tag-affiche","tag-agis","tag-association","tag-centres-de-loisirs","tag-cide","tag-citoyennete","tag-college","tag-droits-de-lenfant","tag-ecoles","tag-education","tag-enfants","tag-francas","tag-jeunes","tag-lycee"],"jetpack_publicize_connections":[],"jetpack_featured_media_url":"https:\/\/i0.wp.com\/projetscitoyens.francas71.org\/wp-content\/uploads\/2014\/11\/DSC_0342.jpg?fit=1944%2C2592","jetpack_sharing_enabled":true,"jetpack_shortlink":"https:\/\/wp.me\/p6M0zG-sa","jetpack-related-posts":[],"jetpack_likes_enabled":true,"_links":{"self":[{"href":"http:\/\/projetscitoyens.francas71.org\/index.php?rest_route=\/wp\/v2\/posts\/1746"}],"collection":[{"href":"http:\/\/projetscitoyens.francas71.org\/index.php?rest_route=\/wp\/v2\/posts"}],"about":[{"href":"http:\/\/projetscitoyens.francas71.org\/index.php?rest_route=\/wp\/v2\/types\/post"}],"author":[{"embeddable":true,"href":"http:\/\/projetscitoyens.francas71.org\/index.php?rest_route=\/wp\/v2\/users\/1"}],"replies":[{"embeddable":true,"href":"http:\/\/projetscitoyens.francas71.org\/index.php?rest_route=%2Fwp%2Fv2%2Fcomments&post=1746"}],"version-history":[{"count":4,"href":"http:\/\/projetscitoyens.francas71.org\/index.php?rest_route=\/wp\/v2\/posts\/1746\/revisions"}],"predecessor-version":[{"id":3014,"href":"http:\/\/projetscitoyens.francas71.org\/index.php?rest_route=\/wp\/v2\/posts\/1746\/revisions\/3014"}],"wp:featuredmedia":[{"embeddable":true,"href":"http:\/\/projetscitoyens.francas71.org\/index.php?rest_route=\/wp\/v2\/media\/1669"}],"wp:attachment":[{"href":"http:\/\/projetscitoyens.francas71.org\/index.php?rest_route=%2Fwp%2Fv2%2Fmedia&parent=1746"}],"wp:term":[{"taxonomy":"category","embeddable":true,"href":"http:\/\/projetscitoyens.francas71.org\/index.php?rest_route=%2Fwp%2Fv2%2Fcategories&post=1746"},{"taxonomy":"post_tag","embeddable":true,"href":"http:\/\/projetscitoyens.francas71.org\/index.php?rest_route=%2Fwp%2Fv2%2Ftags&post=1746"}],"curies":[{"name":"wp","href":"https:\/\/api.w.org\/{rel}","templated":true}]}}