{"id":1748,"date":"2014-11-25T11:41:20","date_gmt":"2014-11-25T10:41:20","guid":{"rendered":"http:\/\/www.francas71.org\/projetscitoyens\/?p=1748"},"modified":"2019-12-16T14:46:19","modified_gmt":"2019-12-16T13:46:19","slug":"affiches-2014-college-st-exupery-macon-cat-4-11","status":"publish","type":"post","link":"http:\/\/projetscitoyens.francas71.org\/?p=1748","title":{"rendered":"Affiches 2014 : \u00ab\u00a0Des droits pour moi Des droits pour tous\u00a0\u00bb &#8211; coll\u00e8ge St Exup\u00e9ry &#8211; M\u00e2con &#8211; cat 4"},"content":{"rendered":"<p style=\"text-align: center;\"><strong><strong><a href=\"https:\/\/i0.wp.com\/www.francas71.org\/projetscitoyens\/wp-content\/uploads\/2014\/11\/DSC_0341.jpg\" onclick=\"return TrackClick('http%3A%2F%2Fwww.francas71.org%2Fprojetscitoyens%2Fwp-content%2Fuploads%2F2014%2F11%2FDSC_0341.jpg','Des+droits+pour+moi%2C+des+droits+pour+tous+%28coll%C3%A8ge+Saint+Exup%C3%A9ry+-+M%C3%A2con%29')\"><img loading=\"lazy\" decoding=\"async\" data-attachment-id=\"1668\" data-permalink=\"http:\/\/projetscitoyens.francas71.org\/?attachment_id=1668\" data-orig-file=\"https:\/\/i0.wp.com\/projetscitoyens.francas71.org\/wp-content\/uploads\/2014\/11\/DSC_0341.jpg?fit=2592%2C1944\" data-orig-size=\"2592,1944\" data-comments-opened=\"1\" data-image-meta=\"{&quot;aperture&quot;:&quot;3.59&quot;,&quot;credit&quot;:&quot;&quot;,&quot;camera&quot;:&quot;ST25i&quot;,&quot;caption&quot;:&quot;&quot;,&quot;created_timestamp&quot;:&quot;0&quot;,&quot;copyright&quot;:&quot;&quot;,&quot;focal_length&quot;:&quot;3.59&quot;,&quot;iso&quot;:&quot;0&quot;,&quot;shutter_speed&quot;:&quot;0&quot;,&quot;title&quot;:&quot;&quot;}\" data-image-title=\"Des droits pour moi, des droits pour tous (coll\u00e8ge Saint Exup\u00e9ry &#8211; M\u00e2con)\" data-image-description=\"\" data-image-caption=\"\" data-medium-file=\"https:\/\/i0.wp.com\/projetscitoyens.francas71.org\/wp-content\/uploads\/2014\/11\/DSC_0341.jpg?fit=300%2C225\" data-large-file=\"https:\/\/i0.wp.com\/projetscitoyens.francas71.org\/wp-content\/uploads\/2014\/11\/DSC_0341.jpg?fit=640%2C480\" tabindex=\"0\" role=\"button\" class=\"aligncenter size-medium wp-image-1668\" title=\"Des droits pour moi, des droits pour tous (coll\u00e8ge Saint Exup\u00e9ry - M\u00e2con)\" src=\"https:\/\/i0.wp.com\/www.francas71.org\/projetscitoyens\/wp-content\/uploads\/2014\/11\/DSC_0341-300x225.jpg?resize=300%2C225\" alt=\"\" width=\"300\" height=\"225\" srcset=\"https:\/\/i0.wp.com\/projetscitoyens.francas71.org\/wp-content\/uploads\/2014\/11\/DSC_0341.jpg?resize=300%2C225 300w, https:\/\/i0.wp.com\/projetscitoyens.francas71.org\/wp-content\/uploads\/2014\/11\/DSC_0341.jpg?resize=1024%2C768 1024w, https:\/\/i0.wp.com\/projetscitoyens.francas71.org\/wp-content\/uploads\/2014\/11\/DSC_0341.jpg?w=1280 1280w, https:\/\/i0.wp.com\/projetscitoyens.francas71.org\/wp-content\/uploads\/2014\/11\/DSC_0341.jpg?w=1920 1920w\" sizes=\"(max-width: 300px) 100vw, 300px\" data-recalc-dims=\"1\" \/><\/a>Pr\u00e9sentation de l\u2019affiche\u00a0:<\/strong><\/strong><\/p>\n<p align=\"CENTER\"><strong>Vue par les enfants\u00a0:<\/strong><\/p>\n<p style=\"text-align: center;\">Cours du programme : Droit \u00e0 l&rsquo;\u00e9ducation<\/p>\n<p style=\"text-align: center;\">Par petits groupes nous avons travaill\u00e9 sur des histoires d&rsquo;enfants issus de diff\u00e9rents continents et avons d\u00e9couvert que des enfants travaillaient. Nous avons dress\u00e9 leur portrait.<\/p>\n<p style=\"text-align: center;\">Nous avons lu chacun 3 ou 3 articles de la CIDE, version enfant, et avons donn\u00e9 un titre \u00e0 l&rsquo;article, ainsi nous avons vu tous les droits qu&rsquo;avaient les enfants.<\/p>\n<p style=\"text-align: center;\">Puis, pour comparer, nous avons \u00e9tudi\u00e9 le cas des enfants en France.<\/p>\n<p style=\"text-align: center;\">Enfin notre professeur nous a demand\u00e9 de chercher \u00e0 dire ce que nous voulions dire \u00e0 tout le monde et d&rsquo;imaginer une mise en sc\u00e8ne visuelle \u00e0 partir d&rsquo;\u00e9l\u00e9ments comme droits, anniversaire, enfants, &#8230;<\/p>\n<p style=\"text-align: center;\">Nous avons opt\u00e9 pour un g\u00e2teau qui porte le monde mais celui o\u00f9 les enfants sont les plus touch\u00e9s par l&rsquo;analphab\u00e9tisme (d&rsquo;o\u00f9 le choix de l&rsquo;Afrique, l&rsquo;Am\u00e9rique du sud et l&rsquo;Asie)<\/p>\n<p style=\"text-align: center;\">Puis chacun de nous a confectionn\u00e9 une bougie en papier sur laquelle nous avons \u00e9crit le droit qui nous a le plus touch\u00e9.<\/p>\n<p style=\"text-align: center;\">Nous voulons que la CIDE continue ses efforts car tous les enfants ne sont pas \u00e9gaux.<\/p>\n<p align=\"CENTER\"><strong>Vue par l\u2019accompagnateur du projet\u00a0:<\/strong><\/p>\n<p style=\"text-align: center;\">Projet de classe men\u00e9 en partenariat avec le professeur d&rsquo;Histoire-g\u00e9ographie Education civique et le professeur d&rsquo;Arts plastiques pour deux projets (affiche et carte d&rsquo;anniversaire)<\/p>\n<p align=\"CENTER\"><strong>Auteurs\u00a0:<\/strong><\/p>\n<p align=\"CENTER\">classe de 6\u00e8me Aide et soutient<\/p>\n<p align=\"CENTER\">Burcin ; Dylan<\/p>\n<p align=\"CENTER\">Adrien ; Vanessa<\/p>\n<p align=\"CENTER\">Muhammed ; Evan<\/p>\n<p align=\"CENTER\">Aymane ; Chaima<\/p>\n<p align=\"CENTER\">Tiphaine ; Aida<\/p>\n<p align=\"CENTER\">Kilian ; L\u00e9andra<\/p>\n<p align=\"CENTER\">Feyza ; Benjamin ; Rumeysa<\/p>\n<p align=\"CENTER\">\n","protected":false},"excerpt":{"rendered":"<p>Pr\u00e9sentation de l\u2019affiche\u00a0: Vue par les enfants\u00a0: Cours du programme : Droit \u00e0 l&rsquo;\u00e9ducation Par petits groupes nous avons travaill\u00e9 sur des histoires d&rsquo;enfants issus de diff\u00e9rents continents et avons d\u00e9couvert que des enfants travaillaient. Nous avons dress\u00e9 leur portrait. Nous avons lu chacun 3 ou 3 articles de la CIDE, version enfant, et avons donn\u00e9 un titre \u00e0 l&rsquo;article, ainsi nous avons vu tous les droits qu&rsquo;avaient les enfants. Puis, pour comparer, nous avons \u00e9tudi\u00e9 le cas des enfants&#8230;<\/p>\n<p class=\"read-more\"><a class=\"btn btn-default\" href=\"http:\/\/projetscitoyens.francas71.org\/?p=1748\" onclick=\"return TrackClick('http%3A%2F%2Fprojetscitoyens.francas71.org%2F%3Fp%3D1748','Lire+la+suite+Lire+la+suite')\">Lire la suite<span class=\"screen-reader-text\"> Lire la suite<\/span><\/a><\/p>\n","protected":false},"author":1,"featured_media":1668,"comment_status":"open","ping_status":"open","sticky":false,"template":"","format":"standard","meta":{"jetpack_post_was_ever_published":false,"_jetpack_newsletter_access":"","_jetpack_dont_email_post_to_subs":false,"_jetpack_newsletter_tier_id":0,"_jetpack_memberships_contains_paywalled_content":false,"_jetpack_memberships_contains_paid_content":false,"footnotes":"","jetpack_publicize_message":"","jetpack_publicize_feature_enabled":true,"jetpack_social_post_already_shared":false,"jetpack_social_options":{"image_generator_settings":{"template":"highway","enabled":false},"version":2}},"categories":[119,166],"tags":[13,14,16,134,27,31,150,34,136,49,123,53,62,72,78],"class_list":["post-1748","post","type-post","status-publish","format-standard","has-post-thumbnail","hentry","category-agis-pour-tes-droits-2","category-2014-les-droits-de-lenfant","tag-action","tag-affiche","tag-agis","tag-association","tag-centres-de-loisirs","tag-cide","tag-citoyennete","tag-college","tag-droits-de-lenfant","tag-ecoles","tag-education","tag-enfants","tag-francas","tag-jeunes","tag-lycee"],"jetpack_publicize_connections":[],"jetpack_featured_media_url":"https:\/\/i0.wp.com\/projetscitoyens.francas71.org\/wp-content\/uploads\/2014\/11\/DSC_0341.jpg?fit=2592%2C1944","jetpack_sharing_enabled":true,"jetpack_shortlink":"https:\/\/wp.me\/p6M0zG-sc","jetpack-related-posts":[],"jetpack_likes_enabled":true,"_links":{"self":[{"href":"http:\/\/projetscitoyens.francas71.org\/index.php?rest_route=\/wp\/v2\/posts\/1748"}],"collection":[{"href":"http:\/\/projetscitoyens.francas71.org\/index.php?rest_route=\/wp\/v2\/posts"}],"about":[{"href":"http:\/\/projetscitoyens.francas71.org\/index.php?rest_route=\/wp\/v2\/types\/post"}],"author":[{"embeddable":true,"href":"http:\/\/projetscitoyens.francas71.org\/index.php?rest_route=\/wp\/v2\/users\/1"}],"replies":[{"embeddable":true,"href":"http:\/\/projetscitoyens.francas71.org\/index.php?rest_route=%2Fwp%2Fv2%2Fcomments&post=1748"}],"version-history":[{"count":4,"href":"http:\/\/projetscitoyens.francas71.org\/index.php?rest_route=\/wp\/v2\/posts\/1748\/revisions"}],"predecessor-version":[{"id":3015,"href":"http:\/\/projetscitoyens.francas71.org\/index.php?rest_route=\/wp\/v2\/posts\/1748\/revisions\/3015"}],"wp:featuredmedia":[{"embeddable":true,"href":"http:\/\/projetscitoyens.francas71.org\/index.php?rest_route=\/wp\/v2\/media\/1668"}],"wp:attachment":[{"href":"http:\/\/projetscitoyens.francas71.org\/index.php?rest_route=%2Fwp%2Fv2%2Fmedia&parent=1748"}],"wp:term":[{"taxonomy":"category","embeddable":true,"href":"http:\/\/projetscitoyens.francas71.org\/index.php?rest_route=%2Fwp%2Fv2%2Fcategories&post=1748"},{"taxonomy":"post_tag","embeddable":true,"href":"http:\/\/projetscitoyens.francas71.org\/index.php?rest_route=%2Fwp%2Fv2%2Ftags&post=1748"}],"curies":[{"name":"wp","href":"https:\/\/api.w.org\/{rel}","templated":true}]}}