{"id":18,"date":"2009-09-18T08:56:02","date_gmt":"2009-09-18T07:56:02","guid":{"rendered":"http:\/\/francas.loisirsdegrandir.org\/?p=18"},"modified":"2009-09-18T08:56:02","modified_gmt":"2009-09-18T07:56:02","slug":"la-galerie-des-affiches-realisees-en-2008","status":"publish","type":"post","link":"http:\/\/projetscitoyens.francas71.org\/?p=18","title":{"rendered":"Le concours d&rsquo;affiches en 2008"},"content":{"rendered":"<p><img loading=\"lazy\" decoding=\"async\" data-attachment-id=\"34\" data-permalink=\"http:\/\/projetscitoyens.francas71.org\/?attachment_id=34\" data-orig-file=\"https:\/\/i0.wp.com\/projetscitoyens.francas71.org\/wp-content\/uploads\/2009\/09\/LogoAgis2008PourLeWeb1.jpg?fit=567%2C283\" data-orig-size=\"567,283\" data-comments-opened=\"1\" data-image-meta=\"{&quot;aperture&quot;:&quot;0&quot;,&quot;credit&quot;:&quot;&quot;,&quot;camera&quot;:&quot;&quot;,&quot;caption&quot;:&quot;&quot;,&quot;created_timestamp&quot;:&quot;0&quot;,&quot;copyright&quot;:&quot;&quot;,&quot;focal_length&quot;:&quot;0&quot;,&quot;iso&quot;:&quot;0&quot;,&quot;shutter_speed&quot;:&quot;0&quot;,&quot;title&quot;:&quot;&quot;}\" data-image-title=\"LogoAgis2008PourLeWeb\" data-image-description=\"\" data-image-caption=\"\" data-medium-file=\"https:\/\/i0.wp.com\/projetscitoyens.francas71.org\/wp-content\/uploads\/2009\/09\/LogoAgis2008PourLeWeb1.jpg?fit=300%2C149\" data-large-file=\"https:\/\/i0.wp.com\/projetscitoyens.francas71.org\/wp-content\/uploads\/2009\/09\/LogoAgis2008PourLeWeb1.jpg?fit=567%2C283\" tabindex=\"0\" role=\"button\" class=\"aligncenter size-full wp-image-34\" title=\"LogoAgis2008PourLeWeb\" src=\"https:\/\/i0.wp.com\/francas.loisirsdegrandir.org\/wp-content\/uploads\/2009\/09\/LogoAgis2008PourLeWeb1.jpg?resize=567%2C283\" alt=\"LogoAgis2008PourLeWeb\" width=\"567\" height=\"283\" srcset=\"https:\/\/i0.wp.com\/projetscitoyens.francas71.org\/wp-content\/uploads\/2009\/09\/LogoAgis2008PourLeWeb1.jpg?w=567 567w, https:\/\/i0.wp.com\/projetscitoyens.francas71.org\/wp-content\/uploads\/2009\/09\/LogoAgis2008PourLeWeb1.jpg?resize=300%2C149 300w, https:\/\/i0.wp.com\/projetscitoyens.francas71.org\/wp-content\/uploads\/2009\/09\/LogoAgis2008PourLeWeb1.jpg?resize=500%2C249 500w\" sizes=\"(max-width: 567px) 100vw, 567px\" data-recalc-dims=\"1\" \/><\/p>\n<p>Pour cette deuxi\u00e8me ann\u00e9e de participation au concours national, un bilan tr\u00e8s encourageant : plus de structures participantes pour un peu moins d&rsquo;affiches, mais surtout plus d&rsquo;enfants et de jeunes impliqu\u00e9s.<br \/>\n<span style=\"color: #800000;\">Retrouvez un bilan de l&rsquo;ann\u00e9e 2008 et l&rsquo;ensemble des affiches r\u00e9alis\u00e9es.<\/span><!--more--><\/p>\n<p>25 structures, plus de 350 enfants et jeunes, et une cinquantaine d&rsquo;affiches.<br \/>\nUn relais d&rsquo;assistantes maternelles, des centres de loisirs, un lyc\u00e9e professionnel, une association d&rsquo;habitants &#8230; une grande diversit\u00e9 de structures.<br \/>\nDeux temps forts : le jury et la cl\u00f4ture du concours.<br \/>\n<strong>## Le jury<\/strong> : un mercredi matin de novembre, les 5 personnes du jury (une enseignante, des animatrices et une directrice de centres de loisirs) se sont retrouv\u00e9es sur la commune de<a href=\"http:\/\/www.mairie-saintvallier.fr\/\" onclick=\"return TrackClick('http%3A%2F%2Fwww.mairie-saintvallier.fr%2F','St+Vallier')\" target=\"_blank\"><strong> St Vallier<\/strong><\/a> pour effectuer la s\u00e9lection des 13 affiches pouvant concourir au concours national. Un choix difficile compte tenu de la diversit\u00e9 et de la qualit\u00e9 des affiches r\u00e9alis\u00e9es. Un regret : ne pas avoir r\u00e9ussi \u00e0 associer les enfants et les jeunes dans cette d\u00e9marche. Une satisfaction : 4 centres de loisirs ont r\u00e9alis\u00e9 des vid\u00e9os pour permettre aux enfants d&rsquo;expliquer leur d\u00e9marche de cr\u00e9ation &#8230; un vrai plus pour le jury.<br \/>\n<strong>## La cl\u00f4ture du concours<\/strong> : le mercredi 21 janvier 2009, <a href=\"http:\/\/alsh-escale.blogspot.com\/\" onclick=\"return TrackClick('http%3A%2F%2Falsh-escale.blogspot.com%2F','le+centre+de+loisirs+de+St+R%C3%A9my')\" target=\"_blank\">le centre de loisirs de <strong>St R\u00e9my<\/strong><\/a> avec l&rsquo;aide de la municipalit\u00e9 et des Francas de Sa\u00f4ne et Loire, avait invit\u00e9 tous les enfants et les jeunes participants du concours \u00e0 venir passer une apr\u00e8s midi festive. Au programme, un spectacle de th\u00e9\u00e2tre de la <a href=\"http:\/\/lazcompagnie.free.fr\/\" onclick=\"return TrackClick('http%3A%2F%2Flazcompagnie.free.fr%2F','Z+Compagnie')\" target=\"_blank\">Z Compagnie<\/a> (Iq et Ox) et un go\u00fbter g\u00e9ant. Un ravissement pour pr\u00e8s de 100 enfants et leurs animateurs. Un spectacle de qualit\u00e9 et parfaitement adapt\u00e9 au public enfants et jeunes.<\/p>\n","protected":false},"excerpt":{"rendered":"<p>Pour cette deuxi\u00e8me ann\u00e9e de participation au concours national, un bilan tr\u00e8s encourageant : plus de structures participantes pour un peu moins d&rsquo;affiches, mais surtout plus d&rsquo;enfants et de jeunes impliqu\u00e9s. Retrouvez un bilan de l&rsquo;ann\u00e9e 2008 et l&rsquo;ensemble des affiches r\u00e9alis\u00e9es.<\/p>\n","protected":false},"author":2,"featured_media":0,"comment_status":"open","ping_status":"open","sticky":false,"template":"","format":"standard","meta":{"jetpack_post_was_ever_published":false,"_jetpack_newsletter_access":"","_jetpack_dont_email_post_to_subs":false,"_jetpack_newsletter_tier_id":0,"_jetpack_memberships_contains_paywalled_content":false,"_jetpack_memberships_contains_paid_content":false,"footnotes":"","jetpack_publicize_message":"","jetpack_publicize_feature_enabled":true,"jetpack_social_post_already_shared":false,"jetpack_social_options":{"image_generator_settings":{"template":"highway","enabled":false},"version":2}},"categories":[7],"tags":[27,53,72,174,78,89,99,106],"class_list":["post-18","post","type-post","status-publish","format-standard","hentry","category-historique-agis-pour-tes-droits","tag-centres-de-loisirs","tag-enfants","tag-jeunes","tag-affiches","tag-lycee","tag-participation","tag-relais","tag-structures"],"jetpack_publicize_connections":[],"jetpack_featured_media_url":"","jetpack_sharing_enabled":true,"jetpack_shortlink":"https:\/\/wp.me\/p6M0zG-i","jetpack-related-posts":[],"jetpack_likes_enabled":true,"_links":{"self":[{"href":"http:\/\/projetscitoyens.francas71.org\/index.php?rest_route=\/wp\/v2\/posts\/18"}],"collection":[{"href":"http:\/\/projetscitoyens.francas71.org\/index.php?rest_route=\/wp\/v2\/posts"}],"about":[{"href":"http:\/\/projetscitoyens.francas71.org\/index.php?rest_route=\/wp\/v2\/types\/post"}],"author":[{"embeddable":true,"href":"http:\/\/projetscitoyens.francas71.org\/index.php?rest_route=\/wp\/v2\/users\/2"}],"replies":[{"embeddable":true,"href":"http:\/\/projetscitoyens.francas71.org\/index.php?rest_route=%2Fwp%2Fv2%2Fcomments&post=18"}],"version-history":[{"count":0,"href":"http:\/\/projetscitoyens.francas71.org\/index.php?rest_route=\/wp\/v2\/posts\/18\/revisions"}],"wp:attachment":[{"href":"http:\/\/projetscitoyens.francas71.org\/index.php?rest_route=%2Fwp%2Fv2%2Fmedia&parent=18"}],"wp:term":[{"taxonomy":"category","embeddable":true,"href":"http:\/\/projetscitoyens.francas71.org\/index.php?rest_route=%2Fwp%2Fv2%2Fcategories&post=18"},{"taxonomy":"post_tag","embeddable":true,"href":"http:\/\/projetscitoyens.francas71.org\/index.php?rest_route=%2Fwp%2Fv2%2Ftags&post=18"}],"curies":[{"name":"wp","href":"https:\/\/api.w.org\/{rel}","templated":true}]}}