{"id":1810,"date":"2014-11-26T10:53:36","date_gmt":"2014-11-26T09:53:36","guid":{"rendered":"http:\/\/www.francas71.org\/projetscitoyens\/?p=1810"},"modified":"2019-12-16T14:46:24","modified_gmt":"2019-12-16T13:46:24","slug":"affiche-2014-se-marier-est-une-fete-mais-pas-quand-on-a-13-ans-ecole-elementaire-raymond-dorey-tournus-cat-2","status":"publish","type":"post","link":"http:\/\/projetscitoyens.francas71.org\/?p=1810","title":{"rendered":"Affiche 2014 : \u00ab\u00a0Se marier est une f\u00eate mais pas quand on a 13 ans\u00a0\u00bb &#8211; \u00e9cole \u00e9l\u00e9mentaire Raymond Dorey &#8211; Tournus &#8211; cat 2"},"content":{"rendered":"<p style=\"text-align: center;\"><a href=\"https:\/\/i0.wp.com\/www.francas71.org\/projetscitoyens\/wp-content\/uploads\/2014\/11\/HPIM1754.jpg\" onclick=\"return TrackClick('http%3A%2F%2Fwww.francas71.org%2Fprojetscitoyens%2Fwp-content%2Fuploads%2F2014%2F11%2FHPIM1754.jpg','Se+marier+est+une+f%C3%AAte%2C+mais+pas+quand+on+a+13+ans+-+%C3%A9cole+%C3%A9l%C3%A9mentaire+Raymon+Dorey+-+Tournus')\"><img loading=\"lazy\" decoding=\"async\" data-attachment-id=\"1811\" data-permalink=\"http:\/\/projetscitoyens.francas71.org\/?attachment_id=1811\" data-orig-file=\"https:\/\/i0.wp.com\/projetscitoyens.francas71.org\/wp-content\/uploads\/2014\/11\/HPIM1754.jpg?fit=1920%2C2560\" data-orig-size=\"1920,2560\" data-comments-opened=\"1\" data-image-meta=\"{&quot;aperture&quot;:&quot;3.5&quot;,&quot;credit&quot;:&quot;&quot;,&quot;camera&quot;:&quot;HP Photosmart E327&quot;,&quot;caption&quot;:&quot;&quot;,&quot;created_timestamp&quot;:&quot;1136073782&quot;,&quot;copyright&quot;:&quot;&quot;,&quot;focal_length&quot;:&quot;7.7&quot;,&quot;iso&quot;:&quot;100&quot;,&quot;shutter_speed&quot;:&quot;0.033333333333333&quot;,&quot;title&quot;:&quot;&quot;}\" data-image-title=\"Se marier est une f\u00eate, mais pas quand on a 13 ans &#8211; \u00e9cole \u00e9l\u00e9mentaire Raymon Dorey &#8211; Tournus\" data-image-description=\"\" data-image-caption=\"\" data-medium-file=\"https:\/\/i0.wp.com\/projetscitoyens.francas71.org\/wp-content\/uploads\/2014\/11\/HPIM1754.jpg?fit=225%2C300\" data-large-file=\"https:\/\/i0.wp.com\/projetscitoyens.francas71.org\/wp-content\/uploads\/2014\/11\/HPIM1754.jpg?fit=640%2C853\" tabindex=\"0\" role=\"button\" class=\"aligncenter  wp-image-1811\" title=\"Se marier est une f\u00eate, mais pas quand on a 13 ans - \u00e9cole \u00e9l\u00e9mentaire Raymon Dorey - Tournus\" src=\"https:\/\/i0.wp.com\/www.francas71.org\/projetscitoyens\/wp-content\/uploads\/2014\/11\/HPIM1754-225x300.jpg?resize=225%2C300\" alt=\"\" width=\"225\" height=\"300\" srcset=\"https:\/\/i0.wp.com\/projetscitoyens.francas71.org\/wp-content\/uploads\/2014\/11\/HPIM1754.jpg?resize=225%2C300 225w, https:\/\/i0.wp.com\/projetscitoyens.francas71.org\/wp-content\/uploads\/2014\/11\/HPIM1754.jpg?resize=768%2C1024 768w, https:\/\/i0.wp.com\/projetscitoyens.francas71.org\/wp-content\/uploads\/2014\/11\/HPIM1754.jpg?resize=1024%2C1365 1024w, https:\/\/i0.wp.com\/projetscitoyens.francas71.org\/wp-content\/uploads\/2014\/11\/HPIM1754.jpg?w=1920 1920w, https:\/\/i0.wp.com\/projetscitoyens.francas71.org\/wp-content\/uploads\/2014\/11\/HPIM1754.jpg?w=1280 1280w\" sizes=\"(max-width: 225px) 100vw, 225px\" data-recalc-dims=\"1\" \/><\/a><strong>Pr\u00e9sentation de l&rsquo;affiche :<\/strong><\/p>\n<p style=\"text-align: center;\">Nous sommes partis de la lecture d&rsquo;un livre qui raconte, en Inde, la peine d&rsquo;une petite fille dont la s\u0153ur vient d&rsquo;\u00eatre mari\u00e9e \u00e0 l&rsquo;\u00e2ge de 13 ans.<\/p>\n<p style=\"text-align: center;\">Nous avons parl\u00e9 des occupations des filles \u00e0 13 ans chez nous : elles sont coll\u00e9giennes, elles ont des amis, elles jouent, pratiquent un sport ou font de la musique \u00e9ventuellement. Elles ont des projets d&rsquo;avenir.<\/p>\n<p style=\"text-align: center;\">En Inde, la fille doit arr\u00eater d&rsquo;\u00e9tudier et \u00e9pouser celui que ses parents lui ont choisi. Elle se retrouve avec un statut de femme (elle porte son premier sari et on peint sur leur front un rond rouge qui symbolise l&rsquo;ob\u00e9issance.)<\/p>\n<p style=\"text-align: center;\">Elle part loin de sa famille, deviens responsable d&rsquo;un foyer.<\/p>\n<p style=\"text-align: center;\">Pour l&rsquo;affiche, nous avons voulu marquer le contraste entre un mariage librement consenti et un mariage forc\u00e9.<\/p>\n<p style=\"text-align: center;\">C&rsquo;\u00e9tait difficile de dessiner le couple de mari\u00e9s et la jeune mari\u00e9e hindoue avec son sari, alors nous sommes partis sur de la photocopie. Mais les enfants ont minutieusement colori\u00e9 ce sari.<\/p>\n<p style=\"text-align: center;\"><strong>Auteurs :<\/strong><\/p>\n<p style=\"text-align: center;\">(6 ans )<\/p>\n<p style=\"text-align: center;\">Erwan ; Bryan ; Nesrine<\/p>\n<p style=\"text-align: center;\">Enzo ; Charline ; Lynda<\/p>\n<p style=\"text-align: center;\">Elijah ; Dylan; Valentine<\/p>\n<p style=\"text-align: center;\">Math\u00e9o ; Martin; Kriss<\/p>\n<p style=\"text-align: center;\">Lilya ; Quentin ; Jeanne<\/p>\n<p style=\"text-align: center;\">Th\u00e9o ; Tom ; Enzo<\/p>\n<p style=\"text-align: center;\">Brandy ; Alyah ; Camille<\/p>\n<p style=\"text-align: center;\">Lilou<\/p>\n","protected":false},"excerpt":{"rendered":"<p>Pr\u00e9sentation de l&rsquo;affiche : Nous sommes partis de la lecture d&rsquo;un livre qui raconte, en Inde, la peine d&rsquo;une petite fille dont la s\u0153ur vient d&rsquo;\u00eatre mari\u00e9e \u00e0 l&rsquo;\u00e2ge de 13 ans. Nous avons parl\u00e9 des occupations des filles \u00e0 13 ans chez nous : elles sont coll\u00e9giennes, elles ont des amis, elles jouent, pratiquent un sport ou font de la musique \u00e9ventuellement. Elles ont des projets d&rsquo;avenir. En Inde, la fille doit arr\u00eater d&rsquo;\u00e9tudier et \u00e9pouser celui que ses&#8230;<\/p>\n<p class=\"read-more\"><a class=\"btn btn-default\" href=\"http:\/\/projetscitoyens.francas71.org\/?p=1810\" onclick=\"return TrackClick('http%3A%2F%2Fprojetscitoyens.francas71.org%2F%3Fp%3D1810','Lire+la+suite+Lire+la+suite')\">Lire la suite<span class=\"screen-reader-text\"> Lire la suite<\/span><\/a><\/p>\n","protected":false},"author":1,"featured_media":1811,"comment_status":"open","ping_status":"open","sticky":false,"template":"","format":"standard","meta":{"jetpack_post_was_ever_published":false,"_jetpack_newsletter_access":"","_jetpack_dont_email_post_to_subs":false,"_jetpack_newsletter_tier_id":0,"_jetpack_memberships_contains_paywalled_content":false,"_jetpack_memberships_contains_paid_content":false,"footnotes":"","jetpack_publicize_message":"","jetpack_publicize_feature_enabled":true,"jetpack_social_post_already_shared":false,"jetpack_social_options":{"image_generator_settings":{"template":"highway","enabled":false},"version":2}},"categories":[119,166],"tags":[13,14,16,27,31,150,34,136,49,123,53,62,72,78],"class_list":["post-1810","post","type-post","status-publish","format-standard","has-post-thumbnail","hentry","category-agis-pour-tes-droits-2","category-2014-les-droits-de-lenfant","tag-action","tag-affiche","tag-agis","tag-centres-de-loisirs","tag-cide","tag-citoyennete","tag-college","tag-droits-de-lenfant","tag-ecoles","tag-education","tag-enfants","tag-francas","tag-jeunes","tag-lycee"],"jetpack_publicize_connections":[],"jetpack_featured_media_url":"https:\/\/i0.wp.com\/projetscitoyens.francas71.org\/wp-content\/uploads\/2014\/11\/HPIM1754.jpg?fit=1920%2C2560","jetpack_sharing_enabled":true,"jetpack_shortlink":"https:\/\/wp.me\/p6M0zG-tc","jetpack-related-posts":[],"jetpack_likes_enabled":true,"_links":{"self":[{"href":"http:\/\/projetscitoyens.francas71.org\/index.php?rest_route=\/wp\/v2\/posts\/1810"}],"collection":[{"href":"http:\/\/projetscitoyens.francas71.org\/index.php?rest_route=\/wp\/v2\/posts"}],"about":[{"href":"http:\/\/projetscitoyens.francas71.org\/index.php?rest_route=\/wp\/v2\/types\/post"}],"author":[{"embeddable":true,"href":"http:\/\/projetscitoyens.francas71.org\/index.php?rest_route=\/wp\/v2\/users\/1"}],"replies":[{"embeddable":true,"href":"http:\/\/projetscitoyens.francas71.org\/index.php?rest_route=%2Fwp%2Fv2%2Fcomments&post=1810"}],"version-history":[{"count":4,"href":"http:\/\/projetscitoyens.francas71.org\/index.php?rest_route=\/wp\/v2\/posts\/1810\/revisions"}],"predecessor-version":[{"id":1814,"href":"http:\/\/projetscitoyens.francas71.org\/index.php?rest_route=\/wp\/v2\/posts\/1810\/revisions\/1814"}],"wp:featuredmedia":[{"embeddable":true,"href":"http:\/\/projetscitoyens.francas71.org\/index.php?rest_route=\/wp\/v2\/media\/1811"}],"wp:attachment":[{"href":"http:\/\/projetscitoyens.francas71.org\/index.php?rest_route=%2Fwp%2Fv2%2Fmedia&parent=1810"}],"wp:term":[{"taxonomy":"category","embeddable":true,"href":"http:\/\/projetscitoyens.francas71.org\/index.php?rest_route=%2Fwp%2Fv2%2Fcategories&post=1810"},{"taxonomy":"post_tag","embeddable":true,"href":"http:\/\/projetscitoyens.francas71.org\/index.php?rest_route=%2Fwp%2Fv2%2Ftags&post=1810"}],"curies":[{"name":"wp","href":"https:\/\/api.w.org\/{rel}","templated":true}]}}