{"id":1815,"date":"2014-11-26T12:20:17","date_gmt":"2014-11-26T11:20:17","guid":{"rendered":"http:\/\/www.francas71.org\/projetscitoyens\/?p=1815"},"modified":"2019-12-16T14:47:28","modified_gmt":"2019-12-16T13:47:28","slug":"agis-pour-tes-droits-selections","status":"publish","type":"post","link":"http:\/\/projetscitoyens.francas71.org\/?p=1815","title":{"rendered":"Agis pour tes droits : S\u00e9lections"},"content":{"rendered":"<p style=\"text-align: center;\">Nous f\u00eatons cette ann\u00e9e les 25 ans de la Convention Internationale des Droits de l&rsquo;Enfant. A cette occasion, les enfants ont eu l&rsquo;opportunit\u00e9 de participer \u00e0 plusieurs actions, dont le concours d&rsquo;affiches international \u00ab\u00a0Agis pour tes droits\u00a0\u00bb (organis\u00e9 chaque ann\u00e9e).<\/p>\n<p style=\"text-align: center;\">Depuis plusieurs semaines, les enfants des accueils de loisirs, des accueils p\u00e9riscolaires, des \u00e9coles, coll\u00e8ges et lyc\u00e9es se sont pench\u00e9s sur la question des droits de l&rsquo;enfant (ici et ailleurs) \u00e0 travers diverses d\u00e9marches p\u00e9dagogiques.<\/p>\n<p style=\"text-align: center;\">Les affiches sont un des multiples supports (cartes, po\u00e8mes, cadeaux, ambassadeurs,&#8230;) produits pour relater de la r\u00e9flexion et des revendications des participants.<\/p>\n<p style=\"text-align: center;\"><strong>La prochaine \u00e9tape est la s\u00e9lection d\u00e9partementale des affiches qui participeront \u00e0 l&rsquo;exposition nationale.<\/strong><\/p>\n<p style=\"text-align: center;\"><strong>Nous vous proposons de choisir <span style=\"text-decoration: underline;\">parmi les 32 affiches suivantes, les 3 affiches qui pour vous ont les messages les plus percutants<\/span>, celles qui vous interpellent particuli\u00e8rement en raison d&rsquo;un visuel ou d&rsquo;un slogan original. Vous pouvez voter jusqu&rsquo;au jeudi 27 novembre minuit, et nous faire part de vos choix par mail ou sms (envoyez les num\u00e9ros des affiches laur\u00e9ates) :\u00a0<\/strong><\/p>\n<h2 style=\"text-align: center;\"><span style=\"text-decoration: underline;\">mail : priscillia.mootooveeren@francas71.org<\/span><\/h2>\n<h2 style=\"text-align: center;\"><span style=\"text-decoration: underline;\">tel : 06.11.72.17.97<\/span><\/h2>\n<p style=\"text-align: center;\">Vous trouverez ci dessous les liens des affiches class\u00e9es par cat\u00e9gories :<\/p>\n<ul>\n<li><strong><span style=\"text-decoration: underline;\">Cat\u00e9gorie 1 (enfants de moins de 6 ans):<\/span> <\/strong><\/li>\n<\/ul>\n<p style=\"text-align: left;\"><a title=\"Affiche 2014 : \u00ab\u00a0Nos diff\u00e9rences sont une richesse\u00a0\u00bb \u2013 Accueil de loisirs municipal \u2013 Bourbon Lancy \u2013 cat 1\" href=\"http:\/\/www.francas71.org\/projetscitoyens\/?p=1663\" onclick=\"return TrackClick('http%3A%2F%2Fwww.francas71.org%2Fprojetscitoyens%2F%3Fp%3D1663','Affiche+2014+%3A+%C2%AB%C2%A0Nos+diff%C3%A9rences+sont+une+richesse%C2%A0%C2%BB+%E2%80%93+Accueil+de+loisirs+municipal+%E2%80%93+Bourbon+Lancy+%E2%80%93+cat+1')\" target=\"_blank\" rel=\"noopener noreferrer\">A1(Bourbon Lancy) <\/a><\/p>\n<ul style=\"text-align: left;\">\n<li><strong><span style=\"text-decoration: underline;\">Cat\u00e9gorie 2 (6 &#8211; 8 ans) :<\/span> <\/strong><\/li>\n<\/ul>\n<p style=\"text-align: left;\"><a title=\"Affiche 2014 : \u00ab\u00a0Se marier est une f\u00eate mais pas quand on a 13 ans\u00a0\u00bb \u2013 \u00e9cole \u00e9l\u00e9mentaire Raymond Dorey \u2013 Tournus \u2013 cat 2\" href=\"http:\/\/www.francas71.org\/projetscitoyens\/?p=1810\" onclick=\"return TrackClick('http%3A%2F%2Fwww.francas71.org%2Fprojetscitoyens%2F%3Fp%3D1810','Affiche+2014+%3A+%C2%AB%C2%A0Se+marier+est+une+f%C3%AAte+mais+pas+quand+on+a+13+ans%C2%A0%C2%BB+%E2%80%93+%C3%A9cole+%C3%A9l%C3%A9mentaire+Raymond+Dorey+%E2%80%93+Tournus+%E2%80%93+cat+2')\" target=\"_blank\" rel=\"noopener noreferrer\">A2(Tournus) <\/a>; <a title=\"Affiches 2014 : \u00ab\u00a0La diff\u00e9rence n\u2019emp\u00eache pas d\u2019\u00eatre amis\u00a0\u00bb \u2013 Ecole le Poisson \u00e0 plume \u2013 Poisson \u2013 cat 2\" href=\"http:\/\/www.francas71.org\/projetscitoyens\/?p=1693\" onclick=\"return TrackClick('http%3A%2F%2Fwww.francas71.org%2Fprojetscitoyens%2F%3Fp%3D1693','Affiches+2014+%3A+%C2%AB%C2%A0La+diff%C3%A9rence+n%E2%80%99emp%C3%AAche+pas+d%E2%80%99%C3%AAtre+amis%C2%A0%C2%BB+%E2%80%93+Ecole+le+Poisson+%C3%A0+plume+%E2%80%93+Poisson+%E2%80%93+cat+2')\" target=\"_blank\" rel=\"noopener noreferrer\">A3(Poisson)<\/a> ; <a title=\"Affiches 2014 : \u00ab\u00a0Ca fait au moins mille fois qu\u2019on a compt\u00e9 nos droits ! \u00a0\u00bb \u2013 Ecole le Poisson \u00e0 plume \u2013 Poisson \u2013 cat 2\" href=\"http:\/\/www.francas71.org\/projetscitoyens\/?p=1689\" onclick=\"return TrackClick('http%3A%2F%2Fwww.francas71.org%2Fprojetscitoyens%2F%3Fp%3D1689','Affiches+2014+%3A+%C2%AB%C2%A0Ca+fait+au+moins+mille+fois+qu%E2%80%99on+a+compt%C3%A9+nos+droits+%21+%C2%A0%C2%BB+%E2%80%93+Ecole+le+Poisson+%C3%A0+plume+%E2%80%93+Poisson+%E2%80%93+cat+2')\" target=\"_blank\" rel=\"noopener noreferrer\">A4(Poisson)<\/a><\/p>\n<ul>\n<li><span style=\"text-decoration: underline;\"><strong>Cat\u00e9gorie 3 (8 &#8211; 11 ans) :<\/strong><\/span><\/li>\n<\/ul>\n<p><a title=\"Affiche 2014 : \u00ab\u00a0Redonner le sourire aux enfants malheureux\u00a0\u00bb \u2013 Ecole Ren\u00e9 Boudier \u2013 Vir\u00e9 \u2013 cat 3\" href=\"http:\/\/www.francas71.org\/projetscitoyens\/?p=1698\" onclick=\"return TrackClick('http%3A%2F%2Fwww.francas71.org%2Fprojetscitoyens%2F%3Fp%3D1698','Affiche+2014+%3A+%C2%AB%C2%A0Redonner+le+sourire+aux+enfants+malheureux%C2%A0%C2%BB+%E2%80%93+Ecole+Ren%C3%A9+Boudier+%E2%80%93+Vir%C3%A9+%E2%80%93+cat+3')\" target=\"_blank\" rel=\"noopener noreferrer\">A5(Vir\u00e9)<\/a> ; <a title=\"Affiche 2014 : \u00ab\u00a0L\u2019identit\u00e9 pouquoi lui et pas moi ? \u00a0\u00bb \u2013 Ecole Ren\u00e9 Boudier \u2013 Vir\u00e9 \u2013 cat 3\" href=\"http:\/\/www.francas71.org\/projetscitoyens\/?p=1695\" onclick=\"return TrackClick('http%3A%2F%2Fwww.francas71.org%2Fprojetscitoyens%2F%3Fp%3D1695','Affiche+2014+%3A+%C2%AB%C2%A0L%E2%80%99identit%C3%A9+pouquoi+lui+et+pas+moi+%3F+%C2%A0%C2%BB+%E2%80%93+Ecole+Ren%C3%A9+Boudier+%E2%80%93+Vir%C3%A9+%E2%80%93+cat+3')\" target=\"_blank\" rel=\"noopener noreferrer\">A6(Vir\u00e9) <\/a>; <a title=\"Affiche 2014 : \u00ab\u00a0Tous r\u00e9unis pour la vie !\u00a0\u00bb \u2013 Accueil de loisirs municipal \u2013 Bourbon Lancy \u2013 cat 3\" href=\"http:\/\/www.francas71.org\/projetscitoyens\/?p=1661\" onclick=\"return TrackClick('http%3A%2F%2Fwww.francas71.org%2Fprojetscitoyens%2F%3Fp%3D1661','Affiche+2014+%3A+%C2%AB%C2%A0Tous+r%C3%A9unis+pour+la+vie+%21%C2%A0%C2%BB+%E2%80%93+Accueil+de+loisirs+municipal+%E2%80%93+Bourbon+Lancy+%E2%80%93+cat+3')\" target=\"_blank\" rel=\"noopener noreferrer\">A7(Bourbon Lancy) <\/a>; <a title=\"Affiches 2014 : \u00ab\u00a0On a tous le droit de manger pour vivre ! \u00a0\u00bb \u2013 Ecole Annexe \u2013 M\u00e2con \u2013 activit\u00e9s p\u00e9riscolaires \u2013 cat 3\" href=\"http:\/\/www.francas71.org\/projetscitoyens\/?p=1644\" onclick=\"return TrackClick('http%3A%2F%2Fwww.francas71.org%2Fprojetscitoyens%2F%3Fp%3D1644','Affiches+2014+%3A+%C2%AB%C2%A0On+a+tous+le+droit+de+manger+pour+vivre+%21+%C2%A0%C2%BB+%E2%80%93+Ecole+Annexe+%E2%80%93+M%C3%A2con+%E2%80%93+activit%C3%A9s+p%C3%A9riscolaires+%E2%80%93+cat+3')\" target=\"_blank\" rel=\"noopener noreferrer\">A8(M\u00e2con) <\/a>;<\/p>\n<p><a title=\"Affiches 2014 : \u00ab\u00a0Stop \u00e0 la violence !!!\u00a0\u00bb \u2013 Ecole Annexe \u2013 M\u00e2con \u2013 activit\u00e9s p\u00e9riscolaires \u2013 cat 3\" href=\"http:\/\/www.francas71.org\/projetscitoyens\/?p=1641\" onclick=\"return TrackClick('http%3A%2F%2Fwww.francas71.org%2Fprojetscitoyens%2F%3Fp%3D1641','Affiches+2014+%3A+%C2%AB%C2%A0Stop+%C3%A0+la+violence+%21%21%21%C2%A0%C2%BB+%E2%80%93+Ecole+Annexe+%E2%80%93+M%C3%A2con+%E2%80%93+activit%C3%A9s+p%C3%A9riscolaires+%E2%80%93+cat+3')\" target=\"_blank\" rel=\"noopener noreferrer\">A9(M\u00e2con) <\/a>; <a title=\"Affiches 2014 : \u00ab\u00a0J\u2019ai le droit d\u2019\u00eatre prot\u00e9g\u00e9 de la violence\u00a0\u00bb \u2013 Ecole Annexe \u2013 M\u00e2con \u2013 activit\u00e9s p\u00e9riscolaires \u2013 cat 3\" href=\"http:\/\/www.francas71.org\/projetscitoyens\/?p=1639\" onclick=\"return TrackClick('http%3A%2F%2Fwww.francas71.org%2Fprojetscitoyens%2F%3Fp%3D1639','Affiches+2014+%3A+%C2%AB%C2%A0J%E2%80%99ai+le+droit+d%E2%80%99%C3%AAtre+prot%C3%A9g%C3%A9+de+la+violence%C2%A0%C2%BB+%E2%80%93+Ecole+Annexe+%E2%80%93+M%C3%A2con+%E2%80%93+activit%C3%A9s+p%C3%A9riscolaires+%E2%80%93+cat+3')\" target=\"_blank\" rel=\"noopener noreferrer\">A10(M\u00e2con)<\/a> ; <a title=\"Affiche 2014 : \u00ab\u00a0J\u2019ai le droit \u00e0 ma vie priv\u00e9e\u00a0\u00bb \u2013 Ecole Annexe \u2013 M\u00e2con \u2013 activit\u00e9s p\u00e9riscolaires \u2013 cat 3\" href=\"http:\/\/www.francas71.org\/projetscitoyens\/?p=1636\" onclick=\"return TrackClick('http%3A%2F%2Fwww.francas71.org%2Fprojetscitoyens%2F%3Fp%3D1636','Affiche+2014+%3A+%C2%AB%C2%A0J%E2%80%99ai+le+droit+%C3%A0+ma+vie+priv%C3%A9e%C2%A0%C2%BB+%E2%80%93+Ecole+Annexe+%E2%80%93+M%C3%A2con+%E2%80%93+activit%C3%A9s+p%C3%A9riscolaires+%E2%80%93+cat+3')\" target=\"_blank\" rel=\"noopener noreferrer\">A11(M\u00e2con)<\/a> ; <a title=\"Affiches 2014 : \u00ab\u00a0On a tous quelqu\u2019un pour nous soigner\u00a0\u00bb \u2013 Ecole annexe \u2013 M\u00e2con \u2013 activit\u00e9s p\u00e9riscolaires \u2013 cat 3\" href=\"http:\/\/www.francas71.org\/projetscitoyens\/?p=1632\" onclick=\"return TrackClick('http%3A%2F%2Fwww.francas71.org%2Fprojetscitoyens%2F%3Fp%3D1632','Affiches+2014+%3A+%C2%AB%C2%A0On+a+tous+quelqu%E2%80%99un+pour+nous+soigner%C2%A0%C2%BB+%E2%80%93+Ecole+annexe+%E2%80%93+M%C3%A2con+%E2%80%93+activit%C3%A9s+p%C3%A9riscolaires+%E2%80%93+cat+3')\" target=\"_blank\" rel=\"noopener noreferrer\">A12(M\u00e2con)<\/a> ;<\/p>\n<p><a title=\"Affiches 2014 : \u00ab\u00a0Les soins c\u2019est pas que pour les grands, c\u2019est aussi pour les enfants\u00a0\u00bb \u2013 Ecole annexe \u2013 M\u00e2con \u2013 activit\u00e9s p\u00e9riscolaires \u2013 cat 3\" href=\"http:\/\/www.francas71.org\/projetscitoyens\/?p=1630\" onclick=\"return TrackClick('http%3A%2F%2Fwww.francas71.org%2Fprojetscitoyens%2F%3Fp%3D1630','Affiches+2014+%3A+%C2%AB%C2%A0Les+soins+c%E2%80%99est+pas+que+pour+les+grands%2C+c%E2%80%99est+aussi+pour+les+enfants%C2%A0%C2%BB+%E2%80%93+Ecole+annexe+%E2%80%93+M%C3%A2con+%E2%80%93+activit%C3%A9s+p%C3%A9riscolaires+%E2%80%93+cat+3')\" target=\"_blank\" rel=\"noopener noreferrer\">A13(M\u00e2con)<\/a> ; <a title=\"Affiche 2014 : \u00ab\u00a0Loisirs pour tous\u00a0\u00bb \u2013 Ecole Annexe (M\u00e2con) \u2013 activit\u00e9s p\u00e9riscolaires \u2013 cat 3\" href=\"http:\/\/www.francas71.org\/projetscitoyens\/?p=1614\" onclick=\"return TrackClick('http%3A%2F%2Fwww.francas71.org%2Fprojetscitoyens%2F%3Fp%3D1614','Affiche+2014+%3A+%C2%AB%C2%A0Loisirs+pour+tous%C2%A0%C2%BB+%E2%80%93+Ecole+Annexe+%28M%C3%A2con%29+%E2%80%93+activit%C3%A9s+p%C3%A9riscolaires+%E2%80%93+cat+3')\" target=\"_blank\" rel=\"noopener noreferrer\">A14(M\u00e2con) <\/a>; <a title=\"Affiche 2014 : \u00ab\u00a0Non \u00e0 la discrimination \u00e0 la r\u00e9cr\u00e9ation\u00a0\u00bb \u2013 Ecole Annexe (M\u00e2con) \u2013 activit\u00e9s p\u00e9riscolaires \u2013 cat 3\" href=\"http:\/\/www.francas71.org\/projetscitoyens\/?p=1607\" onclick=\"return TrackClick('http%3A%2F%2Fwww.francas71.org%2Fprojetscitoyens%2F%3Fp%3D1607','Affiche+2014+%3A+%C2%AB%C2%A0Non+%C3%A0+la+discrimination+%C3%A0+la+r%C3%A9cr%C3%A9ation%C2%A0%C2%BB+%E2%80%93+Ecole+Annexe+%28M%C3%A2con%29+%E2%80%93+activit%C3%A9s+p%C3%A9riscolaires+%E2%80%93+cat+3')\" target=\"_blank\" rel=\"noopener noreferrer\">A15(M\u00e2con)<\/a><\/p>\n<ul>\n<li><span style=\"text-decoration: underline;\"><strong>Cat\u00e9gorie 4 (11 &#8211; 14 ans) :<\/strong><\/span><\/li>\n<\/ul>\n<p><a title=\"Affiches 2014 : \u00ab\u00a0Des droits pour moi Des droits pour tous\u00a0\u00bb \u2013 coll\u00e8ge St Exup\u00e9ry \u2013 M\u00e2con \u2013 cat 4\" href=\"http:\/\/www.francas71.org\/projetscitoyens\/?p=1748\" onclick=\"return TrackClick('http%3A%2F%2Fwww.francas71.org%2Fprojetscitoyens%2F%3Fp%3D1748','Affiches+2014+%3A+%C2%AB%C2%A0Des+droits+pour+moi+Des+droits+pour+tous%C2%A0%C2%BB+%E2%80%93+coll%C3%A8ge+St+Exup%C3%A9ry+%E2%80%93+M%C3%A2con+%E2%80%93+cat+4')\" target=\"_blank\" rel=\"noopener noreferrer\">A16(M\u00e2con)<\/a> ; <a title=\"Affiches 2014 : \u00ab\u00a0Droits de l\u2019enfant\u00a0\u00bb \u2013 coll\u00e8ge St Exup\u00e9ry \u2013 M\u00e2con \u2013 cat 4\" href=\"http:\/\/www.francas71.org\/projetscitoyens\/?p=1746\" onclick=\"return TrackClick('http%3A%2F%2Fwww.francas71.org%2Fprojetscitoyens%2F%3Fp%3D1746','Affiches+2014+%3A+%C2%AB%C2%A0Droits+de+l%E2%80%99enfant%C2%A0%C2%BB+%E2%80%93+coll%C3%A8ge+St+Exup%C3%A9ry+%E2%80%93+M%C3%A2con+%E2%80%93+cat+4')\" target=\"_blank\" rel=\"noopener noreferrer\">A17(M\u00e2con)<\/a> ; <a title=\"Affiches 2014 : \u00ab\u00a0Tous ensemble 100 diff\u00e9rence\u00a0\u00bb \u2013 coll\u00e8ge St Exup\u00e9ry \u2013 M\u00e2con \u2013 cat 4\" href=\"http:\/\/www.francas71.org\/projetscitoyens\/?p=1742\" onclick=\"return TrackClick('http%3A%2F%2Fwww.francas71.org%2Fprojetscitoyens%2F%3Fp%3D1742','Affiches+2014+%3A+%C2%AB%C2%A0Tous+ensemble+100+diff%C3%A9rence%C2%A0%C2%BB+%E2%80%93+coll%C3%A8ge+St+Exup%C3%A9ry+%E2%80%93+M%C3%A2con+%E2%80%93+cat+4')\" target=\"_blank\" rel=\"noopener noreferrer\">A18(M\u00e2con)<\/a> ; <a title=\"Affiches 2014 : \u00ab\u00a0Tous \u00e9gaux\u00a0\u00bb \u2013 coll\u00e8ge St Exup\u00e9ry \u2013 M\u00e2con \u2013 cat 4\" href=\"http:\/\/www.francas71.org\/projetscitoyens\/?p=1735\" onclick=\"return TrackClick('http%3A%2F%2Fwww.francas71.org%2Fprojetscitoyens%2F%3Fp%3D1735','Affiches+2014+%3A+%C2%AB%C2%A0Tous+%C3%A9gaux%C2%A0%C2%BB+%E2%80%93+coll%C3%A8ge+St+Exup%C3%A9ry+%E2%80%93+M%C3%A2con+%E2%80%93+cat+4')\" target=\"_blank\" rel=\"noopener noreferrer\">A19(M\u00e2con)<\/a> ;<\/p>\n<p><a title=\"Affiches 2014 : \u00ab\u00a0Tous diff\u00e9rents Tous \u00e9gaux\u00a0\u00bb \u2013 coll\u00e8ge St Exup\u00e9ry \u2013 M\u00e2con \u2013 cat 4\" href=\"http:\/\/www.francas71.org\/projetscitoyens\/?p=1732\" onclick=\"return TrackClick('http%3A%2F%2Fwww.francas71.org%2Fprojetscitoyens%2F%3Fp%3D1732','Affiches+2014+%3A+%C2%AB%C2%A0Tous+diff%C3%A9rents+Tous+%C3%A9gaux%C2%A0%C2%BB+%E2%80%93+coll%C3%A8ge+St+Exup%C3%A9ry+%E2%80%93+M%C3%A2con+%E2%80%93+cat+4')\" target=\"_blank\" rel=\"noopener noreferrer\">A20(M\u00e2con)<\/a> ; <a title=\"Affiches 2014 : \u00ab\u00a0Tous diff\u00e9rents Tous \u00e9gaux\u00a0\u00bb \u2013 coll\u00e8ge St Exup\u00e9ry \u2013 M\u00e2con \u2013 cat 4\" href=\"http:\/\/www.francas71.org\/projetscitoyens\/?p=1724\" onclick=\"return TrackClick('http%3A%2F%2Fwww.francas71.org%2Fprojetscitoyens%2F%3Fp%3D1724','Affiches+2014+%3A+%C2%AB%C2%A0Tous+diff%C3%A9rents+Tous+%C3%A9gaux%C2%A0%C2%BB+%E2%80%93+coll%C3%A8ge+St+Exup%C3%A9ry+%E2%80%93+M%C3%A2con+%E2%80%93+cat+4')\" target=\"_blank\" rel=\"noopener noreferrer\">A21(M\u00e2con)<\/a> ; <a title=\"Affiches 2014 : \u00ab\u00a0D\u00e9fendons les droits de l\u2019enfance\u00a0\u00bb \u2013 coll\u00e8ge St Exup\u00e9ry \u2013 M\u00e2con \u2013 cat 4\" href=\"http:\/\/www.francas71.org\/projetscitoyens\/?p=1728\" onclick=\"return TrackClick('http%3A%2F%2Fwww.francas71.org%2Fprojetscitoyens%2F%3Fp%3D1728','Affiches+2014+%3A+%C2%AB%C2%A0D%C3%A9fendons+les+droits+de+l%E2%80%99enfance%C2%A0%C2%BB+%E2%80%93+coll%C3%A8ge+St+Exup%C3%A9ry+%E2%80%93+M%C3%A2con+%E2%80%93+cat+4')\" target=\"_blank\" rel=\"noopener noreferrer\">A22(M\u00e2con)<\/a> ; <a title=\"Affiches 2014 : \u00ab\u00a0Vive l\u2019\u00e9cole ! D\u00e9fendons notre droit \u00e0 l\u2019\u00e9ducation\u00a0\u00bb \u2013 coll\u00e8ge St Exup\u00e9ry \u2013 M\u00e2con \u2013 cat 4\" href=\"http:\/\/www.francas71.org\/projetscitoyens\/?p=1720\" onclick=\"return TrackClick('http%3A%2F%2Fwww.francas71.org%2Fprojetscitoyens%2F%3Fp%3D1720','Affiches+2014+%3A+%C2%AB%C2%A0Vive+l%E2%80%99%C3%A9cole+%21+D%C3%A9fendons+notre+droit+%C3%A0+l%E2%80%99%C3%A9ducation%C2%A0%C2%BB+%E2%80%93+coll%C3%A8ge+St+Exup%C3%A9ry+%E2%80%93+M%C3%A2con+%E2%80%93+cat+4')\" target=\"_blank\" rel=\"noopener noreferrer\">A23(M\u00e2con)<\/a> ;<\/p>\n<p><a title=\"Affiches 2014 : \u00ab\u00a0L\u2019adulte veille \u00e0 notre bonne sant\u00e9\u00a0\u00bb \u2013 coll\u00e8ge St Exup\u00e9ry \u2013 M\u00e2con \u2013 cat 4\" href=\"http:\/\/www.francas71.org\/projetscitoyens\/?p=1713\" onclick=\"return TrackClick('http%3A%2F%2Fwww.francas71.org%2Fprojetscitoyens%2F%3Fp%3D1713','Affiches+2014+%3A+%C2%AB%C2%A0L%E2%80%99adulte+veille+%C3%A0+notre+bonne+sant%C3%A9%C2%A0%C2%BB+%E2%80%93+coll%C3%A8ge+St+Exup%C3%A9ry+%E2%80%93+M%C3%A2con+%E2%80%93+cat+4')\" target=\"_blank\" rel=\"noopener noreferrer\">A24(M\u00e2con)<\/a> ; <a title=\"Affiches 2014 : \u00ab\u00a0Stop \u00e0 la violence faite sur l\u2019enfance ! \u00a0\u00bb \u2013 coll\u00e8ge St Exup\u00e9ry \u2013 M\u00e2con \u2013 cat 4\" href=\"http:\/\/www.francas71.org\/projetscitoyens\/?p=1714\" onclick=\"return TrackClick('http%3A%2F%2Fwww.francas71.org%2Fprojetscitoyens%2F%3Fp%3D1714','Affiches+2014+%3A+%C2%AB%C2%A0Stop+%C3%A0+la+violence+faite+sur+l%E2%80%99enfance+%21+%C2%A0%C2%BB+%E2%80%93+coll%C3%A8ge+St+Exup%C3%A9ry+%E2%80%93+M%C3%A2con+%E2%80%93+cat+4')\" target=\"_blank\" rel=\"noopener noreferrer\">A25(M\u00e2con)<\/a> ; <a title=\"Affiche 2014 \u2013 \u00ab\u00a0Aider les pauvres c\u2019est leur donner de l\u2019argent. Et la nourriture ? \u00a0\u00bb \u2013 coll\u00e8ge St Exup\u00e9ry \u2013 M\u00e2con \u2013 6\u00e8me 3 \u2013 cat 4\" href=\"http:\/\/www.francas71.org\/projetscitoyens\/?p=1709\" onclick=\"return TrackClick('http%3A%2F%2Fwww.francas71.org%2Fprojetscitoyens%2F%3Fp%3D1709','Affiche+2014+%E2%80%93+%C2%AB%C2%A0Aider+les+pauvres+c%E2%80%99est+leur+donner+de+l%E2%80%99argent.+Et+la+nourriture+%3F+%C2%A0%C2%BB+%E2%80%93+coll%C3%A8ge+St+Exup%C3%A9ry+%E2%80%93+M%C3%A2con+%E2%80%93+6%C3%A8me+3+%E2%80%93+cat+4')\" target=\"_blank\" rel=\"noopener noreferrer\">A26(M\u00e2con) <\/a>; <a title=\"Affiches 2014 : \u00ab\u00a0Je veux m\u2019exprimer\u00a0\u00bb \u2013 Club UNESCO \u2013 coll\u00e8ge Jean Moulin \u2013 Marsigny \u2013 cat 4\" href=\"http:\/\/www.francas71.org\/projetscitoyens\/?p=1659\" onclick=\"return TrackClick('http%3A%2F%2Fwww.francas71.org%2Fprojetscitoyens%2F%3Fp%3D1659','Affiches+2014+%3A+%C2%AB%C2%A0Je+veux+m%E2%80%99exprimer%C2%A0%C2%BB+%E2%80%93+Club+UNESCO+%E2%80%93+coll%C3%A8ge+Jean+Moulin+%E2%80%93+Marsigny+%E2%80%93+cat+4')\" target=\"_blank\" rel=\"noopener noreferrer\">A27(Marcigny)<\/a> ;<\/p>\n<p><a title=\"Affiches 2014 : \u00ab\u00a0Un toit pour toi Un toit pour moi\u00a0\u00bb \u2013 Club UNESCO \u2013 coll\u00e8ge Jean Moulin \u2013 Marsigny \u2013 cat 4\" href=\"http:\/\/www.francas71.org\/projetscitoyens\/?p=1657\" onclick=\"return TrackClick('http%3A%2F%2Fwww.francas71.org%2Fprojetscitoyens%2F%3Fp%3D1657','Affiches+2014+%3A+%C2%AB%C2%A0Un+toit+pour+toi+Un+toit+pour+moi%C2%A0%C2%BB+%E2%80%93+Club+UNESCO+%E2%80%93+coll%C3%A8ge+Jean+Moulin+%E2%80%93+Marsigny+%E2%80%93+cat+4')\" target=\"_blank\" rel=\"noopener noreferrer\">A28(Marcigny)<\/a> ; <a title=\"Affiche 2014 : \u00ab\u00a0J\u2019ai le droit de r\u00eaver de rire de jouer et de ne pas \u00eatre exploit\u00e9!!!\u00a0\u00bb \u2013 club UNESCO \u2013 coll\u00e8ge Jean Moulin \u2013 Marsigny \u2013 cat 4\" href=\"http:\/\/www.francas71.org\/projetscitoyens\/?p=1652\" onclick=\"return TrackClick('http%3A%2F%2Fwww.francas71.org%2Fprojetscitoyens%2F%3Fp%3D1652','Affiche+2014+%3A+%C2%AB%C2%A0J%E2%80%99ai+le+droit+de+r%C3%AAver+de+rire+de+jouer+et+de+ne+pas+%C3%AAtre+exploit%C3%A9%21%21%21%C2%A0%C2%BB+%E2%80%93+club+UNESCO+%E2%80%93+coll%C3%A8ge+Jean+Moulin+%E2%80%93+Marsigny+%E2%80%93+cat+4')\" target=\"_blank\" rel=\"noopener noreferrer\">A29(Marcigny)<\/a> ; <a title=\"Affiches 2014 : \u00ab\u00a0On est tous pareils, on se ressemble !\u00a0\u00bb \u2013 Club UNESCO \u2013 coll\u00e8ge Jean Moulin \u2013 Marsigny \u2013 cat 4\" href=\"http:\/\/www.francas71.org\/projetscitoyens\/?p=1648\" onclick=\"return TrackClick('http%3A%2F%2Fwww.francas71.org%2Fprojetscitoyens%2F%3Fp%3D1648','Affiches+2014+%3A+%C2%AB%C2%A0On+est+tous+pareils%2C+on+se+ressemble+%21%C2%A0%C2%BB+%E2%80%93+Club+UNESCO+%E2%80%93+coll%C3%A8ge+Jean+Moulin+%E2%80%93+Marsigny+%E2%80%93+cat+4')\" target=\"_blank\" rel=\"noopener noreferrer\">A30(Marcigny)<\/a> ; <a title=\"Affiche 2014 : \u00ab\u00a0On fait des dessins pour ceux qui ont besoin de soins\u00a0\u00bb \u2013 Club UNESCO \u2013 Coll\u00e8ge Jean Moulin \u2013 Marsigny \u2013 cat 4\" href=\"http:\/\/www.francas71.org\/projetscitoyens\/?p=1646\" onclick=\"return TrackClick('http%3A%2F%2Fwww.francas71.org%2Fprojetscitoyens%2F%3Fp%3D1646','Affiche+2014+%3A+%C2%AB%C2%A0On+fait+des+dessins+pour+ceux+qui+ont+besoin+de+soins%C2%A0%C2%BB+%E2%80%93+Club+UNESCO+%E2%80%93+Coll%C3%A8ge+Jean+Moulin+%E2%80%93+Marsigny+%E2%80%93+cat+4')\" target=\"_blank\" rel=\"noopener noreferrer\">A31(Marcigny) <\/a><\/p>\n<ul>\n<li><span style=\"text-decoration: underline;\"><strong>Cat\u00e9gorie 5 (14 &#8211; 15 ans) :<\/strong> <\/span><\/li>\n<\/ul>\n<p><a title=\"Affiches 2014 : \u00ab\u00a0A force de travailler on oublie la soci\u00e9t\u00e9\u00a0\u00bb \u2013 coll\u00e8ge St Exup\u00e9ry \u2013 M\u00e2con \u2013 cat 5\" href=\"http:\/\/www.francas71.org\/projetscitoyens\/?p=1738\" onclick=\"return TrackClick('http%3A%2F%2Fwww.francas71.org%2Fprojetscitoyens%2F%3Fp%3D1738','Affiches+2014+%3A+%C2%AB%C2%A0A+force+de+travailler+on+oublie+la+soci%C3%A9t%C3%A9%C2%A0%C2%BB+%E2%80%93+coll%C3%A8ge+St+Exup%C3%A9ry+%E2%80%93+M%C3%A2con+%E2%80%93+cat+5')\" target=\"_blank\" rel=\"noopener noreferrer\">A32(M\u00e2con)<\/a><\/p>\n<p>&nbsp;<\/p>\n<p>&nbsp;<\/p>\n<p style=\"text-align: center;\">\n","protected":false},"excerpt":{"rendered":"<p>Nous f\u00eatons cette ann\u00e9e les 25 ans de la Convention Internationale des Droits de l&rsquo;Enfant. A cette occasion, les enfants ont eu l&rsquo;opportunit\u00e9 de participer \u00e0 plusieurs actions, dont le concours d&rsquo;affiches international \u00ab\u00a0Agis pour tes droits\u00a0\u00bb (organis\u00e9 chaque ann\u00e9e). Depuis plusieurs semaines, les enfants des accueils de loisirs, des accueils p\u00e9riscolaires, des \u00e9coles, coll\u00e8ges et lyc\u00e9es se sont pench\u00e9s sur la question des droits de l&rsquo;enfant (ici et ailleurs) \u00e0 travers diverses d\u00e9marches p\u00e9dagogiques. Les affiches sont un des&#8230;<\/p>\n<p class=\"read-more\"><a class=\"btn btn-default\" href=\"http:\/\/projetscitoyens.francas71.org\/?p=1815\" onclick=\"return TrackClick('http%3A%2F%2Fprojetscitoyens.francas71.org%2F%3Fp%3D1815','Lire+la+suite+Lire+la+suite')\">Lire la suite<span class=\"screen-reader-text\"> Lire la suite<\/span><\/a><\/p>\n","protected":false},"author":1,"featured_media":921,"comment_status":"open","ping_status":"open","sticky":false,"template":"","format":"standard","meta":{"jetpack_post_was_ever_published":false,"_jetpack_newsletter_access":"","_jetpack_dont_email_post_to_subs":false,"_jetpack_newsletter_tier_id":0,"_jetpack_memberships_contains_paywalled_content":false,"_jetpack_memberships_contains_paid_content":false,"footnotes":"","jetpack_publicize_message":"","jetpack_publicize_feature_enabled":true,"jetpack_social_post_already_shared":false,"jetpack_social_options":{"image_generator_settings":{"template":"highway","enabled":false},"version":2}},"categories":[119,166],"tags":[13,14,16,134,27,31,150,34,136,49,123,53,62,78],"class_list":["post-1815","post","type-post","status-publish","format-standard","has-post-thumbnail","hentry","category-agis-pour-tes-droits-2","category-2014-les-droits-de-lenfant","tag-action","tag-affiche","tag-agis","tag-association","tag-centres-de-loisirs","tag-cide","tag-citoyennete","tag-college","tag-droits-de-lenfant","tag-ecoles","tag-education","tag-enfants","tag-francas","tag-lycee"],"jetpack_publicize_connections":[],"jetpack_featured_media_url":"https:\/\/i0.wp.com\/projetscitoyens.francas71.org\/wp-content\/uploads\/2014\/09\/logo_fond-aptd-2014_0.jpg?fit=1723%2C1020","jetpack_sharing_enabled":true,"jetpack_shortlink":"https:\/\/wp.me\/p6M0zG-th","jetpack-related-posts":[],"jetpack_likes_enabled":true,"_links":{"self":[{"href":"http:\/\/projetscitoyens.francas71.org\/index.php?rest_route=\/wp\/v2\/posts\/1815"}],"collection":[{"href":"http:\/\/projetscitoyens.francas71.org\/index.php?rest_route=\/wp\/v2\/posts"}],"about":[{"href":"http:\/\/projetscitoyens.francas71.org\/index.php?rest_route=\/wp\/v2\/types\/post"}],"author":[{"embeddable":true,"href":"http:\/\/projetscitoyens.francas71.org\/index.php?rest_route=\/wp\/v2\/users\/1"}],"replies":[{"embeddable":true,"href":"http:\/\/projetscitoyens.francas71.org\/index.php?rest_route=%2Fwp%2Fv2%2Fcomments&post=1815"}],"version-history":[{"count":20,"href":"http:\/\/projetscitoyens.francas71.org\/index.php?rest_route=\/wp\/v2\/posts\/1815\/revisions"}],"predecessor-version":[{"id":3017,"href":"http:\/\/projetscitoyens.francas71.org\/index.php?rest_route=\/wp\/v2\/posts\/1815\/revisions\/3017"}],"wp:featuredmedia":[{"embeddable":true,"href":"http:\/\/projetscitoyens.francas71.org\/index.php?rest_route=\/wp\/v2\/media\/921"}],"wp:attachment":[{"href":"http:\/\/projetscitoyens.francas71.org\/index.php?rest_route=%2Fwp%2Fv2%2Fmedia&parent=1815"}],"wp:term":[{"taxonomy":"category","embeddable":true,"href":"http:\/\/projetscitoyens.francas71.org\/index.php?rest_route=%2Fwp%2Fv2%2Fcategories&post=1815"},{"taxonomy":"post_tag","embeddable":true,"href":"http:\/\/projetscitoyens.francas71.org\/index.php?rest_route=%2Fwp%2Fv2%2Ftags&post=1815"}],"curies":[{"name":"wp","href":"https:\/\/api.w.org\/{rel}","templated":true}]}}