{"id":1849,"date":"2015-07-31T13:57:08","date_gmt":"2015-07-31T12:57:08","guid":{"rendered":"http:\/\/www.francas71.org\/projetscitoyens\/?p=1849"},"modified":"2019-12-16T14:48:00","modified_gmt":"2019-12-16T13:48:00","slug":"agis-pour-tes-droits-2015","status":"publish","type":"post","link":"http:\/\/projetscitoyens.francas71.org\/?p=1849","title":{"rendered":"Agis pour tes droits 2015"},"content":{"rendered":"<h4>Le concours d&rsquo;affiches international propos\u00e9 par la F\u00e9d\u00e9ration Nationale des Francas est lanc\u00e9. Il est ouvert \u00e0 tous les groupes d&rsquo;enfants et d&rsquo;adolescents du d\u00e9partement.<\/h4>\n<p><span style=\"font-family: Arial,sans-serif;\"><span style=\"font-size: small;\">Ce concours doit servir \u00e0 initier avec un groupe d&rsquo;enfants ou d&rsquo;adolescents une <strong>d\u00e9marche p\u00e9dagogique en trois \u00e9tapes<\/strong>\u00a0:<\/span><\/span><\/p>\n<p><span style=\"font-family: Arial,sans-serif;\"><span style=\"font-size: small;\"> <strong>1\/ D\u00e9couvrir<\/strong> la Convention Internationale des Droits de l&rsquo;Enfant, son contenu, son histoire, sa diffusion<\/span><\/span><\/p>\n<p><span style=\"font-family: Arial,sans-serif;\"><span style=\"font-size: small;\"> <strong>2\/ Se questionner<\/strong> sur son application ici et ailleurs pour les enfants. Avec notamment des questionnements sur le droit \u00e0 la sant\u00e9, \u00e0 l&rsquo;\u00e9ducation, aux loisirs, \u00e0 la libre expression, etc.<\/span><\/span><\/p>\n<p><span style=\"font-family: Arial,sans-serif;\"><span style=\"font-size: small;\"> <strong>3\/ Inventer<\/strong> des formes d&rsquo;actions locales avec les enfants pour mieux faire conna\u00eetre cette Convention, pour interpeller les habitants, etc.<\/span><\/span><\/p>\n<p>Vous trouverez les \u00e9l\u00e9ments pour pouvoir le mettre en oeuvre avec vos groupes d&rsquo;enfants.<\/p>\n<p><a href=\"http:\/\/www.francas71.org\/projetscitoyens\/wp-content\/uploads\/2015\/07\/livret_2015_0.pdf\" onclick=\"return TrackClick('http%3A%2F%2Fwww.francas71.org%2Fprojetscitoyens%2Fwp-content%2Fuploads%2F2015%2F07%2Flivret_2015_0.pdf','Le+livret+de+pr%C3%A9sentation')\">Le livret de pr\u00e9sentation<\/a><\/p>\n<p><a href=\"http:\/\/www.francas71.org\/projetscitoyens\/wp-content\/uploads\/2015\/07\/flyer_inscription_2015_sans_cotes.pdf\" onclick=\"return TrackClick('http%3A%2F%2Fwww.francas71.org%2Fprojetscitoyens%2Fwp-content%2Fuploads%2F2015%2F07%2Fflyer_inscription_2015_sans_cotes.pdf','La+fiche+d%22inscription')\">La fiche d&rsquo;inscription<\/a><\/p>\n<p>&nbsp;<\/p>\n","protected":false},"excerpt":{"rendered":"<p>Le concours d&rsquo;affiches international propos\u00e9 par la F\u00e9d\u00e9ration Nationale des Francas est lanc\u00e9. Il est ouvert \u00e0 tous les groupes d&rsquo;enfants et d&rsquo;adolescents du d\u00e9partement. Ce concours doit servir \u00e0 initier avec un groupe d&rsquo;enfants ou d&rsquo;adolescents une d\u00e9marche p\u00e9dagogique en trois \u00e9tapes\u00a0: 1\/ D\u00e9couvrir la Convention Internationale des Droits de l&rsquo;Enfant, son contenu, son histoire, sa diffusion 2\/ Se questionner sur son application ici et ailleurs pour les enfants. Avec notamment des questionnements sur le droit \u00e0 la sant\u00e9,&#8230;<\/p>\n<p class=\"read-more\"><a class=\"btn btn-default\" href=\"http:\/\/projetscitoyens.francas71.org\/?p=1849\" onclick=\"return TrackClick('http%3A%2F%2Fprojetscitoyens.francas71.org%2F%3Fp%3D1849','Lire+la+suite+Lire+la+suite')\">Lire la suite<span class=\"screen-reader-text\"> Lire la suite<\/span><\/a><\/p>\n","protected":false},"author":1,"featured_media":1850,"comment_status":"open","ping_status":"open","sticky":false,"template":"","format":"standard","meta":{"jetpack_post_was_ever_published":false,"_jetpack_newsletter_access":"","_jetpack_dont_email_post_to_subs":false,"_jetpack_newsletter_tier_id":0,"_jetpack_memberships_contains_paywalled_content":false,"_jetpack_memberships_contains_paid_content":false,"footnotes":"","jetpack_publicize_message":"","jetpack_publicize_feature_enabled":true,"jetpack_social_post_already_shared":false,"jetpack_social_options":{"image_generator_settings":{"template":"highway","enabled":false},"version":2}},"categories":[119,177],"tags":[150,123,52,62],"class_list":["post-1849","post","type-post","status-publish","format-standard","has-post-thumbnail","hentry","category-agis-pour-tes-droits-2","category-2015-les-droits-de-lenfant","tag-citoyennete","tag-education","tag-enfant","tag-francas"],"jetpack_publicize_connections":[],"jetpack_featured_media_url":"https:\/\/i0.wp.com\/projetscitoyens.francas71.org\/wp-content\/uploads\/2015\/07\/agis-15-image-01.jpg?fit=972%2C683","jetpack_sharing_enabled":true,"jetpack_shortlink":"https:\/\/wp.me\/p6M0zG-tP","jetpack-related-posts":[],"jetpack_likes_enabled":true,"_links":{"self":[{"href":"http:\/\/projetscitoyens.francas71.org\/index.php?rest_route=\/wp\/v2\/posts\/1849"}],"collection":[{"href":"http:\/\/projetscitoyens.francas71.org\/index.php?rest_route=\/wp\/v2\/posts"}],"about":[{"href":"http:\/\/projetscitoyens.francas71.org\/index.php?rest_route=\/wp\/v2\/types\/post"}],"author":[{"embeddable":true,"href":"http:\/\/projetscitoyens.francas71.org\/index.php?rest_route=\/wp\/v2\/users\/1"}],"replies":[{"embeddable":true,"href":"http:\/\/projetscitoyens.francas71.org\/index.php?rest_route=%2Fwp%2Fv2%2Fcomments&post=1849"}],"version-history":[{"count":5,"href":"http:\/\/projetscitoyens.francas71.org\/index.php?rest_route=\/wp\/v2\/posts\/1849\/revisions"}],"predecessor-version":[{"id":3018,"href":"http:\/\/projetscitoyens.francas71.org\/index.php?rest_route=\/wp\/v2\/posts\/1849\/revisions\/3018"}],"wp:featuredmedia":[{"embeddable":true,"href":"http:\/\/projetscitoyens.francas71.org\/index.php?rest_route=\/wp\/v2\/media\/1850"}],"wp:attachment":[{"href":"http:\/\/projetscitoyens.francas71.org\/index.php?rest_route=%2Fwp%2Fv2%2Fmedia&parent=1849"}],"wp:term":[{"taxonomy":"category","embeddable":true,"href":"http:\/\/projetscitoyens.francas71.org\/index.php?rest_route=%2Fwp%2Fv2%2Fcategories&post=1849"},{"taxonomy":"post_tag","embeddable":true,"href":"http:\/\/projetscitoyens.francas71.org\/index.php?rest_route=%2Fwp%2Fv2%2Ftags&post=1849"}],"curies":[{"name":"wp","href":"https:\/\/api.w.org\/{rel}","templated":true}]}}