{"id":1860,"date":"2015-09-11T13:09:00","date_gmt":"2015-09-11T12:09:00","guid":{"rendered":"http:\/\/www.francas71.org\/projetscitoyens\/?p=1860"},"modified":"2019-12-16T14:48:09","modified_gmt":"2019-12-16T13:48:09","slug":"10-propositions-pour-mieux-faire-connaitre-le-convention","status":"publish","type":"post","link":"http:\/\/projetscitoyens.francas71.org\/?p=1860","title":{"rendered":"10 propositions pour mieux faire conna\u00eetre la Convention"},"content":{"rendered":"<p><a href=\"https:\/\/i0.wp.com\/www.francas71.org\/projetscitoyens\/wp-content\/uploads\/2015\/09\/Ce\u00cc\u0081re\u00cc\u0081monie_25e_anniversaire_Convention_des_droits_de_lenfant_-_28_01_2015_054.jpg\" onclick=\"return TrackClick('http%3A%2F%2Fwww.francas71.org%2Fprojetscitoyens%2Fwp-content%2Fuploads%2F2015%2F09%2FCe%C3%8C%C2%81re%C3%8C%C2%81monie_25e_anniversaire_Convention_des_droits_de_lenfant_-_28_01_2015_054.jpg','Ce%C3%8C%C2%81re%C3%8C%C2%81monie_25e_anniversaire_Convention_des_droits_de_l')\"><img loading=\"lazy\" decoding=\"async\" data-attachment-id=\"1863\" data-permalink=\"http:\/\/projetscitoyens.francas71.org\/?attachment_id=1863\" data-orig-file=\"https:\/\/i0.wp.com\/projetscitoyens.francas71.org\/wp-content\/uploads\/2015\/09\/Ce\u00cc\u0081re\u00cc\u0081monie_25e_anniversaire_Convention_des_droits_de_lenfant_-_28_01_2015_054.jpg?fit=941%2C1416\" data-orig-size=\"941,1416\" data-comments-opened=\"1\" data-image-meta=\"{&quot;aperture&quot;:&quot;4&quot;,&quot;credit&quot;:&quot;Thierry Convert&quot;,&quot;camera&quot;:&quot;NIKON D3200&quot;,&quot;caption&quot;:&quot;&quot;,&quot;created_timestamp&quot;:&quot;1422478199&quot;,&quot;copyright&quot;:&quot;\\u00c2\\u00a9Thierry Convert - CG71&quot;,&quot;focal_length&quot;:&quot;24&quot;,&quot;iso&quot;:&quot;5600&quot;,&quot;shutter_speed&quot;:&quot;0.0125&quot;,&quot;title&quot;:&quot;&quot;}\" data-image-title=\"Ce\u00cc\u0081re\u00cc\u0081monie_25e_anniversaire_Convention_des_droits_de_l&amp;rsquo;enfant_-_28_01_2015_054\" data-image-description=\"\" data-image-caption=\"\" data-medium-file=\"https:\/\/i0.wp.com\/projetscitoyens.francas71.org\/wp-content\/uploads\/2015\/09\/Ce\u00cc\u0081re\u00cc\u0081monie_25e_anniversaire_Convention_des_droits_de_lenfant_-_28_01_2015_054.jpg?fit=199%2C300\" data-large-file=\"https:\/\/i0.wp.com\/projetscitoyens.francas71.org\/wp-content\/uploads\/2015\/09\/Ce\u00cc\u0081re\u00cc\u0081monie_25e_anniversaire_Convention_des_droits_de_lenfant_-_28_01_2015_054.jpg?fit=640%2C964\" tabindex=\"0\" role=\"button\" class=\"alignleft size-medium wp-image-1863\" title=\"Ce\u00cc\u0081re\u00cc\u0081monie_25e_anniversaire_Convention_des_droits_de_l'enfant_-_28_01_2015_054\" src=\"https:\/\/i0.wp.com\/www.francas71.org\/projetscitoyens\/wp-content\/uploads\/2015\/09\/Ce\u00cc\u0081re\u00cc\u0081monie_25e_anniversaire_Convention_des_droits_de_lenfant_-_28_01_2015_054-199x300.jpg?resize=199%2C300\" alt=\"\" width=\"199\" height=\"300\" srcset=\"https:\/\/i0.wp.com\/projetscitoyens.francas71.org\/wp-content\/uploads\/2015\/09\/Ce\u00cc\u0081re\u00cc\u0081monie_25e_anniversaire_Convention_des_droits_de_lenfant_-_28_01_2015_054.jpg?resize=199%2C300 199w, https:\/\/i0.wp.com\/projetscitoyens.francas71.org\/wp-content\/uploads\/2015\/09\/Ce\u00cc\u0081re\u00cc\u0081monie_25e_anniversaire_Convention_des_droits_de_lenfant_-_28_01_2015_054.jpg?resize=680%2C1024 680w, https:\/\/i0.wp.com\/projetscitoyens.francas71.org\/wp-content\/uploads\/2015\/09\/Ce\u00cc\u0081re\u00cc\u0081monie_25e_anniversaire_Convention_des_droits_de_lenfant_-_28_01_2015_054.jpg?w=941 941w\" sizes=\"(max-width: 199px) 100vw, 199px\" data-recalc-dims=\"1\" \/><\/a><\/p>\n<p>En 2014, 25 groupes d&rsquo;enfants et d&rsquo;adolescents du d\u00e9partement se sont mobilis\u00e9s pour les 25 ans de la Convention Internationale des Droits de l&rsquo;Enfant. Rencontr\u00e9s par des adultes ambassadeurs, ils ont \u00e9nonc\u00e9 10 propositions pour mieux faire la Convention.<\/p>\n<p>Les propositions sont les suivantes :<br \/>\nProposition 1\/<br \/>\nR\u00e9aliser et diffuser des films, des dessins anim\u00e9s, des spots pendant les matchs de foot et \u00e0 la t\u00e9l\u00e9vision<br \/>\nProposition 2\/<br \/>\nR\u00e9aliser et diffuser des affiches dans les villes, dans les \u00e9coles et diffuser des tracts dans les bo\u00eetes aux lettres<br \/>\nProposition 3\/<br \/>\nOrganiser des manifestations publiques\u00a0 : l\u00e2chers de ballons, r\u00e9unions avec des adultes, lecture des articles de la Convention<br \/>\nProposition 4\/<br \/>\nR\u00e9aliser et pr\u00e9senter une pi\u00e8ce de th\u00e9\u00e2tre<br \/>\nProposition 5\/<br \/>\nR\u00e9aliser des statues repr\u00e9sentant les droits de l&rsquo;enfant<br \/>\nProposition 6\/<br \/>\nOrganiser un parlement r\u00e9unissant les enfants et les adultes<br \/>\nProposition 7\/<br \/>\nUtiliser les nouvelles technologies : des jeux sur consoles, des messages sur internet<br \/>\nProposition 8\/<br \/>\n\u00c9crire et envoyer des courriers aux \u00e9lus locaux et nationaux (Pr\u00e9sident)<br \/>\nProposition 9\/<br \/>\nOrganiser des manifestations solidaires\u00a0 : collecte de jouets, de v\u00eatements, de nourriture<br \/>\nProposition 10\/<br \/>\nIntervenir dans les m\u00e9dias\u00a0 : radio, t\u00e9l\u00e9vision, presse \u00e9crite. Faire des \u00e9missions, \u00e9crire des articles<\/p>\n","protected":false},"excerpt":{"rendered":"<p>En 2014, 25 groupes d&rsquo;enfants et d&rsquo;adolescents du d\u00e9partement se sont mobilis\u00e9s pour les 25 ans de la Convention Internationale des Droits de l&rsquo;Enfant. Rencontr\u00e9s par des adultes ambassadeurs, ils ont \u00e9nonc\u00e9 10 propositions pour mieux faire la Convention. Les propositions sont les suivantes : Proposition 1\/ R\u00e9aliser et diffuser des films, des dessins anim\u00e9s, des spots pendant les matchs de foot et \u00e0 la t\u00e9l\u00e9vision Proposition 2\/ R\u00e9aliser et diffuser des affiches dans les villes, dans les \u00e9coles et&#8230;<\/p>\n<p class=\"read-more\"><a class=\"btn btn-default\" href=\"http:\/\/projetscitoyens.francas71.org\/?p=1860\" onclick=\"return TrackClick('http%3A%2F%2Fprojetscitoyens.francas71.org%2F%3Fp%3D1860','Lire+la+suite+Lire+la+suite')\">Lire la suite<span class=\"screen-reader-text\"> Lire la suite<\/span><\/a><\/p>\n","protected":false},"author":1,"featured_media":1861,"comment_status":"open","ping_status":"open","sticky":false,"template":"","format":"standard","meta":{"jetpack_post_was_ever_published":false,"_jetpack_newsletter_access":"","_jetpack_dont_email_post_to_subs":false,"_jetpack_newsletter_tier_id":0,"_jetpack_memberships_contains_paywalled_content":false,"_jetpack_memberships_contains_paid_content":false,"footnotes":"","jetpack_publicize_message":"","jetpack_publicize_feature_enabled":true,"jetpack_social_post_already_shared":false,"jetpack_social_options":{"image_generator_settings":{"template":"highway","enabled":false},"version":2}},"categories":[119,177],"tags":[169,129,168],"class_list":["post-1860","post","type-post","status-publish","format-standard","has-post-thumbnail","hentry","category-agis-pour-tes-droits-2","category-2015-les-droits-de-lenfant","tag-convention-internationale","tag-engagement","tag-propositions"],"jetpack_publicize_connections":[],"jetpack_featured_media_url":"https:\/\/i0.wp.com\/projetscitoyens.francas71.org\/wp-content\/uploads\/2015\/09\/bandeau-proposition-cide.jpg?fit=532%2C263","jetpack_sharing_enabled":true,"jetpack_shortlink":"https:\/\/wp.me\/p6M0zG-u0","jetpack-related-posts":[],"jetpack_likes_enabled":true,"_links":{"self":[{"href":"http:\/\/projetscitoyens.francas71.org\/index.php?rest_route=\/wp\/v2\/posts\/1860"}],"collection":[{"href":"http:\/\/projetscitoyens.francas71.org\/index.php?rest_route=\/wp\/v2\/posts"}],"about":[{"href":"http:\/\/projetscitoyens.francas71.org\/index.php?rest_route=\/wp\/v2\/types\/post"}],"author":[{"embeddable":true,"href":"http:\/\/projetscitoyens.francas71.org\/index.php?rest_route=\/wp\/v2\/users\/1"}],"replies":[{"embeddable":true,"href":"http:\/\/projetscitoyens.francas71.org\/index.php?rest_route=%2Fwp%2Fv2%2Fcomments&post=1860"}],"version-history":[{"count":5,"href":"http:\/\/projetscitoyens.francas71.org\/index.php?rest_route=\/wp\/v2\/posts\/1860\/revisions"}],"predecessor-version":[{"id":3019,"href":"http:\/\/projetscitoyens.francas71.org\/index.php?rest_route=\/wp\/v2\/posts\/1860\/revisions\/3019"}],"wp:featuredmedia":[{"embeddable":true,"href":"http:\/\/projetscitoyens.francas71.org\/index.php?rest_route=\/wp\/v2\/media\/1861"}],"wp:attachment":[{"href":"http:\/\/projetscitoyens.francas71.org\/index.php?rest_route=%2Fwp%2Fv2%2Fmedia&parent=1860"}],"wp:term":[{"taxonomy":"category","embeddable":true,"href":"http:\/\/projetscitoyens.francas71.org\/index.php?rest_route=%2Fwp%2Fv2%2Fcategories&post=1860"},{"taxonomy":"post_tag","embeddable":true,"href":"http:\/\/projetscitoyens.francas71.org\/index.php?rest_route=%2Fwp%2Fv2%2Ftags&post=1860"}],"curies":[{"name":"wp","href":"https:\/\/api.w.org\/{rel}","templated":true}]}}