{"id":1866,"date":"2015-09-11T13:21:17","date_gmt":"2015-09-11T12:21:17","guid":{"rendered":"http:\/\/www.francas71.org\/projetscitoyens\/?p=1866"},"modified":"2019-12-16T14:48:19","modified_gmt":"2019-12-16T13:48:19","slug":"les-ambassadeurs-des-enfants","status":"publish","type":"post","link":"http:\/\/projetscitoyens.francas71.org\/?p=1866","title":{"rendered":"Les Ambassadeurs des enfants"},"content":{"rendered":"<p>Retour sur une aventure extraordinaire qui s&rsquo;est d\u00e9roul\u00e9e entre octobre 2014 et f\u00e9vrier 2015. Dans le cadre des 25 ans de la Convention Internationale des Droits de l&rsquo;Enfant.<\/p>\n<p>Pour recueillir la parole des enfants et des adolescents sur la question des droits de l&rsquo;enfant, nous avons mobilis\u00e9 23 adultes militants de l&rsquo;enfance. Ces 23 \u00ab\u00a0ambassadeurs des enfants\u00a0\u00bb sont all\u00e9s rencontrer les 25 groupes d&rsquo;enfants impliqu\u00e9s sur le d\u00e9partement. Ils sont revenus avec des expression des enfants et des propositions \u00e9mises par ces enfants pour mieux faire conna\u00eetre la Convention.<\/p>\n<p>Et pour conclure cette action, nous avons organis\u00e9 avec le soutien du Conseil d\u00e9partemental de Sa\u00f4ne et Loire une rencontre officielle dans l&rsquo;h\u00e9micycle du Conseil D\u00e9partemental. Lors de cette rencontre de pr\u00e9sentation de l&rsquo;action et des 10 propositions, \u00e9taient pr\u00e9sents le Pr\u00e9sident du Conseil D\u00e9partemental, l&rsquo;Inspectrice adjointe de l&rsquo;Education Nationale, l&rsquo;Inspecteur d\u00e9partemental de la DDCS, et la pr\u00e9sence exceptionnelle de Mme AVENARD, D\u00e9fenseure des enfants.<\/p>\n<p>&nbsp;<\/p>\n","protected":false},"excerpt":{"rendered":"<p>Retour sur une aventure extraordinaire qui s&rsquo;est d\u00e9roul\u00e9e entre octobre 2014 et f\u00e9vrier 2015. Dans le cadre des 25 ans de la Convention Internationale des Droits de l&rsquo;Enfant. Pour recueillir la parole des enfants et des adolescents sur la question des droits de l&rsquo;enfant, nous avons mobilis\u00e9 23 adultes militants de l&rsquo;enfance. Ces 23 \u00ab\u00a0ambassadeurs des enfants\u00a0\u00bb sont all\u00e9s rencontrer les 25 groupes d&rsquo;enfants impliqu\u00e9s sur le d\u00e9partement. Ils sont revenus avec des expression des enfants et des propositions \u00e9mises&#8230;<\/p>\n<p class=\"read-more\"><a class=\"btn btn-default\" href=\"http:\/\/projetscitoyens.francas71.org\/?p=1866\" onclick=\"return TrackClick('http%3A%2F%2Fprojetscitoyens.francas71.org%2F%3Fp%3D1866','Lire+la+suite+Lire+la+suite')\">Lire la suite<span class=\"screen-reader-text\"> Lire la suite<\/span><\/a><\/p>\n","protected":false},"author":1,"featured_media":1867,"comment_status":"open","ping_status":"open","sticky":false,"template":"","format":"standard","meta":{"jetpack_post_was_ever_published":false,"_jetpack_newsletter_access":"","_jetpack_dont_email_post_to_subs":false,"_jetpack_newsletter_tier_id":0,"_jetpack_memberships_contains_paywalled_content":false,"_jetpack_memberships_contains_paid_content":false,"footnotes":"","jetpack_publicize_message":"","jetpack_publicize_feature_enabled":true,"jetpack_social_post_already_shared":false,"jetpack_social_options":{"image_generator_settings":{"template":"highway","enabled":false},"version":2}},"categories":[119,177],"tags":[171,169,172,170],"class_list":["post-1866","post","type-post","status-publish","format-standard","has-post-thumbnail","hentry","category-agis-pour-tes-droits-2","category-2015-les-droits-de-lenfant","tag-conseil-general","tag-convention-internationale","tag-ddcs","tag-defenseur-des-droits"],"jetpack_publicize_connections":[],"jetpack_featured_media_url":"https:\/\/i0.wp.com\/projetscitoyens.francas71.org\/wp-content\/uploads\/2015\/09\/ceremonie-08.jpg?fit=1504%2C1000","jetpack_sharing_enabled":true,"jetpack_shortlink":"https:\/\/wp.me\/p6M0zG-u6","jetpack-related-posts":[],"jetpack_likes_enabled":true,"_links":{"self":[{"href":"http:\/\/projetscitoyens.francas71.org\/index.php?rest_route=\/wp\/v2\/posts\/1866"}],"collection":[{"href":"http:\/\/projetscitoyens.francas71.org\/index.php?rest_route=\/wp\/v2\/posts"}],"about":[{"href":"http:\/\/projetscitoyens.francas71.org\/index.php?rest_route=\/wp\/v2\/types\/post"}],"author":[{"embeddable":true,"href":"http:\/\/projetscitoyens.francas71.org\/index.php?rest_route=\/wp\/v2\/users\/1"}],"replies":[{"embeddable":true,"href":"http:\/\/projetscitoyens.francas71.org\/index.php?rest_route=%2Fwp%2Fv2%2Fcomments&post=1866"}],"version-history":[{"count":1,"href":"http:\/\/projetscitoyens.francas71.org\/index.php?rest_route=\/wp\/v2\/posts\/1866\/revisions"}],"predecessor-version":[{"id":1868,"href":"http:\/\/projetscitoyens.francas71.org\/index.php?rest_route=\/wp\/v2\/posts\/1866\/revisions\/1868"}],"wp:featuredmedia":[{"embeddable":true,"href":"http:\/\/projetscitoyens.francas71.org\/index.php?rest_route=\/wp\/v2\/media\/1867"}],"wp:attachment":[{"href":"http:\/\/projetscitoyens.francas71.org\/index.php?rest_route=%2Fwp%2Fv2%2Fmedia&parent=1866"}],"wp:term":[{"taxonomy":"category","embeddable":true,"href":"http:\/\/projetscitoyens.francas71.org\/index.php?rest_route=%2Fwp%2Fv2%2Fcategories&post=1866"},{"taxonomy":"post_tag","embeddable":true,"href":"http:\/\/projetscitoyens.francas71.org\/index.php?rest_route=%2Fwp%2Fv2%2Ftags&post=1866"}],"curies":[{"name":"wp","href":"https:\/\/api.w.org\/{rel}","templated":true}]}}