{"id":1886,"date":"2015-11-03T16:32:35","date_gmt":"2015-11-03T15:32:35","guid":{"rendered":"http:\/\/www.francas71.org\/projetscitoyens\/?p=1886"},"modified":"2019-12-16T14:49:01","modified_gmt":"2019-12-16T13:49:01","slug":"droits-de-lenfant-les-enfants-passent-a-laction","status":"publish","type":"post","link":"http:\/\/projetscitoyens.francas71.org\/?p=1886","title":{"rendered":"Droits de l&rsquo;enfant &#8211; les enfants passent \u00e0 l&rsquo;action"},"content":{"rendered":"<h2><span style=\"color: #800080;\"><strong>APPEL A L&rsquo;ACTION<\/strong><\/span><\/h2>\n<p>En 2015\/2016, les enfants de Sa\u00f4ne-et-Loire se mobilisent pour mieux faire conna\u00eetre la Convention Internationale des Droits de l&rsquo;Enfant, en mettant en oeuvre l&rsquo;une des 10 propositions \u00e9mises en 2014.<\/p>\n<p><span style=\"color: #800000;\"><strong>2014 \u2013 2015\u00a0: Les enfants s&rsquo;expriment<\/strong><\/span><br \/>\nEntre novembre et d\u00e9cembre 2014, dans le cadre des 25 ans de la Convention Internationale des Droits de l&rsquo;enfant, sur le d\u00e9partement de la Sa\u00f4ne et Loire, 300 enfants sont consult\u00e9s par des adultes, \u00ab\u00a0ambassadeurs des enfants\u00a0\u00bb, afin de recueillir leurs questions, r\u00e9flexions, r\u00eaves concernant les droits de l&rsquo;enfant.<br \/>\nCes 300 enfants sont issus d&rsquo;accueils vari\u00e9s du territoire (\u00e9coles, coll\u00e8ges, lyc\u00e9es, centres de loisirs, foyer de l&rsquo;enfance). De cette consultation en ressortent dix propositions faites par les enfants pour mieux faire conna\u00eetre les droits de l&rsquo;enfant.<\/p>\n<p><span style=\"color: #800000;\"><strong>2015 \u2013 2016\u00a0: Les enfants passent \u00e0 l&rsquo;action<\/strong><\/span><br \/>\nAfin de poursuivre l&rsquo;action de l&rsquo;ann\u00e9e pass\u00e9e, des groupes d&rsquo;enfants passent \u00e0 l&rsquo;action en mettant en \u0153uvre l&rsquo;une des dix propositions.<\/p>\n<p>Toutes les informations dans le <a href=\"http:\/\/www.francas71.org\/projetscitoyens\/wp-content\/uploads\/2015\/11\/dossier-p\u00e9da-droits-enfants-2015.pdf\" onclick=\"return TrackClick('http%3A%2F%2Fwww.francas71.org%2Fprojetscitoyens%2Fwp-content%2Fuploads%2F2015%2F11%2Fdossier-p%C3%A9da-droits-enfants-2015.pdf','dossier+joint')\" target=\"_blank\" rel=\"noopener noreferrer\">dossier joint<\/a><\/p>\n","protected":false},"excerpt":{"rendered":"<p>APPEL A L&rsquo;ACTION En 2015\/2016, les enfants de Sa\u00f4ne-et-Loire se mobilisent pour mieux faire conna\u00eetre la Convention Internationale des Droits de l&rsquo;Enfant, en mettant en oeuvre l&rsquo;une des 10 propositions \u00e9mises en 2014. 2014 \u2013 2015\u00a0: Les enfants s&rsquo;expriment Entre novembre et d\u00e9cembre 2014, dans le cadre des 25 ans de la Convention Internationale des Droits de l&rsquo;enfant, sur le d\u00e9partement de la Sa\u00f4ne et Loire, 300 enfants sont consult\u00e9s par des adultes, \u00ab\u00a0ambassadeurs des enfants\u00a0\u00bb, afin de recueillir leurs&#8230;<\/p>\n<p class=\"read-more\"><a class=\"btn btn-default\" href=\"http:\/\/projetscitoyens.francas71.org\/?p=1886\" onclick=\"return TrackClick('http%3A%2F%2Fprojetscitoyens.francas71.org%2F%3Fp%3D1886','Lire+la+suite+Lire+la+suite')\">Lire la suite<span class=\"screen-reader-text\"> Lire la suite<\/span><\/a><\/p>\n","protected":false},"author":1,"featured_media":1885,"comment_status":"open","ping_status":"open","sticky":false,"template":"","format":"standard","meta":{"jetpack_post_was_ever_published":false,"_jetpack_newsletter_access":"","_jetpack_dont_email_post_to_subs":false,"_jetpack_newsletter_tier_id":0,"_jetpack_memberships_contains_paywalled_content":false,"_jetpack_memberships_contains_paid_content":false,"footnotes":"","jetpack_publicize_message":"","jetpack_publicize_feature_enabled":true,"jetpack_social_post_already_shared":true,"jetpack_social_options":{"image_generator_settings":{"template":"highway","enabled":false},"version":2}},"categories":[119,177],"tags":[169,129,175],"class_list":["post-1886","post","type-post","status-publish","format-standard","has-post-thumbnail","hentry","category-agis-pour-tes-droits-2","category-2015-les-droits-de-lenfant","tag-convention-internationale","tag-engagement","tag-mobilisation"],"jetpack_publicize_connections":[],"jetpack_featured_media_url":"https:\/\/i0.wp.com\/projetscitoyens.francas71.org\/wp-content\/uploads\/2015\/11\/cide-2015.jpg?fit=436%2C365","jetpack_sharing_enabled":true,"jetpack_shortlink":"https:\/\/wp.me\/p6M0zG-uq","jetpack-related-posts":[],"jetpack_likes_enabled":true,"_links":{"self":[{"href":"http:\/\/projetscitoyens.francas71.org\/index.php?rest_route=\/wp\/v2\/posts\/1886"}],"collection":[{"href":"http:\/\/projetscitoyens.francas71.org\/index.php?rest_route=\/wp\/v2\/posts"}],"about":[{"href":"http:\/\/projetscitoyens.francas71.org\/index.php?rest_route=\/wp\/v2\/types\/post"}],"author":[{"embeddable":true,"href":"http:\/\/projetscitoyens.francas71.org\/index.php?rest_route=\/wp\/v2\/users\/1"}],"replies":[{"embeddable":true,"href":"http:\/\/projetscitoyens.francas71.org\/index.php?rest_route=%2Fwp%2Fv2%2Fcomments&post=1886"}],"version-history":[{"count":3,"href":"http:\/\/projetscitoyens.francas71.org\/index.php?rest_route=\/wp\/v2\/posts\/1886\/revisions"}],"predecessor-version":[{"id":3020,"href":"http:\/\/projetscitoyens.francas71.org\/index.php?rest_route=\/wp\/v2\/posts\/1886\/revisions\/3020"}],"wp:featuredmedia":[{"embeddable":true,"href":"http:\/\/projetscitoyens.francas71.org\/index.php?rest_route=\/wp\/v2\/media\/1885"}],"wp:attachment":[{"href":"http:\/\/projetscitoyens.francas71.org\/index.php?rest_route=%2Fwp%2Fv2%2Fmedia&parent=1886"}],"wp:term":[{"taxonomy":"category","embeddable":true,"href":"http:\/\/projetscitoyens.francas71.org\/index.php?rest_route=%2Fwp%2Fv2%2Fcategories&post=1886"},{"taxonomy":"post_tag","embeddable":true,"href":"http:\/\/projetscitoyens.francas71.org\/index.php?rest_route=%2Fwp%2Fv2%2Ftags&post=1886"}],"curies":[{"name":"wp","href":"https:\/\/api.w.org\/{rel}","templated":true}]}}