{"id":1967,"date":"2015-11-27T10:41:06","date_gmt":"2015-11-27T09:41:06","guid":{"rendered":"http:\/\/www.francas71.org\/projetscitoyens\/?p=1967"},"modified":"2019-12-16T14:51:46","modified_gmt":"2019-12-16T13:51:46","slug":"affiches-2015-on-est-libre-de-jouer-periscolaire-ecole-henri-matisse-macon-cat-3","status":"publish","type":"post","link":"http:\/\/projetscitoyens.francas71.org\/?p=1967","title":{"rendered":"Affiches 2015 : \u00ab\u00a0On est libre de jouer\u00a0\u00bb &#8211; P\u00e9riscolaire &#8211; Ecole Henri Matisse &#8211; M\u00e2con &#8211; cat 3"},"content":{"rendered":"<p><a href=\"https:\/\/i0.wp.com\/www.francas71.org\/projetscitoyens\/wp-content\/uploads\/2015\/11\/DSC_0779.jpg\" onclick=\"return TrackClick('http%3A%2F%2Fwww.francas71.org%2Fprojetscitoyens%2Fwp-content%2Fuploads%2F2015%2F11%2FDSC_0779.jpg','')\"><img loading=\"lazy\" decoding=\"async\" data-attachment-id=\"1925\" data-permalink=\"http:\/\/projetscitoyens.francas71.org\/?attachment_id=1925\" data-orig-file=\"https:\/\/i0.wp.com\/projetscitoyens.francas71.org\/wp-content\/uploads\/2015\/11\/DSC_0779.jpg?fit=1920%2C1080\" data-orig-size=\"1920,1080\" data-comments-opened=\"1\" data-image-meta=\"{&quot;aperture&quot;:&quot;2&quot;,&quot;credit&quot;:&quot;&quot;,&quot;camera&quot;:&quot;D5803&quot;,&quot;caption&quot;:&quot;&quot;,&quot;created_timestamp&quot;:&quot;1448546009&quot;,&quot;copyright&quot;:&quot;&quot;,&quot;focal_length&quot;:&quot;4.6&quot;,&quot;iso&quot;:&quot;125&quot;,&quot;shutter_speed&quot;:&quot;0.03125&quot;,&quot;title&quot;:&quot;&quot;,&quot;orientation&quot;:&quot;0&quot;}\" data-image-title=\"DSC_0779\" data-image-description=\"\" data-image-caption=\"\" data-medium-file=\"https:\/\/i0.wp.com\/projetscitoyens.francas71.org\/wp-content\/uploads\/2015\/11\/DSC_0779.jpg?fit=300%2C169\" data-large-file=\"https:\/\/i0.wp.com\/projetscitoyens.francas71.org\/wp-content\/uploads\/2015\/11\/DSC_0779.jpg?fit=640%2C360\" tabindex=\"0\" role=\"button\" class=\"aligncenter size-medium wp-image-1925\" src=\"https:\/\/i0.wp.com\/www.francas71.org\/projetscitoyens\/wp-content\/uploads\/2015\/11\/DSC_0779-300x169.jpg?resize=300%2C169\" alt=\"DSC_0779\" width=\"300\" height=\"169\" srcset=\"https:\/\/i0.wp.com\/projetscitoyens.francas71.org\/wp-content\/uploads\/2015\/11\/DSC_0779.jpg?resize=300%2C169 300w, https:\/\/i0.wp.com\/projetscitoyens.francas71.org\/wp-content\/uploads\/2015\/11\/DSC_0779.jpg?resize=1024%2C576 1024w, https:\/\/i0.wp.com\/projetscitoyens.francas71.org\/wp-content\/uploads\/2015\/11\/DSC_0779.jpg?w=1920 1920w, https:\/\/i0.wp.com\/projetscitoyens.francas71.org\/wp-content\/uploads\/2015\/11\/DSC_0779.jpg?w=1280 1280w\" sizes=\"(max-width: 300px) 100vw, 300px\" data-recalc-dims=\"1\" \/><\/a><\/p>\n<p style=\"text-align: center;\"><strong><span style=\"text-decoration: underline;\">Pr\u00e9sentation de l&rsquo;affiche<\/span><\/strong><\/p>\n<p style=\"text-align: center;\"><span style=\"text-decoration: underline;\"><strong>Vu par les enfants<\/strong><\/span><\/p>\n<p style=\"text-align: center;\">On aime bien le foot parce que c&rsquo;est un sport collectif, et parce que les enfants devraient jouer au lieu de travailler<\/p>\n<p style=\"text-align: center;\"><strong><span style=\"text-decoration: underline;\">Vu par l&rsquo;accompagnateur du projet<\/span><\/strong><\/p>\n<p style=\"text-align: center;\">Nous avons commenc\u00e9 par faire une pr\u00e9sentation des droits de l&rsquo;enfant \u00e0 travers des supports informatiques. (EX : Film\u00a0\u00bbAlice au pays des droits\u00a0\u00bb)<\/p>\n<p style=\"text-align: center;\">Apr\u00e8s avoir d\u00e9fini les groupes nous leur avons montr\u00e9 la mani\u00e8re et les techniques pour cr\u00e9er leur affiche (de m\u00eame pour le slogan)<\/p>\n<p style=\"text-align: center;\">Le choix du droit, du visuel de l&rsquo;affiche et du slogan n&rsquo;ont n\u00e9cessit\u00e9 aucune intervention de notre part<\/p>\n<p style=\"text-align: center;\"><strong><span style=\"text-decoration: underline;\">Auteurs :<\/span><\/strong><\/p>\n<p style=\"text-align: center;\">Tom &#8211; 8 ans<\/p>\n<p style=\"text-align: center;\">Umut &#8211; 8 ans<\/p>\n","protected":false},"excerpt":{"rendered":"<p>Pr\u00e9sentation de l&rsquo;affiche Vu par les enfants On aime bien le foot parce que c&rsquo;est un sport collectif, et parce que les enfants devraient jouer au lieu de travailler Vu par l&rsquo;accompagnateur du projet Nous avons commenc\u00e9 par faire une pr\u00e9sentation des droits de l&rsquo;enfant \u00e0 travers des supports informatiques. (EX : Film\u00a0\u00bbAlice au pays des droits\u00a0\u00bb) Apr\u00e8s avoir d\u00e9fini les groupes nous leur avons montr\u00e9 la mani\u00e8re et les techniques pour cr\u00e9er leur affiche (de m\u00eame pour le slogan)&#8230;<\/p>\n<p class=\"read-more\"><a class=\"btn btn-default\" href=\"http:\/\/projetscitoyens.francas71.org\/?p=1967\" onclick=\"return TrackClick('http%3A%2F%2Fprojetscitoyens.francas71.org%2F%3Fp%3D1967','Lire+la+suite+Lire+la+suite')\">Lire la suite<span class=\"screen-reader-text\"> Lire la suite<\/span><\/a><\/p>\n","protected":false},"author":1,"featured_media":1925,"comment_status":"open","ping_status":"open","sticky":false,"template":"","format":"standard","meta":{"jetpack_post_was_ever_published":false,"_jetpack_newsletter_access":"","_jetpack_dont_email_post_to_subs":false,"_jetpack_newsletter_tier_id":0,"_jetpack_memberships_contains_paywalled_content":false,"_jetpack_memberships_contains_paid_content":false,"footnotes":"","jetpack_publicize_message":"","jetpack_publicize_feature_enabled":true,"jetpack_social_post_already_shared":true,"jetpack_social_options":{"image_generator_settings":{"template":"highway","enabled":false},"version":2}},"categories":[119,177],"tags":[],"class_list":["post-1967","post","type-post","status-publish","format-standard","has-post-thumbnail","hentry","category-agis-pour-tes-droits-2","category-2015-les-droits-de-lenfant"],"jetpack_publicize_connections":[],"jetpack_featured_media_url":"https:\/\/i0.wp.com\/projetscitoyens.francas71.org\/wp-content\/uploads\/2015\/11\/DSC_0779.jpg?fit=1920%2C1080","jetpack_sharing_enabled":true,"jetpack_shortlink":"https:\/\/wp.me\/p6M0zG-vJ","jetpack-related-posts":[],"jetpack_likes_enabled":true,"_links":{"self":[{"href":"http:\/\/projetscitoyens.francas71.org\/index.php?rest_route=\/wp\/v2\/posts\/1967"}],"collection":[{"href":"http:\/\/projetscitoyens.francas71.org\/index.php?rest_route=\/wp\/v2\/posts"}],"about":[{"href":"http:\/\/projetscitoyens.francas71.org\/index.php?rest_route=\/wp\/v2\/types\/post"}],"author":[{"embeddable":true,"href":"http:\/\/projetscitoyens.francas71.org\/index.php?rest_route=\/wp\/v2\/users\/1"}],"replies":[{"embeddable":true,"href":"http:\/\/projetscitoyens.francas71.org\/index.php?rest_route=%2Fwp%2Fv2%2Fcomments&post=1967"}],"version-history":[{"count":1,"href":"http:\/\/projetscitoyens.francas71.org\/index.php?rest_route=\/wp\/v2\/posts\/1967\/revisions"}],"predecessor-version":[{"id":1969,"href":"http:\/\/projetscitoyens.francas71.org\/index.php?rest_route=\/wp\/v2\/posts\/1967\/revisions\/1969"}],"wp:featuredmedia":[{"embeddable":true,"href":"http:\/\/projetscitoyens.francas71.org\/index.php?rest_route=\/wp\/v2\/media\/1925"}],"wp:attachment":[{"href":"http:\/\/projetscitoyens.francas71.org\/index.php?rest_route=%2Fwp%2Fv2%2Fmedia&parent=1967"}],"wp:term":[{"taxonomy":"category","embeddable":true,"href":"http:\/\/projetscitoyens.francas71.org\/index.php?rest_route=%2Fwp%2Fv2%2Fcategories&post=1967"},{"taxonomy":"post_tag","embeddable":true,"href":"http:\/\/projetscitoyens.francas71.org\/index.php?rest_route=%2Fwp%2Fv2%2Ftags&post=1967"}],"curies":[{"name":"wp","href":"https:\/\/api.w.org\/{rel}","templated":true}]}}