{"id":1979,"date":"2015-11-27T11:16:09","date_gmt":"2015-11-27T10:16:09","guid":{"rendered":"http:\/\/www.francas71.org\/projetscitoyens\/?p=1979"},"modified":"2019-12-16T14:52:25","modified_gmt":"2019-12-16T13:52:25","slug":"affiches-2015-la-violence-a-lecole-et-ailleurs-centre-social-blanzy-cat-3","status":"publish","type":"post","link":"http:\/\/projetscitoyens.francas71.org\/?p=1979","title":{"rendered":"Affiches 2015 : \u00ab\u00a0La violence : &#8211; \u00e0 l&rsquo;\u00e9cole et ailleurs\u00a0\u00bb &#8211; centre social &#8211; Blanzy &#8211; cat 3"},"content":{"rendered":"<p><a href=\"https:\/\/i0.wp.com\/www.francas71.org\/projetscitoyens\/wp-content\/uploads\/2015\/11\/IMG_0356-petit.jpg\" onclick=\"return TrackClick('http%3A%2F%2Fwww.francas71.org%2Fprojetscitoyens%2Fwp-content%2Fuploads%2F2015%2F11%2FIMG_0356-petit.jpg','')\"><img loading=\"lazy\" decoding=\"async\" data-attachment-id=\"1932\" data-permalink=\"http:\/\/projetscitoyens.francas71.org\/?attachment_id=1932\" data-orig-file=\"https:\/\/i0.wp.com\/projetscitoyens.francas71.org\/wp-content\/uploads\/2015\/11\/IMG_0356-petit.jpg?fit=1920%2C1440\" data-orig-size=\"1920,1440\" data-comments-opened=\"1\" data-image-meta=\"{&quot;aperture&quot;:&quot;0&quot;,&quot;credit&quot;:&quot;&quot;,&quot;camera&quot;:&quot;&quot;,&quot;caption&quot;:&quot;&quot;,&quot;created_timestamp&quot;:&quot;0&quot;,&quot;copyright&quot;:&quot;&quot;,&quot;focal_length&quot;:&quot;0&quot;,&quot;iso&quot;:&quot;0&quot;,&quot;shutter_speed&quot;:&quot;0&quot;,&quot;title&quot;:&quot;&quot;,&quot;orientation&quot;:&quot;0&quot;}\" data-image-title=\"IMG_0356 petit\" data-image-description=\"\" data-image-caption=\"\" data-medium-file=\"https:\/\/i0.wp.com\/projetscitoyens.francas71.org\/wp-content\/uploads\/2015\/11\/IMG_0356-petit.jpg?fit=300%2C225\" data-large-file=\"https:\/\/i0.wp.com\/projetscitoyens.francas71.org\/wp-content\/uploads\/2015\/11\/IMG_0356-petit.jpg?fit=640%2C480\" tabindex=\"0\" role=\"button\" class=\"aligncenter size-medium wp-image-1932\" src=\"https:\/\/i0.wp.com\/www.francas71.org\/projetscitoyens\/wp-content\/uploads\/2015\/11\/IMG_0356-petit-300x225.jpg?resize=300%2C225\" alt=\"IMG_0356 petit\" width=\"300\" height=\"225\" srcset=\"https:\/\/i0.wp.com\/projetscitoyens.francas71.org\/wp-content\/uploads\/2015\/11\/IMG_0356-petit.jpg?resize=300%2C225 300w, https:\/\/i0.wp.com\/projetscitoyens.francas71.org\/wp-content\/uploads\/2015\/11\/IMG_0356-petit.jpg?resize=1024%2C768 1024w, https:\/\/i0.wp.com\/projetscitoyens.francas71.org\/wp-content\/uploads\/2015\/11\/IMG_0356-petit.jpg?w=1920 1920w, https:\/\/i0.wp.com\/projetscitoyens.francas71.org\/wp-content\/uploads\/2015\/11\/IMG_0356-petit.jpg?w=1280 1280w\" sizes=\"(max-width: 300px) 100vw, 300px\" data-recalc-dims=\"1\" \/><\/a><\/p>\n<p style=\"text-align: center;\"><strong><span style=\"text-decoration: underline;\">Pr\u00e9sentation de l&rsquo;affiche<\/span><\/strong><\/p>\n<p style=\"text-align: center;\"><strong><span style=\"text-decoration: underline;\">Vu par les enfants<\/span><\/strong><\/p>\n<p style=\"text-align: center;\">Nous avons travaill\u00e9 par petit groupe sur un sujet qui nous concerne<br \/>\ntous : la violence.Tout d&rsquo;abord nous avons \u00e9voqu\u00e9 le droit \u00e0 la protection par<br \/>\nrapport \u00e0 diff\u00e9rents faits.<br \/>\nPuis nous avons parl\u00e9 de l&rsquo;affiche et une fille du groupe l&rsquo;a r\u00e9alis\u00e9.<\/p>\n<p style=\"text-align: center;\"><strong><span style=\"text-decoration: underline;\">Vu par l&rsquo;accompagnateur du projet<\/span><\/strong><\/p>\n<p style=\"text-align: center;\">*Travail en amont sur la charte<br \/>\n* Discussion autour des violences (d\u00e9bat philos)<br \/>\nLes enfants ont exprim\u00e9s des probl\u00e9matiques qui leurs tenaient \u00e0 c\u0153ur<br \/>\n\u00e0 travers le dessin<\/p>\n<p style=\"text-align: center;\"><strong><span style=\"text-decoration: underline;\">Auteurs<\/span><\/strong><\/p>\n<p style=\"text-align: center;\">Rayan(CP)<br \/>\nTitouan( CE2)<br \/>\nAurore(CE2)<br \/>\nB\u00e9r\u00e9nice(CM1)<br \/>\nD&rsquo;Aix Lucas(CE2)<br \/>\nM\u00e9line(CP)<br \/>\nSaphira(CM2)<br \/>\nIlan(CE2)<br \/>\nHarmonie(Clis)<br \/>\nZayneb(CE2)<br \/>\nEva(CE1)<\/p>\n<p>&nbsp;<\/p>\n","protected":false},"excerpt":{"rendered":"<p>Pr\u00e9sentation de l&rsquo;affiche Vu par les enfants Nous avons travaill\u00e9 par petit groupe sur un sujet qui nous concerne tous : la violence.Tout d&rsquo;abord nous avons \u00e9voqu\u00e9 le droit \u00e0 la protection par rapport \u00e0 diff\u00e9rents faits. Puis nous avons parl\u00e9 de l&rsquo;affiche et une fille du groupe l&rsquo;a r\u00e9alis\u00e9. Vu par l&rsquo;accompagnateur du projet *Travail en amont sur la charte * Discussion autour des violences (d\u00e9bat philos) Les enfants ont exprim\u00e9s des probl\u00e9matiques qui leurs tenaient \u00e0 c\u0153ur \u00e0&#8230;<\/p>\n<p class=\"read-more\"><a class=\"btn btn-default\" href=\"http:\/\/projetscitoyens.francas71.org\/?p=1979\" onclick=\"return TrackClick('http%3A%2F%2Fprojetscitoyens.francas71.org%2F%3Fp%3D1979','Lire+la+suite+Lire+la+suite')\">Lire la suite<span class=\"screen-reader-text\"> Lire la suite<\/span><\/a><\/p>\n","protected":false},"author":1,"featured_media":1932,"comment_status":"open","ping_status":"open","sticky":false,"template":"","format":"standard","meta":{"jetpack_post_was_ever_published":false,"_jetpack_newsletter_access":"","_jetpack_dont_email_post_to_subs":false,"_jetpack_newsletter_tier_id":0,"_jetpack_memberships_contains_paywalled_content":false,"_jetpack_memberships_contains_paid_content":false,"footnotes":"","jetpack_publicize_message":"","jetpack_publicize_feature_enabled":true,"jetpack_social_post_already_shared":true,"jetpack_social_options":{"image_generator_settings":{"template":"highway","enabled":false},"version":2}},"categories":[119,177],"tags":[],"class_list":["post-1979","post","type-post","status-publish","format-standard","has-post-thumbnail","hentry","category-agis-pour-tes-droits-2","category-2015-les-droits-de-lenfant"],"jetpack_publicize_connections":[],"jetpack_featured_media_url":"https:\/\/i0.wp.com\/projetscitoyens.francas71.org\/wp-content\/uploads\/2015\/11\/IMG_0356-petit.jpg?fit=1920%2C1440","jetpack_sharing_enabled":true,"jetpack_shortlink":"https:\/\/wp.me\/p6M0zG-vV","jetpack-related-posts":[],"jetpack_likes_enabled":true,"_links":{"self":[{"href":"http:\/\/projetscitoyens.francas71.org\/index.php?rest_route=\/wp\/v2\/posts\/1979"}],"collection":[{"href":"http:\/\/projetscitoyens.francas71.org\/index.php?rest_route=\/wp\/v2\/posts"}],"about":[{"href":"http:\/\/projetscitoyens.francas71.org\/index.php?rest_route=\/wp\/v2\/types\/post"}],"author":[{"embeddable":true,"href":"http:\/\/projetscitoyens.francas71.org\/index.php?rest_route=\/wp\/v2\/users\/1"}],"replies":[{"embeddable":true,"href":"http:\/\/projetscitoyens.francas71.org\/index.php?rest_route=%2Fwp%2Fv2%2Fcomments&post=1979"}],"version-history":[{"count":1,"href":"http:\/\/projetscitoyens.francas71.org\/index.php?rest_route=\/wp\/v2\/posts\/1979\/revisions"}],"predecessor-version":[{"id":1980,"href":"http:\/\/projetscitoyens.francas71.org\/index.php?rest_route=\/wp\/v2\/posts\/1979\/revisions\/1980"}],"wp:featuredmedia":[{"embeddable":true,"href":"http:\/\/projetscitoyens.francas71.org\/index.php?rest_route=\/wp\/v2\/media\/1932"}],"wp:attachment":[{"href":"http:\/\/projetscitoyens.francas71.org\/index.php?rest_route=%2Fwp%2Fv2%2Fmedia&parent=1979"}],"wp:term":[{"taxonomy":"category","embeddable":true,"href":"http:\/\/projetscitoyens.francas71.org\/index.php?rest_route=%2Fwp%2Fv2%2Fcategories&post=1979"},{"taxonomy":"post_tag","embeddable":true,"href":"http:\/\/projetscitoyens.francas71.org\/index.php?rest_route=%2Fwp%2Fv2%2Ftags&post=1979"}],"curies":[{"name":"wp","href":"https:\/\/api.w.org\/{rel}","templated":true}]}}