{"id":1981,"date":"2015-11-27T11:23:46","date_gmt":"2015-11-27T10:23:46","guid":{"rendered":"http:\/\/www.francas71.org\/projetscitoyens\/?p=1981"},"modified":"2019-12-16T14:52:33","modified_gmt":"2019-12-16T13:52:33","slug":"affiches-2015-jouer-cest-vire-centre-social-blanzy-cat-2","status":"publish","type":"post","link":"http:\/\/projetscitoyens.francas71.org\/?p=1981","title":{"rendered":"Affiches 2015 : \u00ab\u00a0Jouer c&rsquo;est vire ! \u00a0\u00bb &#8211; Centre social &#8211; Blanzy &#8211; cat 2"},"content":{"rendered":"<p style=\"text-align: center;\"><a href=\"https:\/\/i0.wp.com\/www.francas71.org\/projetscitoyens\/wp-content\/uploads\/2015\/11\/IMG_0354-petit-.jpg\" onclick=\"return TrackClick('http%3A%2F%2Fwww.francas71.org%2Fprojetscitoyens%2Fwp-content%2Fuploads%2F2015%2F11%2FIMG_0354-petit-.jpg','')\"><img loading=\"lazy\" decoding=\"async\" data-attachment-id=\"1931\" data-permalink=\"http:\/\/projetscitoyens.francas71.org\/?attachment_id=1931\" data-orig-file=\"https:\/\/i0.wp.com\/projetscitoyens.francas71.org\/wp-content\/uploads\/2015\/11\/IMG_0354-petit-.jpg?fit=1920%2C1440\" data-orig-size=\"1920,1440\" data-comments-opened=\"1\" data-image-meta=\"{&quot;aperture&quot;:&quot;0&quot;,&quot;credit&quot;:&quot;&quot;,&quot;camera&quot;:&quot;&quot;,&quot;caption&quot;:&quot;&quot;,&quot;created_timestamp&quot;:&quot;0&quot;,&quot;copyright&quot;:&quot;&quot;,&quot;focal_length&quot;:&quot;0&quot;,&quot;iso&quot;:&quot;0&quot;,&quot;shutter_speed&quot;:&quot;0&quot;,&quot;title&quot;:&quot;&quot;,&quot;orientation&quot;:&quot;0&quot;}\" data-image-title=\"IMG_0354 petit\" data-image-description=\"\" data-image-caption=\"\" data-medium-file=\"https:\/\/i0.wp.com\/projetscitoyens.francas71.org\/wp-content\/uploads\/2015\/11\/IMG_0354-petit-.jpg?fit=300%2C225\" data-large-file=\"https:\/\/i0.wp.com\/projetscitoyens.francas71.org\/wp-content\/uploads\/2015\/11\/IMG_0354-petit-.jpg?fit=640%2C480\" tabindex=\"0\" role=\"button\" class=\"aligncenter size-medium wp-image-1931\" src=\"https:\/\/i0.wp.com\/www.francas71.org\/projetscitoyens\/wp-content\/uploads\/2015\/11\/IMG_0354-petit--300x225.jpg?resize=300%2C225\" alt=\"IMG_0354 petit\" width=\"300\" height=\"225\" srcset=\"https:\/\/i0.wp.com\/projetscitoyens.francas71.org\/wp-content\/uploads\/2015\/11\/IMG_0354-petit-.jpg?resize=300%2C225 300w, https:\/\/i0.wp.com\/projetscitoyens.francas71.org\/wp-content\/uploads\/2015\/11\/IMG_0354-petit-.jpg?resize=1024%2C768 1024w, https:\/\/i0.wp.com\/projetscitoyens.francas71.org\/wp-content\/uploads\/2015\/11\/IMG_0354-petit-.jpg?w=1920 1920w, https:\/\/i0.wp.com\/projetscitoyens.francas71.org\/wp-content\/uploads\/2015\/11\/IMG_0354-petit-.jpg?w=1280 1280w\" sizes=\"(max-width: 300px) 100vw, 300px\" data-recalc-dims=\"1\" \/><\/a><\/p>\n<p style=\"text-align: center;\"><strong><span style=\"text-decoration: underline;\">Pr\u00e9sentation de l&rsquo;affiche<\/span><\/strong><\/p>\n<p style=\"text-align: center;\"><strong><span style=\"text-decoration: underline;\">Vu par les enfants<\/span><\/strong><\/p>\n<p style=\"text-align: center;\">*Jouer est important et nous n&rsquo;avons plus le temps<br \/>\n*En jouant on peu passer des bons moments<br \/>\nNous avons choisi de faire l&rsquo;affiche par rapport \u00e0 cette th\u00e9matique<br \/>\nimportante pour nous.Nous avons travaill\u00e9 en groupe et nous avons vot\u00e9 pour que<br \/>\nles avis soient pris en compte<\/p>\n<p style=\"text-align: center;\"><strong><span style=\"text-decoration: underline;\">Vu par l&rsquo;accompagnateur du projet<\/span><\/strong><\/p>\n<p style=\"text-align: center;\">*Travail en amont autour de la charte<br \/>\n*Explication de droits flous ou inconnus des enfants<br \/>\n*R\u00e9alisation de croquis en amont par groupes de deux<br \/>\n*Vote pour le choix par le groupe<br \/>\n*M\u00eame principe pour le slogan<\/p>\n<p style=\"text-align: center;\"><strong><span style=\"text-decoration: underline;\">Auteurs<\/span><\/strong><\/p>\n<p style=\"text-align: center;\">Youn\u00e8s(CP)<br \/>\nSafia(CE1)<\/p>\n<p style=\"text-align: center;\">Sara(CM1)<br \/>\nJessim( CE1)<br \/>\nLysie(CP)<br \/>\nNeila(CP)<br \/>\nJules(CE1)<br \/>\nLoucas(Clis)<br \/>\nSabirh Suryan(CP)<br \/>\nMila5CE)<br \/>\nThomas Maon(CP)<\/p>\n","protected":false},"excerpt":{"rendered":"<p>Pr\u00e9sentation de l&rsquo;affiche Vu par les enfants *Jouer est important et nous n&rsquo;avons plus le temps *En jouant on peu passer des bons moments Nous avons choisi de faire l&rsquo;affiche par rapport \u00e0 cette th\u00e9matique importante pour nous.Nous avons travaill\u00e9 en groupe et nous avons vot\u00e9 pour que les avis soient pris en compte Vu par l&rsquo;accompagnateur du projet *Travail en amont autour de la charte *Explication de droits flous ou inconnus des enfants *R\u00e9alisation de croquis en amont par&#8230;<\/p>\n<p class=\"read-more\"><a class=\"btn btn-default\" href=\"http:\/\/projetscitoyens.francas71.org\/?p=1981\" onclick=\"return TrackClick('http%3A%2F%2Fprojetscitoyens.francas71.org%2F%3Fp%3D1981','Lire+la+suite+Lire+la+suite')\">Lire la suite<span class=\"screen-reader-text\"> Lire la suite<\/span><\/a><\/p>\n","protected":false},"author":1,"featured_media":1931,"comment_status":"open","ping_status":"open","sticky":false,"template":"","format":"standard","meta":{"jetpack_post_was_ever_published":false,"_jetpack_newsletter_access":"","_jetpack_dont_email_post_to_subs":false,"_jetpack_newsletter_tier_id":0,"_jetpack_memberships_contains_paywalled_content":false,"_jetpack_memberships_contains_paid_content":false,"footnotes":"","jetpack_publicize_message":"","jetpack_publicize_feature_enabled":true,"jetpack_social_post_already_shared":true,"jetpack_social_options":{"image_generator_settings":{"template":"highway","enabled":false},"version":2}},"categories":[119,177],"tags":[],"class_list":["post-1981","post","type-post","status-publish","format-standard","has-post-thumbnail","hentry","category-agis-pour-tes-droits-2","category-2015-les-droits-de-lenfant"],"jetpack_publicize_connections":[],"jetpack_featured_media_url":"https:\/\/i0.wp.com\/projetscitoyens.francas71.org\/wp-content\/uploads\/2015\/11\/IMG_0354-petit-.jpg?fit=1920%2C1440","jetpack_sharing_enabled":true,"jetpack_shortlink":"https:\/\/wp.me\/p6M0zG-vX","jetpack-related-posts":[],"jetpack_likes_enabled":true,"_links":{"self":[{"href":"http:\/\/projetscitoyens.francas71.org\/index.php?rest_route=\/wp\/v2\/posts\/1981"}],"collection":[{"href":"http:\/\/projetscitoyens.francas71.org\/index.php?rest_route=\/wp\/v2\/posts"}],"about":[{"href":"http:\/\/projetscitoyens.francas71.org\/index.php?rest_route=\/wp\/v2\/types\/post"}],"author":[{"embeddable":true,"href":"http:\/\/projetscitoyens.francas71.org\/index.php?rest_route=\/wp\/v2\/users\/1"}],"replies":[{"embeddable":true,"href":"http:\/\/projetscitoyens.francas71.org\/index.php?rest_route=%2Fwp%2Fv2%2Fcomments&post=1981"}],"version-history":[{"count":1,"href":"http:\/\/projetscitoyens.francas71.org\/index.php?rest_route=\/wp\/v2\/posts\/1981\/revisions"}],"predecessor-version":[{"id":1982,"href":"http:\/\/projetscitoyens.francas71.org\/index.php?rest_route=\/wp\/v2\/posts\/1981\/revisions\/1982"}],"wp:featuredmedia":[{"embeddable":true,"href":"http:\/\/projetscitoyens.francas71.org\/index.php?rest_route=\/wp\/v2\/media\/1931"}],"wp:attachment":[{"href":"http:\/\/projetscitoyens.francas71.org\/index.php?rest_route=%2Fwp%2Fv2%2Fmedia&parent=1981"}],"wp:term":[{"taxonomy":"category","embeddable":true,"href":"http:\/\/projetscitoyens.francas71.org\/index.php?rest_route=%2Fwp%2Fv2%2Fcategories&post=1981"},{"taxonomy":"post_tag","embeddable":true,"href":"http:\/\/projetscitoyens.francas71.org\/index.php?rest_route=%2Fwp%2Fv2%2Ftags&post=1981"}],"curies":[{"name":"wp","href":"https:\/\/api.w.org\/{rel}","templated":true}]}}