{"id":1997,"date":"2015-12-10T15:24:04","date_gmt":"2015-12-10T14:24:04","guid":{"rendered":"http:\/\/www.francas71.org\/projetscitoyens\/?p=1997"},"modified":"2019-12-16T14:52:53","modified_gmt":"2019-12-16T13:52:53","slug":"journee-de-la-laicite-au-college-saint-exupery-de-macon","status":"publish","type":"post","link":"http:\/\/projetscitoyens.francas71.org\/?p=1997","title":{"rendered":"Journ\u00e9e de la la\u00efcit\u00e9 au coll\u00e8ge Saint Exup\u00e9ry de M\u00e2con"},"content":{"rendered":"<p>Mercredi 9 d\u00e9cembre 2015 : Journ\u00e9e de la la\u00efcit\u00e9<\/p>\n<p>Certains \u00e9l\u00e8ves du coll\u00e8ge Saint-Exup\u00e9ry ont \u00e0 cette occasion particip\u00e9 \u00e0 diff\u00e9rents ateliers visant \u00e0 leur faire mieux comprendre cette notion ainsi que les faire s&rsquo;exprimer sur le sujet.<\/p>\n<p>Ces ateliers ont \u00e9t\u00e9 men\u00e9s par le coll\u00e8ge en partenariat avec la LDH (Ligue des droits de l&rsquo;Homme) et les Francas de Sa\u00f4ne et Loire.<\/p>\n<p>Les ateliers :<\/p>\n<ul>\n<li>Film \/ d\u00e9bat (anim\u00e9 par la LDH) &#8211; \u00e0 destination des classes de niveau troisi\u00e8me<\/li>\n<li>La\u00efcit\u00e9, \u00e9galit\u00e9 &#8211; r\u00e9flexion autour de la neutralit\u00e9 dans l&rsquo;arbitrage et le sport (anim\u00e9 par un professeur du coll\u00e8ge)<\/li>\n<li>Fresque \u00ab\u00a0On \u00e0 tous le droit de vivre\u00a0\u00bb &#8211; r\u00e9alis\u00e9e par des \u00e9l\u00e8ves s&rsquo;\u00e9tant mobilis\u00e9s suite aux attentats du 13\u00a0 novembre (anim\u00e9 par la CPE du coll\u00e8ge)<\/li>\n<li>Atelier d&rsquo;\u00e9criture &#8211; \u00e0 destination d&rsquo;un groupe d&rsquo;\u00e9l\u00e8ves d\u00e9l\u00e9gu\u00e9s (anim\u00e9 par Roger BERGER , militant des Francas de Sa\u00f4ne et Loire)<\/li>\n<li>Atelier photo &#8211; \u00e0 destination d&rsquo;un groupe d&rsquo;\u00e9l\u00e8ves d\u00e9l\u00e9gu\u00e9s (anim\u00e9 par l&rsquo;animatrice p\u00e9dagogique des Francas de Sa\u00f4ne et Loire)<\/li>\n<\/ul>\n<p>Pr\u00e9sence pour l&rsquo;occasion de l&rsquo;Inspecteur d&rsquo;acad\u00e9mie, de l&rsquo;Inspectrice adjointe au directeur acad\u00e9mique.<\/p>\n<p>Vous pourrez admirer dans les articles suivant les photos des productions r\u00e9alis\u00e9es suite aux ateliers Francas.<\/p>\n","protected":false},"excerpt":{"rendered":"<p>Mercredi 9 d\u00e9cembre 2015 : Journ\u00e9e de la la\u00efcit\u00e9 Certains \u00e9l\u00e8ves du coll\u00e8ge Saint-Exup\u00e9ry ont \u00e0 cette occasion particip\u00e9 \u00e0 diff\u00e9rents ateliers visant \u00e0 leur faire mieux comprendre cette notion ainsi que les faire s&rsquo;exprimer sur le sujet. Ces ateliers ont \u00e9t\u00e9 men\u00e9s par le coll\u00e8ge en partenariat avec la LDH (Ligue des droits de l&rsquo;Homme) et les Francas de Sa\u00f4ne et Loire. Les ateliers : Film \/ d\u00e9bat (anim\u00e9 par la LDH) &#8211; \u00e0 destination des classes de niveau&#8230;<\/p>\n<p class=\"read-more\"><a class=\"btn btn-default\" href=\"http:\/\/projetscitoyens.francas71.org\/?p=1997\" onclick=\"return TrackClick('http%3A%2F%2Fprojetscitoyens.francas71.org%2F%3Fp%3D1997','Lire+la+suite+Lire+la+suite')\">Lire la suite<span class=\"screen-reader-text\"> Lire la suite<\/span><\/a><\/p>\n","protected":false},"author":1,"featured_media":1996,"comment_status":"open","ping_status":"open","sticky":false,"template":"","format":"standard","meta":{"jetpack_post_was_ever_published":false,"_jetpack_newsletter_access":"","_jetpack_dont_email_post_to_subs":false,"_jetpack_newsletter_tier_id":0,"_jetpack_memberships_contains_paywalled_content":false,"_jetpack_memberships_contains_paid_content":false,"footnotes":"","jetpack_publicize_message":"","jetpack_publicize_feature_enabled":true,"jetpack_social_post_already_shared":true,"jetpack_social_options":{"image_generator_settings":{"template":"highway","enabled":false},"version":2}},"categories":[120],"tags":[13,150,34,123,129,72,178],"class_list":["post-1997","post","type-post","status-publish","format-standard","has-post-thumbnail","hentry","category-engagement-des-jeunes","tag-action","tag-citoyennete","tag-college","tag-education","tag-engagement","tag-jeunes","tag-laicite"],"jetpack_publicize_connections":[],"jetpack_featured_media_url":"https:\/\/i0.wp.com\/projetscitoyens.francas71.org\/wp-content\/uploads\/2015\/12\/laicite-republique.jpg?fit=200%2C246","jetpack_sharing_enabled":true,"jetpack_shortlink":"https:\/\/wp.me\/p6M0zG-wd","jetpack-related-posts":[],"jetpack_likes_enabled":true,"_links":{"self":[{"href":"http:\/\/projetscitoyens.francas71.org\/index.php?rest_route=\/wp\/v2\/posts\/1997"}],"collection":[{"href":"http:\/\/projetscitoyens.francas71.org\/index.php?rest_route=\/wp\/v2\/posts"}],"about":[{"href":"http:\/\/projetscitoyens.francas71.org\/index.php?rest_route=\/wp\/v2\/types\/post"}],"author":[{"embeddable":true,"href":"http:\/\/projetscitoyens.francas71.org\/index.php?rest_route=\/wp\/v2\/users\/1"}],"replies":[{"embeddable":true,"href":"http:\/\/projetscitoyens.francas71.org\/index.php?rest_route=%2Fwp%2Fv2%2Fcomments&post=1997"}],"version-history":[{"count":1,"href":"http:\/\/projetscitoyens.francas71.org\/index.php?rest_route=\/wp\/v2\/posts\/1997\/revisions"}],"predecessor-version":[{"id":1998,"href":"http:\/\/projetscitoyens.francas71.org\/index.php?rest_route=\/wp\/v2\/posts\/1997\/revisions\/1998"}],"wp:featuredmedia":[{"embeddable":true,"href":"http:\/\/projetscitoyens.francas71.org\/index.php?rest_route=\/wp\/v2\/media\/1996"}],"wp:attachment":[{"href":"http:\/\/projetscitoyens.francas71.org\/index.php?rest_route=%2Fwp%2Fv2%2Fmedia&parent=1997"}],"wp:term":[{"taxonomy":"category","embeddable":true,"href":"http:\/\/projetscitoyens.francas71.org\/index.php?rest_route=%2Fwp%2Fv2%2Fcategories&post=1997"},{"taxonomy":"post_tag","embeddable":true,"href":"http:\/\/projetscitoyens.francas71.org\/index.php?rest_route=%2Fwp%2Fv2%2Ftags&post=1997"}],"curies":[{"name":"wp","href":"https:\/\/api.w.org\/{rel}","templated":true}]}}