{"id":2005,"date":"2016-02-03T16:26:25","date_gmt":"2016-02-03T15:26:25","guid":{"rendered":"http:\/\/www.francas71.org\/projetscitoyens\/?p=2005"},"modified":"2019-12-16T14:54:28","modified_gmt":"2019-12-16T13:54:28","slug":"droits-de-lenfant-les-enfants-passent-a-laction-a-saint-desert","status":"publish","type":"post","link":"http:\/\/projetscitoyens.francas71.org\/?p=2005","title":{"rendered":"Droits de l&rsquo;enfant : Les enfants passent \u00e0 l&rsquo;action \u00e0 Saint D\u00e9sert"},"content":{"rendered":"<p><a href=\"https:\/\/i0.wp.com\/www.francas71.org\/projetscitoyens\/wp-content\/uploads\/2016\/01\/DSC_0808-petit.jpg\" onclick=\"return TrackClick('http%3A%2F%2Fwww.francas71.org%2Fprojetscitoyens%2Fwp-content%2Fuploads%2F2016%2F01%2FDSC_0808-petit.jpg','')\"><img loading=\"lazy\" decoding=\"async\" data-attachment-id=\"2004\" data-permalink=\"http:\/\/projetscitoyens.francas71.org\/?attachment_id=2004\" data-orig-file=\"https:\/\/i0.wp.com\/projetscitoyens.francas71.org\/wp-content\/uploads\/2016\/01\/DSC_0808-petit.jpg?fit=3503%2C1970\" data-orig-size=\"3503,1970\" data-comments-opened=\"1\" data-image-meta=\"{&quot;aperture&quot;:&quot;0&quot;,&quot;credit&quot;:&quot;&quot;,&quot;camera&quot;:&quot;&quot;,&quot;caption&quot;:&quot;&quot;,&quot;created_timestamp&quot;:&quot;0&quot;,&quot;copyright&quot;:&quot;&quot;,&quot;focal_length&quot;:&quot;0&quot;,&quot;iso&quot;:&quot;0&quot;,&quot;shutter_speed&quot;:&quot;0&quot;,&quot;title&quot;:&quot;&quot;,&quot;orientation&quot;:&quot;0&quot;}\" data-image-title=\"DSC_0808 petit\" data-image-description=\"\" data-image-caption=\"\" data-medium-file=\"https:\/\/i0.wp.com\/projetscitoyens.francas71.org\/wp-content\/uploads\/2016\/01\/DSC_0808-petit.jpg?fit=300%2C169\" data-large-file=\"https:\/\/i0.wp.com\/projetscitoyens.francas71.org\/wp-content\/uploads\/2016\/01\/DSC_0808-petit.jpg?fit=640%2C360\" tabindex=\"0\" role=\"button\" class=\"aligncenter wp-image-2004 size-medium\" src=\"https:\/\/i0.wp.com\/www.francas71.org\/projetscitoyens\/wp-content\/uploads\/2016\/01\/DSC_0808-petit-300x169.jpg?resize=300%2C169\" alt=\"DSC_0808 petit\" width=\"300\" height=\"169\" srcset=\"https:\/\/i0.wp.com\/projetscitoyens.francas71.org\/wp-content\/uploads\/2016\/01\/DSC_0808-petit.jpg?resize=300%2C169 300w, https:\/\/i0.wp.com\/projetscitoyens.francas71.org\/wp-content\/uploads\/2016\/01\/DSC_0808-petit.jpg?resize=1024%2C576 1024w, https:\/\/i0.wp.com\/projetscitoyens.francas71.org\/wp-content\/uploads\/2016\/01\/DSC_0808-petit.jpg?w=1280 1280w, https:\/\/i0.wp.com\/projetscitoyens.francas71.org\/wp-content\/uploads\/2016\/01\/DSC_0808-petit.jpg?w=1920 1920w\" sizes=\"(max-width: 300px) 100vw, 300px\" data-recalc-dims=\"1\" \/><\/a><\/p>\n<p style=\"text-align: center;\"><span style=\"text-decoration: underline;\"><strong>Saint D\u00e9sert : Cr\u00e9ation d&rsquo;une commission jeunesse<\/strong><\/span><\/p>\n<p style=\"text-align: left;\">Un groupe de 8 enfants (Math\u00e9o 10 ans, Alexandre 10 ans, Yanis 10 ans, Lilas 10 ans, Lou 12 ans, Camille 10 ans, Charlotte 10 ans, L\u00e9a 11 ans) accompagn\u00e9 de leurs animatrices et r\u00e9f\u00e9rentes (C\u00e9cilia GUILLEMAIN et Sylvie WATTEBLED), d\u00e9cident de se rencontrer chaque semaine afin de faire vivre une commission jeunesse.<\/p>\n<p style=\"text-align: left;\">Les enfants la pr\u00e9sentent comme tel :<\/p>\n<p style=\"text-align: left;\">\u00ab\u00a0Nous faisons des r\u00e9unions tous ensemble. Elles servent \u00e0 cr\u00e9er des projets d&rsquo;activit\u00e9 sur la commune. Dans ces r\u00e9unions, tout le monde peut donner ses id\u00e9es. Faire des projets \u00e7a veut dire que nous r\u00e9alisons quelque chose pour pouvoir gagner un peu d&rsquo;argent pour ensuite faire autre chose.<\/p>\n<p style=\"text-align: left;\">Faire des activit\u00e9 \u00e7a nous permet de ne pas nous ennuyer et \u00e7a peut \u00eatre des bonnes actions comme par exemple nettoyer la commune.<\/p>\n<p style=\"text-align: left;\">Nous allons faire plusieurs projets cette ann\u00e9e. On commencera par un concours de cuisine. Nous l&rsquo;organisons avec l&rsquo;EHPAD (personnes \u00e2g\u00e9es). Le concours portera sur des p\u00e2tisseries sans \u00e9lectricit\u00e9 (comme avant) et le gagnant remporteras un livre de cuisine.<\/p>\n<p style=\"text-align: left;\">Cette action nous permettra de gagner un peu d&rsquo;argent car il nous en faut pour faire quelques changements dans le parc (par exemple un skate parc ou une araign\u00e9e, mais \u00e7a co\u00fbte cher) .<\/p>\n<p style=\"text-align: left;\">Nous avons pr\u00e9vu d&rsquo;autres actions comme une f\u00eate de l&rsquo;eau, un concert pour les jeunes, des ventes multiples (g\u00e2teux, muguet, &#8230;)<\/p>\n<p style=\"text-align: left;\">Pour l&rsquo;organisation, l&rsquo;id\u00e9e de la commission viens de C\u00e9cilia. Elle nous \u00e0 r\u00e9unis puis ensemble nous avons d\u00e9cid\u00e9 des horaires de rencontre (les jeudis \u00e0 partir de 17h30). Nous avons trouv\u00e9 \u00e7a int\u00e9ressant et on a continu\u00e9.<\/p>\n<p style=\"text-align: left;\">La commission existe depuis le mois de septembre 2015. Nous n&rsquo;avons pas d\u00e9cid\u00e9 de date de fin car des id\u00e9es nous en auront toujours. Il y a un \u00e2ge limit\u00e9 pour les participants (du CM1 jusqu&rsquo;en 3\u00e8me) , donc on va pas pouvoir rester tout le temps mais apr\u00e8s il y aura d&rsquo;autres enfants.\u00a0\u00bb<\/p>\n","protected":false},"excerpt":{"rendered":"<p>Saint D\u00e9sert : Cr\u00e9ation d&rsquo;une commission jeunesse Un groupe de 8 enfants (Math\u00e9o 10 ans, Alexandre 10 ans, Yanis 10 ans, Lilas 10 ans, Lou 12 ans, Camille 10 ans, Charlotte 10 ans, L\u00e9a 11 ans) accompagn\u00e9 de leurs animatrices et r\u00e9f\u00e9rentes (C\u00e9cilia GUILLEMAIN et Sylvie WATTEBLED), d\u00e9cident de se rencontrer chaque semaine afin de faire vivre une commission jeunesse. Les enfants la pr\u00e9sentent comme tel : \u00ab\u00a0Nous faisons des r\u00e9unions tous ensemble. Elles servent \u00e0 cr\u00e9er des projets d&rsquo;activit\u00e9&#8230;<\/p>\n<p class=\"read-more\"><a class=\"btn btn-default\" href=\"http:\/\/projetscitoyens.francas71.org\/?p=2005\" onclick=\"return TrackClick('http%3A%2F%2Fprojetscitoyens.francas71.org%2F%3Fp%3D2005','Lire+la+suite+Lire+la+suite')\">Lire la suite<span class=\"screen-reader-text\"> Lire la suite<\/span><\/a><\/p>\n","protected":false},"author":1,"featured_media":2004,"comment_status":"open","ping_status":"open","sticky":false,"template":"","format":"standard","meta":{"jetpack_post_was_ever_published":false,"_jetpack_newsletter_access":"","_jetpack_dont_email_post_to_subs":false,"_jetpack_newsletter_tier_id":0,"_jetpack_memberships_contains_paywalled_content":false,"_jetpack_memberships_contains_paid_content":false,"footnotes":"","jetpack_publicize_message":"","jetpack_publicize_feature_enabled":true,"jetpack_social_post_already_shared":true,"jetpack_social_options":{"image_generator_settings":{"template":"highway","enabled":false},"version":2}},"categories":[119,238],"tags":[13,16,140,131,31,150,169,136,123,129,62,72],"class_list":["post-2005","post","type-post","status-publish","format-standard","has-post-thumbnail","hentry","category-agis-pour-tes-droits-2","category-2016-les-droits-de-lenfant","tag-action","tag-agis","tag-animation","tag-bourgogne","tag-cide","tag-citoyennete","tag-convention-internationale","tag-droits-de-lenfant","tag-education","tag-engagement","tag-francas","tag-jeunes"],"jetpack_publicize_connections":[],"jetpack_featured_media_url":"https:\/\/i0.wp.com\/projetscitoyens.francas71.org\/wp-content\/uploads\/2016\/01\/DSC_0808-petit.jpg?fit=3503%2C1970","jetpack_sharing_enabled":true,"jetpack_shortlink":"https:\/\/wp.me\/p6M0zG-wl","jetpack-related-posts":[],"jetpack_likes_enabled":true,"_links":{"self":[{"href":"http:\/\/projetscitoyens.francas71.org\/index.php?rest_route=\/wp\/v2\/posts\/2005"}],"collection":[{"href":"http:\/\/projetscitoyens.francas71.org\/index.php?rest_route=\/wp\/v2\/posts"}],"about":[{"href":"http:\/\/projetscitoyens.francas71.org\/index.php?rest_route=\/wp\/v2\/types\/post"}],"author":[{"embeddable":true,"href":"http:\/\/projetscitoyens.francas71.org\/index.php?rest_route=\/wp\/v2\/users\/1"}],"replies":[{"embeddable":true,"href":"http:\/\/projetscitoyens.francas71.org\/index.php?rest_route=%2Fwp%2Fv2%2Fcomments&post=2005"}],"version-history":[{"count":6,"href":"http:\/\/projetscitoyens.francas71.org\/index.php?rest_route=\/wp\/v2\/posts\/2005\/revisions"}],"predecessor-version":[{"id":2013,"href":"http:\/\/projetscitoyens.francas71.org\/index.php?rest_route=\/wp\/v2\/posts\/2005\/revisions\/2013"}],"wp:featuredmedia":[{"embeddable":true,"href":"http:\/\/projetscitoyens.francas71.org\/index.php?rest_route=\/wp\/v2\/media\/2004"}],"wp:attachment":[{"href":"http:\/\/projetscitoyens.francas71.org\/index.php?rest_route=%2Fwp%2Fv2%2Fmedia&parent=2005"}],"wp:term":[{"taxonomy":"category","embeddable":true,"href":"http:\/\/projetscitoyens.francas71.org\/index.php?rest_route=%2Fwp%2Fv2%2Fcategories&post=2005"},{"taxonomy":"post_tag","embeddable":true,"href":"http:\/\/projetscitoyens.francas71.org\/index.php?rest_route=%2Fwp%2Fv2%2Ftags&post=2005"}],"curies":[{"name":"wp","href":"https:\/\/api.w.org\/{rel}","templated":true}]}}