{"id":2029,"date":"2016-03-02T16:25:55","date_gmt":"2016-03-02T15:25:55","guid":{"rendered":"http:\/\/www.francas71.org\/projetscitoyens\/?p=2029"},"modified":"2019-12-16T14:54:39","modified_gmt":"2019-12-16T13:54:39","slug":"droits-de-lenfant-support-pedagogique","status":"publish","type":"post","link":"http:\/\/projetscitoyens.francas71.org\/?p=2029","title":{"rendered":"Droits de l&rsquo;enfant &#8211; support p\u00e9dagogique"},"content":{"rendered":"<p><span style=\"font-family: Arial; font-size: small;\">Suite \u00e0 un projet de loi autorisant la ratification, pr\u00e9sent\u00e9 au conseil des ministres fin ao\u00fbt 2015, l&rsquo;instrument de ratification du 3<sup>e<\/sup> protocole additionnel \u00e0 la CIDE (Convention internationale des droits de l&rsquo;enfant) a \u00e9t\u00e9 d\u00e9pos\u00e9 par la France le 7 janvier dernier aux Nations unies. <\/span><br \/>\n<span style=\"font-family: Arial; font-size: small;\">La France a ratifi\u00e9 sans aucune r\u00e9serve ce protocole qui entrera donc en vigueur le 7 avril 2016. <\/span><br \/>\n<span style=\"font-family: Arial; font-size: small;\">Il vient compl\u00e9ter la convention par un processus de recours qui permettra \u00e0 tout enfant de saisir le Comit\u00e9 des droits de l&rsquo;enfant s&rsquo;il estime que ses droits ont \u00e9t\u00e9 bafou\u00e9s et qu&rsquo;aucun recours au niveau national n&rsquo;a pu aboutir.<\/span><br \/>\n<span style=\"font-family: Arial; font-size: small;\">Cette notification constitue une avanc\u00e9e majeure pour les droits de l&rsquo;enfant. Le protocole affirmant \u00ab la reconnaissance par le Gouvernement de la parole de l&rsquo;enfant et du respect de son meilleur int\u00e9r\u00eat \u00bb.<\/span><br \/>\n<span style=\"font-family: Arial; font-size: small;\">Le premier protocole concernait la participation des enfants aux conflits arm\u00e9s.<\/span><br \/>\n<span style=\"font-family: Arial; font-size: small;\">Le deuxi\u00e8me protocole concernait la vente d&rsquo;enfants, la prostitution d&rsquo;enfants et la pornographie impliquant des enfants.<\/span><\/p>\n<p><span style=\"font-family: Arial; font-size: small;\">Pour accompagner les enfants dans l&rsquo;appropriation de ce protocole, vous trouverez ci-dessous un support p\u00e9dagogique : \u00ab<a href=\"http:\/\/www.francas71.org\/projetscitoyens\/wp-content\/uploads\/2016\/03\/guide_sur_3e_protocole_facultatif_CIDE.pdf\" onclick=\"return TrackClick('http%3A%2F%2Fwww.francas71.org%2Fprojetscitoyens%2Fwp-content%2Fuploads%2F2016%2F03%2Fguide_sur_3e_protocole_facultatif_CIDE.pdf','Petit+guide+pour+les+enfants%2C+les+adolescents+et+les+organisations+d%22enfants+sur+un+nouveau+trait%C3%A9+des+Nations+unies+qui+permet+de+d%C3%A9noncer+les+violations+des+droits+des+enfants')\" target=\"_blank\" rel=\"noopener noreferrer\"> Petit guide pour les enfants, les adolescents et les organisations d&rsquo;enfants sur un nouveau trait\u00e9 des Nations unies qui permet de d\u00e9noncer les violations des droits des enfants<\/a> \u00bb. Il est produit par Child rights connect, qui est un r\u00e9seau mondial sur les droits de l&rsquo;enfant reliant la vie quotidienne des enfants aux Nations unies.<\/span><\/p>\n<p>&nbsp;<\/p>\n","protected":false},"excerpt":{"rendered":"<p>Suite \u00e0 un projet de loi autorisant la ratification, pr\u00e9sent\u00e9 au conseil des ministres fin ao\u00fbt 2015, l&rsquo;instrument de ratification du 3e protocole additionnel \u00e0 la CIDE (Convention internationale des droits de l&rsquo;enfant) a \u00e9t\u00e9 d\u00e9pos\u00e9 par la France le 7 janvier dernier aux Nations unies. La France a ratifi\u00e9 sans aucune r\u00e9serve ce protocole qui entrera donc en vigueur le 7 avril 2016. Il vient compl\u00e9ter la convention par un processus de recours qui permettra \u00e0 tout enfant de&#8230;<\/p>\n<p class=\"read-more\"><a class=\"btn btn-default\" href=\"http:\/\/projetscitoyens.francas71.org\/?p=2029\" onclick=\"return TrackClick('http%3A%2F%2Fprojetscitoyens.francas71.org%2F%3Fp%3D2029','Lire+la+suite+Lire+la+suite')\">Lire la suite<span class=\"screen-reader-text\"> Lire la suite<\/span><\/a><\/p>\n","protected":false},"author":1,"featured_media":2027,"comment_status":"open","ping_status":"open","sticky":false,"template":"","format":"standard","meta":{"jetpack_post_was_ever_published":false,"_jetpack_newsletter_access":"","_jetpack_dont_email_post_to_subs":false,"_jetpack_newsletter_tier_id":0,"_jetpack_memberships_contains_paywalled_content":false,"_jetpack_memberships_contains_paid_content":false,"footnotes":"","jetpack_publicize_message":"","jetpack_publicize_feature_enabled":true,"jetpack_social_post_already_shared":true,"jetpack_social_options":{"image_generator_settings":{"template":"highway","enabled":false},"version":2}},"categories":[119,238],"tags":[40,180,179],"class_list":["post-2029","post","type-post","status-publish","format-standard","has-post-thumbnail","hentry","category-agis-pour-tes-droits-2","category-2016-les-droits-de-lenfant","tag-convention","tag-guide","tag-ratification"],"jetpack_publicize_connections":[],"jetpack_featured_media_url":"https:\/\/i0.wp.com\/projetscitoyens.francas71.org\/wp-content\/uploads\/2016\/03\/guide-cide-2016-01.jpg?fit=393%2C245","jetpack_sharing_enabled":true,"jetpack_shortlink":"https:\/\/wp.me\/p6M0zG-wJ","jetpack-related-posts":[],"jetpack_likes_enabled":true,"_links":{"self":[{"href":"http:\/\/projetscitoyens.francas71.org\/index.php?rest_route=\/wp\/v2\/posts\/2029"}],"collection":[{"href":"http:\/\/projetscitoyens.francas71.org\/index.php?rest_route=\/wp\/v2\/posts"}],"about":[{"href":"http:\/\/projetscitoyens.francas71.org\/index.php?rest_route=\/wp\/v2\/types\/post"}],"author":[{"embeddable":true,"href":"http:\/\/projetscitoyens.francas71.org\/index.php?rest_route=\/wp\/v2\/users\/1"}],"replies":[{"embeddable":true,"href":"http:\/\/projetscitoyens.francas71.org\/index.php?rest_route=%2Fwp%2Fv2%2Fcomments&post=2029"}],"version-history":[{"count":3,"href":"http:\/\/projetscitoyens.francas71.org\/index.php?rest_route=\/wp\/v2\/posts\/2029\/revisions"}],"predecessor-version":[{"id":3027,"href":"http:\/\/projetscitoyens.francas71.org\/index.php?rest_route=\/wp\/v2\/posts\/2029\/revisions\/3027"}],"wp:featuredmedia":[{"embeddable":true,"href":"http:\/\/projetscitoyens.francas71.org\/index.php?rest_route=\/wp\/v2\/media\/2027"}],"wp:attachment":[{"href":"http:\/\/projetscitoyens.francas71.org\/index.php?rest_route=%2Fwp%2Fv2%2Fmedia&parent=2029"}],"wp:term":[{"taxonomy":"category","embeddable":true,"href":"http:\/\/projetscitoyens.francas71.org\/index.php?rest_route=%2Fwp%2Fv2%2Fcategories&post=2029"},{"taxonomy":"post_tag","embeddable":true,"href":"http:\/\/projetscitoyens.francas71.org\/index.php?rest_route=%2Fwp%2Fv2%2Ftags&post=2029"}],"curies":[{"name":"wp","href":"https:\/\/api.w.org\/{rel}","templated":true}]}}