{"id":2039,"date":"2016-05-26T08:35:02","date_gmt":"2016-05-26T07:35:02","guid":{"rendered":"http:\/\/www.francas71.org\/projetscitoyens\/?p=2039"},"modified":"2019-12-16T14:55:15","modified_gmt":"2019-12-16T13:55:15","slug":"agir-ensemble-pour-les-droits-de-lenfant-collectif-aede","status":"publish","type":"post","link":"http:\/\/projetscitoyens.francas71.org\/?p=2039","title":{"rendered":"Agir ensemble pour les droits de l&rsquo;enfant &#8211; collectif AEDE"},"content":{"rendered":"<h1>AVEC les enfants, POUR le respect de leurs droits<\/h1>\n<p>Plus de 50 organisations de la soci\u00e9t\u00e9 civile travaillant dans tous les domaines de l\u2019enfance se sont r\u00e9unies dans le projet AEDE. Elles ont r\u00e9dig\u00e9\u00a0ensemble, avec les enfants et les jeunes, un rapport sur la situation des enfants en France pour le Comit\u00e9 des droits de l\u2019enfant des Nations Unies. Elles souhaitent que ce rapport permette de promouvoir les droits des enfants et leur respect en France pour tous les enfants. Elles ont engag\u00e9 un travail de plaidoyer en ce sens.<\/p>\n<p>Lanc\u00e9 en 2013, \u00e0 l\u2019initiative de DEI-France et co-coordonn\u00e9\u00a0avec Solidarit\u00e9 La\u00efque, le projet AEDE, Agir ensemble pour les droits de l\u2019enfant, rassemble 57 organisations (associations, collectifs et syndicats) actives dans tous les domaines de l\u2019enfance en France\u00a0: sant\u00e9, \u00e9ducation, justice, accompagnement des parents\u2026 Ces structures ont su d\u00e9passer leurs cultures propres d\u2019organisation et leurs \u00ab\u00a0territoires\u00a0\u00bb d\u2019action sp\u00e9cifiques pour penser et r\u00e9diger collectivement un rapport alternatif destin\u00e9 au Comit\u00e9 des droits de l\u2019enfant des Nations Unies en vue du prochain contr\u00f4le de l\u2019application par la France de la Convention internationale des droits de l\u2019enfant (<a href=\"http:\/\/collectif-aede.org\/cide\" onclick=\"return TrackClick('http%3A%2F%2Fcollectif-aede.org%2Fcide','CIDE')\"><i class=\"fa fa-link\"><\/i><span class=\"link\">CIDE<\/span><\/a>). Il s\u2019agissait de faire le point, sur la p\u00e9riode 2009-2014, de la situation des enfants en France au regard de leurs droits mais aussi des actions internationales conduites par la France, avant de proposer des pr\u00e9conisations pour am\u00e9liorer concr\u00e8tement les conditions de vie des enfants et des jeunes.<\/p>\n<p>Pour tout savoir et suivre les infos du collectif :<\/p>\n<p>un site internet : <a href=\"http:\/\/collectif-aede.org\/\" onclick=\"return TrackClick('http%3A%2F%2Fcollectif-aede.org%2F','http%3A%2F%2Fcollectif-aede.org%2F')\" target=\"_blank\" rel=\"noopener noreferrer\">http:\/\/collectif-aede.org\/<\/a><\/p>\n<p>une page facebook : <a href=\"https:\/\/www.facebook.com\/collectifaede\/\" onclick=\"return TrackClick('https%3A%2F%2Fwww.facebook.com%2Fcollectifaede%2F','https%3A%2F%2Fwww.facebook.com%2Fcollectifaede%2F')\" target=\"_blank\" rel=\"noopener noreferrer\">https:\/\/www.facebook.com\/collectifaede\/<\/a><\/p>\n<p>un <a href=\"http:\/\/www.francas71.org\/projetscitoyens\/wp-content\/uploads\/2016\/05\/Presentation-AEDE.pdf\" onclick=\"return TrackClick('http%3A%2F%2Fwww.francas71.org%2Fprojetscitoyens%2Fwp-content%2Fuploads%2F2016%2F05%2FPresentation-AEDE.pdf','dossier+de+pr%C3%A9sentation+en+t%C3%A9l%C3%A9chargement')\" target=\"_blank\" rel=\"noopener noreferrer\">dossier de pr\u00e9sentation en t\u00e9l\u00e9chargement<\/a><\/p>\n","protected":false},"excerpt":{"rendered":"<p>AVEC les enfants, POUR le respect de leurs droits Plus de 50 organisations de la soci\u00e9t\u00e9 civile travaillant dans tous les domaines de l\u2019enfance se sont r\u00e9unies dans le projet AEDE. Elles ont r\u00e9dig\u00e9\u00a0ensemble, avec les enfants et les jeunes, un rapport sur la situation des enfants en France pour le Comit\u00e9 des droits de l\u2019enfant des Nations Unies. Elles souhaitent que ce rapport permette de promouvoir les droits des enfants et leur respect en France pour tous les enfants&#8230;.<\/p>\n<p class=\"read-more\"><a class=\"btn btn-default\" href=\"http:\/\/projetscitoyens.francas71.org\/?p=2039\" onclick=\"return TrackClick('http%3A%2F%2Fprojetscitoyens.francas71.org%2F%3Fp%3D2039','Lire+la+suite+Lire+la+suite')\">Lire la suite<span class=\"screen-reader-text\"> Lire la suite<\/span><\/a><\/p>\n","protected":false},"author":1,"featured_media":2040,"comment_status":"open","ping_status":"open","sticky":false,"template":"","format":"standard","meta":{"jetpack_post_was_ever_published":false,"_jetpack_newsletter_access":"","_jetpack_dont_email_post_to_subs":false,"_jetpack_newsletter_tier_id":0,"_jetpack_memberships_contains_paywalled_content":false,"_jetpack_memberships_contains_paid_content":false,"footnotes":"","jetpack_publicize_message":"","jetpack_publicize_feature_enabled":true,"jetpack_social_post_already_shared":true,"jetpack_social_options":{"image_generator_settings":{"template":"highway","enabled":false},"version":2}},"categories":[119,238],"tags":[183,129],"class_list":["post-2039","post","type-post","status-publish","format-standard","has-post-thumbnail","hentry","category-agis-pour-tes-droits-2","category-2016-les-droits-de-lenfant","tag-aede","tag-engagement"],"jetpack_publicize_connections":[],"jetpack_featured_media_url":"https:\/\/i0.wp.com\/projetscitoyens.francas71.org\/wp-content\/uploads\/2016\/05\/aede.jpg?fit=1000%2C1247","jetpack_sharing_enabled":true,"jetpack_shortlink":"https:\/\/wp.me\/p6M0zG-wT","jetpack-related-posts":[],"jetpack_likes_enabled":true,"_links":{"self":[{"href":"http:\/\/projetscitoyens.francas71.org\/index.php?rest_route=\/wp\/v2\/posts\/2039"}],"collection":[{"href":"http:\/\/projetscitoyens.francas71.org\/index.php?rest_route=\/wp\/v2\/posts"}],"about":[{"href":"http:\/\/projetscitoyens.francas71.org\/index.php?rest_route=\/wp\/v2\/types\/post"}],"author":[{"embeddable":true,"href":"http:\/\/projetscitoyens.francas71.org\/index.php?rest_route=\/wp\/v2\/users\/1"}],"replies":[{"embeddable":true,"href":"http:\/\/projetscitoyens.francas71.org\/index.php?rest_route=%2Fwp%2Fv2%2Fcomments&post=2039"}],"version-history":[{"count":3,"href":"http:\/\/projetscitoyens.francas71.org\/index.php?rest_route=\/wp\/v2\/posts\/2039\/revisions"}],"predecessor-version":[{"id":3028,"href":"http:\/\/projetscitoyens.francas71.org\/index.php?rest_route=\/wp\/v2\/posts\/2039\/revisions\/3028"}],"wp:featuredmedia":[{"embeddable":true,"href":"http:\/\/projetscitoyens.francas71.org\/index.php?rest_route=\/wp\/v2\/media\/2040"}],"wp:attachment":[{"href":"http:\/\/projetscitoyens.francas71.org\/index.php?rest_route=%2Fwp%2Fv2%2Fmedia&parent=2039"}],"wp:term":[{"taxonomy":"category","embeddable":true,"href":"http:\/\/projetscitoyens.francas71.org\/index.php?rest_route=%2Fwp%2Fv2%2Fcategories&post=2039"},{"taxonomy":"post_tag","embeddable":true,"href":"http:\/\/projetscitoyens.francas71.org\/index.php?rest_route=%2Fwp%2Fv2%2Ftags&post=2039"}],"curies":[{"name":"wp","href":"https:\/\/api.w.org\/{rel}","templated":true}]}}