{"id":2053,"date":"2016-05-31T09:25:24","date_gmt":"2016-05-31T08:25:24","guid":{"rendered":"http:\/\/www.francas71.org\/projetscitoyens\/?p=2053"},"modified":"2019-12-16T14:55:30","modified_gmt":"2019-12-16T13:55:30","slug":"societe-solidaires-2-0-grande-consultation-des-jeunes","status":"publish","type":"post","link":"http:\/\/projetscitoyens.francas71.org\/?p=2053","title":{"rendered":"Soci\u00e9t\u00e9 Solidaires 2.0 &#8211; grande consultation des jeunes"},"content":{"rendered":"<h2><span style=\"color: #993300;\"><strong>le Cnajep lance une importante consultation aupr\u00e8s de ses membres et de leurs adh\u00e9rents dans le cadre de la dynamique Provox.<\/strong><\/span><\/h2>\n<p>Cette consultation vise \u00e0 recueillir les propositions et id\u00e9es de plus de 10.000 jeunes partout en France pour renouveler les politiques de jeunesse sur la mani\u00e8re dont celles-ci cr\u00e9ent de la solidarit\u00e9 et du lien entre les personnes.<\/p>\n<p>L\u2019ensemble de ces id\u00e9es seront d\u00e9battues lors du <strong>festival provox<\/strong> qui se tiendra \u00e0 Paris du 1<sup>er<\/sup> au 3 juillet (organis\u00e9 par le Cnajep) afin que nous puissions collectivement les mettre en d\u00e9bat et les prioriser. 15 id\u00e9es seront par la suite envoy\u00e9es au niveau europ\u00e9en o\u00f9 elles serviront <strong>\u00e0 la construction d\u2019une prochaine r\u00e9solution du conseil de l\u2019UE<\/strong>.<\/p>\n<p>N\u2019h\u00e9sitez pas \u00e0 vous connecter sur <strong>nos r\u00e9seaux sociaux<\/strong> pour en savoir plus\u00a0!<\/p>\n<p><a href=\"http:\/\/www.provox-jeunesse.fr\/actualites\/consultation\" onclick=\"return TrackClick('http%3A%2F%2Fwww.provox-jeunesse.fr%2Factualites%2Fconsultation','http%3A%2F%2Fwww.provox-jeunesse.fr%2Factualites%2Fconsultation')\" target=\"_blank\" rel=\"noopener noreferrer\">http:\/\/www.provox-jeunesse.fr\/actualites\/consultation<\/a><\/p>\n<p>&nbsp;<\/p>\n","protected":false},"excerpt":{"rendered":"<p>le Cnajep lance une importante consultation aupr\u00e8s de ses membres et de leurs adh\u00e9rents dans le cadre de la dynamique Provox. Cette consultation vise \u00e0 recueillir les propositions et id\u00e9es de plus de 10.000 jeunes partout en France pour renouveler les politiques de jeunesse sur la mani\u00e8re dont celles-ci cr\u00e9ent de la solidarit\u00e9 et du lien entre les personnes. L\u2019ensemble de ces id\u00e9es seront d\u00e9battues lors du festival provox qui se tiendra \u00e0 Paris du 1er au 3 juillet (organis\u00e9&#8230;<\/p>\n<p class=\"read-more\"><a class=\"btn btn-default\" href=\"http:\/\/projetscitoyens.francas71.org\/?p=2053\" onclick=\"return TrackClick('http%3A%2F%2Fprojetscitoyens.francas71.org%2F%3Fp%3D2053','Lire+la+suite+Lire+la+suite')\">Lire la suite<span class=\"screen-reader-text\"> Lire la suite<\/span><\/a><\/p>\n","protected":false},"author":1,"featured_media":2056,"comment_status":"open","ping_status":"open","sticky":false,"template":"","format":"standard","meta":{"jetpack_post_was_ever_published":false,"_jetpack_newsletter_access":"","_jetpack_dont_email_post_to_subs":false,"_jetpack_newsletter_tier_id":0,"_jetpack_memberships_contains_paywalled_content":false,"_jetpack_memberships_contains_paid_content":false,"footnotes":"","jetpack_publicize_message":"","jetpack_publicize_feature_enabled":true,"jetpack_social_post_already_shared":true,"jetpack_social_options":{"image_generator_settings":{"template":"highway","enabled":false},"version":2}},"categories":[120],"tags":[],"class_list":["post-2053","post","type-post","status-publish","format-standard","has-post-thumbnail","hentry","category-engagement-des-jeunes"],"jetpack_publicize_connections":[],"jetpack_featured_media_url":"https:\/\/i0.wp.com\/projetscitoyens.francas71.org\/wp-content\/uploads\/2016\/05\/provox-bleu-2.jpg?fit=745%2C400","jetpack_sharing_enabled":true,"jetpack_shortlink":"https:\/\/wp.me\/p6M0zG-x7","jetpack-related-posts":[],"jetpack_likes_enabled":true,"_links":{"self":[{"href":"http:\/\/projetscitoyens.francas71.org\/index.php?rest_route=\/wp\/v2\/posts\/2053"}],"collection":[{"href":"http:\/\/projetscitoyens.francas71.org\/index.php?rest_route=\/wp\/v2\/posts"}],"about":[{"href":"http:\/\/projetscitoyens.francas71.org\/index.php?rest_route=\/wp\/v2\/types\/post"}],"author":[{"embeddable":true,"href":"http:\/\/projetscitoyens.francas71.org\/index.php?rest_route=\/wp\/v2\/users\/1"}],"replies":[{"embeddable":true,"href":"http:\/\/projetscitoyens.francas71.org\/index.php?rest_route=%2Fwp%2Fv2%2Fcomments&post=2053"}],"version-history":[{"count":2,"href":"http:\/\/projetscitoyens.francas71.org\/index.php?rest_route=\/wp\/v2\/posts\/2053\/revisions"}],"predecessor-version":[{"id":3030,"href":"http:\/\/projetscitoyens.francas71.org\/index.php?rest_route=\/wp\/v2\/posts\/2053\/revisions\/3030"}],"wp:featuredmedia":[{"embeddable":true,"href":"http:\/\/projetscitoyens.francas71.org\/index.php?rest_route=\/wp\/v2\/media\/2056"}],"wp:attachment":[{"href":"http:\/\/projetscitoyens.francas71.org\/index.php?rest_route=%2Fwp%2Fv2%2Fmedia&parent=2053"}],"wp:term":[{"taxonomy":"category","embeddable":true,"href":"http:\/\/projetscitoyens.francas71.org\/index.php?rest_route=%2Fwp%2Fv2%2Fcategories&post=2053"},{"taxonomy":"post_tag","embeddable":true,"href":"http:\/\/projetscitoyens.francas71.org\/index.php?rest_route=%2Fwp%2Fv2%2Ftags&post=2053"}],"curies":[{"name":"wp","href":"https:\/\/api.w.org\/{rel}","templated":true}]}}