{"id":2073,"date":"2016-09-20T09:40:37","date_gmt":"2016-09-20T08:40:37","guid":{"rendered":"http:\/\/www.francas71.org\/projetscitoyens\/?p=2073"},"modified":"2019-12-16T15:15:44","modified_gmt":"2019-12-16T14:15:44","slug":"super-heros-des-droits-chanes-episode-1","status":"publish","type":"post","link":"http:\/\/projetscitoyens.francas71.org\/?p=2073","title":{"rendered":"Super H\u00e9ros des Droits : Ch\u00e2nes &#8211; Episode 1"},"content":{"rendered":"<p style=\"text-align: center;\"><a href=\"https:\/\/i0.wp.com\/www.francas71.org\/projetscitoyens\/wp-content\/uploads\/2016\/09\/visionnage-vid\u00e9o-Ch\u00e2nes-petit-e1474360453649.jpg\" onclick=\"return TrackClick('http%3A%2F%2Fwww.francas71.org%2Fprojetscitoyens%2Fwp-content%2Fuploads%2F2016%2F09%2Fvisionnage-vid%C3%A9o-Ch%C3%A2nes-petit-e1474360453649.jpg','')\"><img loading=\"lazy\" decoding=\"async\" data-attachment-id=\"2075\" data-permalink=\"http:\/\/projetscitoyens.francas71.org\/?attachment_id=2075\" data-orig-file=\"https:\/\/i0.wp.com\/projetscitoyens.francas71.org\/wp-content\/uploads\/2016\/09\/visionnage-vid\u00e9o-Ch\u00e2nes-petit-e1474360453649.jpg?fit=1399%2C1418\" data-orig-size=\"1399,1418\" data-comments-opened=\"1\" data-image-meta=\"{&quot;aperture&quot;:&quot;0&quot;,&quot;credit&quot;:&quot;&quot;,&quot;camera&quot;:&quot;&quot;,&quot;caption&quot;:&quot;&quot;,&quot;created_timestamp&quot;:&quot;0&quot;,&quot;copyright&quot;:&quot;&quot;,&quot;focal_length&quot;:&quot;0&quot;,&quot;iso&quot;:&quot;0&quot;,&quot;shutter_speed&quot;:&quot;0&quot;,&quot;title&quot;:&quot;&quot;,&quot;orientation&quot;:&quot;0&quot;}\" data-image-title=\"visionnage-video-chanes-petit\" data-image-description=\"\" data-image-caption=\"\" data-medium-file=\"https:\/\/i0.wp.com\/projetscitoyens.francas71.org\/wp-content\/uploads\/2016\/09\/visionnage-vid\u00e9o-Ch\u00e2nes-petit-e1474360453649.jpg?fit=296%2C300\" data-large-file=\"https:\/\/i0.wp.com\/projetscitoyens.francas71.org\/wp-content\/uploads\/2016\/09\/visionnage-vid\u00e9o-Ch\u00e2nes-petit-e1474360453649.jpg?fit=640%2C649\" tabindex=\"0\" role=\"button\" class=\"aligncenter wp-image-2075 size-medium\" src=\"https:\/\/i0.wp.com\/www.francas71.org\/projetscitoyens\/wp-content\/uploads\/2016\/09\/visionnage-vid\u00e9o-Ch\u00e2nes-petit-e1474360453649-296x300.jpg?resize=296%2C300\" alt=\"visionnage-video-chanes-petit\" width=\"296\" height=\"300\" srcset=\"https:\/\/i0.wp.com\/projetscitoyens.francas71.org\/wp-content\/uploads\/2016\/09\/visionnage-vid\u00e9o-Ch\u00e2nes-petit-e1474360453649.jpg?resize=296%2C300 296w, https:\/\/i0.wp.com\/projetscitoyens.francas71.org\/wp-content\/uploads\/2016\/09\/visionnage-vid\u00e9o-Ch\u00e2nes-petit-e1474360453649.jpg?resize=768%2C778 768w, https:\/\/i0.wp.com\/projetscitoyens.francas71.org\/wp-content\/uploads\/2016\/09\/visionnage-vid\u00e9o-Ch\u00e2nes-petit-e1474360453649.jpg?resize=1010%2C1024 1010w, https:\/\/i0.wp.com\/projetscitoyens.francas71.org\/wp-content\/uploads\/2016\/09\/visionnage-vid\u00e9o-Ch\u00e2nes-petit-e1474360453649.jpg?resize=50%2C50 50w, https:\/\/i0.wp.com\/projetscitoyens.francas71.org\/wp-content\/uploads\/2016\/09\/visionnage-vid\u00e9o-Ch\u00e2nes-petit-e1474360453649.jpg?resize=1024%2C1038 1024w, https:\/\/i0.wp.com\/projetscitoyens.francas71.org\/wp-content\/uploads\/2016\/09\/visionnage-vid\u00e9o-Ch\u00e2nes-petit-e1474360453649.jpg?w=1399 1399w, https:\/\/i0.wp.com\/projetscitoyens.francas71.org\/wp-content\/uploads\/2016\/09\/visionnage-vid\u00e9o-Ch\u00e2nes-petit-e1474360453649.jpg?w=1280 1280w\" sizes=\"(max-width: 296px) 100vw, 296px\" data-recalc-dims=\"1\" \/><\/a><\/p>\n<p style=\"text-align: center;\"><strong><span style=\"text-decoration: underline;\">Sensibilisation aux droits de l&rsquo;enfant et \u00e0 la CIDE (Convention Internationale des Droits de l&rsquo;enfant).<\/span> <\/strong><\/p>\n<p>Gr\u00e2ce \u00e0 diff\u00e9rentes images, les enfants se sont d&rsquo;abord questionn\u00e9s sur les envies et les besoins fondamentaux d&rsquo;un enfant. Suite \u00e0 cela ils ont visionn\u00e9 quelques vid\u00e9os (la CIDE : quoi, pour qui, pourquoi, o\u00f9, r\u00e9sum\u00e9 en 10 droits fondamentaux&#8230;) et ont pu d\u00e9battre autour des droits, ce que l&rsquo;on en sait, ce que l&rsquo;on en fait.<\/p>\n","protected":false},"excerpt":{"rendered":"<p>Sensibilisation aux droits de l&rsquo;enfant et \u00e0 la CIDE (Convention Internationale des Droits de l&rsquo;enfant). Gr\u00e2ce \u00e0 diff\u00e9rentes images, les enfants se sont d&rsquo;abord questionn\u00e9s sur les envies et les besoins fondamentaux d&rsquo;un enfant. Suite \u00e0 cela ils ont visionn\u00e9 quelques vid\u00e9os (la CIDE : quoi, pour qui, pourquoi, o\u00f9, r\u00e9sum\u00e9 en 10 droits fondamentaux&#8230;) et ont pu d\u00e9battre autour des droits, ce que l&rsquo;on en sait, ce que l&rsquo;on en fait.<\/p>\n","protected":false},"author":1,"featured_media":2075,"comment_status":"open","ping_status":"open","sticky":false,"template":"","format":"standard","meta":{"jetpack_post_was_ever_published":false,"_jetpack_newsletter_access":"","_jetpack_dont_email_post_to_subs":false,"_jetpack_newsletter_tier_id":0,"_jetpack_memberships_contains_paywalled_content":false,"_jetpack_memberships_contains_paid_content":false,"footnotes":"","jetpack_publicize_message":"","jetpack_publicize_feature_enabled":true,"jetpack_social_post_already_shared":true,"jetpack_social_options":{"image_generator_settings":{"template":"highway","enabled":false},"version":2}},"categories":[119,238],"tags":[13,16,140,31,150,169,136,49,123,53,91,191],"class_list":["post-2073","post","type-post","status-publish","format-standard","has-post-thumbnail","hentry","category-agis-pour-tes-droits-2","category-2016-les-droits-de-lenfant","tag-action","tag-agis","tag-animation","tag-cide","tag-citoyennete","tag-convention-internationale","tag-droits-de-lenfant","tag-ecoles","tag-education","tag-enfants","tag-periscolaire","tag-super-hero"],"jetpack_publicize_connections":[],"jetpack_featured_media_url":"https:\/\/i0.wp.com\/projetscitoyens.francas71.org\/wp-content\/uploads\/2016\/09\/visionnage-vid\u00e9o-Ch\u00e2nes-petit-e1474360453649.jpg?fit=1399%2C1418","jetpack_sharing_enabled":true,"jetpack_shortlink":"https:\/\/wp.me\/p6M0zG-xr","jetpack-related-posts":[],"jetpack_likes_enabled":true,"_links":{"self":[{"href":"http:\/\/projetscitoyens.francas71.org\/index.php?rest_route=\/wp\/v2\/posts\/2073"}],"collection":[{"href":"http:\/\/projetscitoyens.francas71.org\/index.php?rest_route=\/wp\/v2\/posts"}],"about":[{"href":"http:\/\/projetscitoyens.francas71.org\/index.php?rest_route=\/wp\/v2\/types\/post"}],"author":[{"embeddable":true,"href":"http:\/\/projetscitoyens.francas71.org\/index.php?rest_route=\/wp\/v2\/users\/1"}],"replies":[{"embeddable":true,"href":"http:\/\/projetscitoyens.francas71.org\/index.php?rest_route=%2Fwp%2Fv2%2Fcomments&post=2073"}],"version-history":[{"count":2,"href":"http:\/\/projetscitoyens.francas71.org\/index.php?rest_route=\/wp\/v2\/posts\/2073\/revisions"}],"predecessor-version":[{"id":2077,"href":"http:\/\/projetscitoyens.francas71.org\/index.php?rest_route=\/wp\/v2\/posts\/2073\/revisions\/2077"}],"wp:featuredmedia":[{"embeddable":true,"href":"http:\/\/projetscitoyens.francas71.org\/index.php?rest_route=\/wp\/v2\/media\/2075"}],"wp:attachment":[{"href":"http:\/\/projetscitoyens.francas71.org\/index.php?rest_route=%2Fwp%2Fv2%2Fmedia&parent=2073"}],"wp:term":[{"taxonomy":"category","embeddable":true,"href":"http:\/\/projetscitoyens.francas71.org\/index.php?rest_route=%2Fwp%2Fv2%2Fcategories&post=2073"},{"taxonomy":"post_tag","embeddable":true,"href":"http:\/\/projetscitoyens.francas71.org\/index.php?rest_route=%2Fwp%2Fv2%2Ftags&post=2073"}],"curies":[{"name":"wp","href":"https:\/\/api.w.org\/{rel}","templated":true}]}}