{"id":2079,"date":"2016-09-20T10:10:53","date_gmt":"2016-09-20T09:10:53","guid":{"rendered":"http:\/\/www.francas71.org\/projetscitoyens\/?p=2079"},"modified":"2019-12-16T14:57:52","modified_gmt":"2019-12-16T13:57:52","slug":"super-heros-des-droits-chanes-episode-2","status":"publish","type":"post","link":"http:\/\/projetscitoyens.francas71.org\/?p=2079","title":{"rendered":"Super H\u00e9ros des Droits : Ch\u00e2nes &#8211; Episode 2"},"content":{"rendered":"<p><a href=\"https:\/\/i0.wp.com\/www.francas71.org\/projetscitoyens\/wp-content\/uploads\/2016\/09\/Dessin-super-h\u00e9ro-Ch\u00e2nes-petit-e1474360527613.jpg\" onclick=\"return TrackClick('http%3A%2F%2Fwww.francas71.org%2Fprojetscitoyens%2Fwp-content%2Fuploads%2F2016%2F09%2FDessin-super-h%C3%A9ro-Ch%C3%A2nes-petit-e1474360527613.jpg','')\"><img loading=\"lazy\" decoding=\"async\" data-attachment-id=\"2076\" data-permalink=\"http:\/\/projetscitoyens.francas71.org\/?attachment_id=2076\" data-orig-file=\"https:\/\/i0.wp.com\/projetscitoyens.francas71.org\/wp-content\/uploads\/2016\/09\/Dessin-super-h\u00e9ro-Ch\u00e2nes-petit-e1474360527613.jpg?fit=1245%2C1831\" data-orig-size=\"1245,1831\" data-comments-opened=\"1\" data-image-meta=\"{&quot;aperture&quot;:&quot;0&quot;,&quot;credit&quot;:&quot;&quot;,&quot;camera&quot;:&quot;&quot;,&quot;caption&quot;:&quot;&quot;,&quot;created_timestamp&quot;:&quot;0&quot;,&quot;copyright&quot;:&quot;&quot;,&quot;focal_length&quot;:&quot;0&quot;,&quot;iso&quot;:&quot;0&quot;,&quot;shutter_speed&quot;:&quot;0&quot;,&quot;title&quot;:&quot;&quot;,&quot;orientation&quot;:&quot;0&quot;}\" data-image-title=\"dessin-super-hero-chanes-petit\" data-image-description=\"\" data-image-caption=\"\" data-medium-file=\"https:\/\/i0.wp.com\/projetscitoyens.francas71.org\/wp-content\/uploads\/2016\/09\/Dessin-super-h\u00e9ro-Ch\u00e2nes-petit-e1474360527613.jpg?fit=204%2C300\" data-large-file=\"https:\/\/i0.wp.com\/projetscitoyens.francas71.org\/wp-content\/uploads\/2016\/09\/Dessin-super-h\u00e9ro-Ch\u00e2nes-petit-e1474360527613.jpg?fit=640%2C942\" tabindex=\"0\" role=\"button\" class=\"aligncenter size-medium wp-image-2076\" src=\"https:\/\/i0.wp.com\/www.francas71.org\/projetscitoyens\/wp-content\/uploads\/2016\/09\/Dessin-super-h\u00e9ro-Ch\u00e2nes-petit-e1474360527613-204x300.jpg?resize=204%2C300\" alt=\"dessin-super-hero-chanes-petit\" width=\"204\" height=\"300\" srcset=\"https:\/\/i0.wp.com\/projetscitoyens.francas71.org\/wp-content\/uploads\/2016\/09\/Dessin-super-h\u00e9ro-Ch\u00e2nes-petit-e1474360527613.jpg?resize=204%2C300 204w, https:\/\/i0.wp.com\/projetscitoyens.francas71.org\/wp-content\/uploads\/2016\/09\/Dessin-super-h\u00e9ro-Ch\u00e2nes-petit-e1474360527613.jpg?resize=768%2C1129 768w, https:\/\/i0.wp.com\/projetscitoyens.francas71.org\/wp-content\/uploads\/2016\/09\/Dessin-super-h\u00e9ro-Ch\u00e2nes-petit-e1474360527613.jpg?resize=696%2C1024 696w, https:\/\/i0.wp.com\/projetscitoyens.francas71.org\/wp-content\/uploads\/2016\/09\/Dessin-super-h\u00e9ro-Ch\u00e2nes-petit-e1474360527613.jpg?resize=1024%2C1506 1024w, https:\/\/i0.wp.com\/projetscitoyens.francas71.org\/wp-content\/uploads\/2016\/09\/Dessin-super-h\u00e9ro-Ch\u00e2nes-petit-e1474360527613.jpg?w=1245 1245w\" sizes=\"(max-width: 204px) 100vw, 204px\" data-recalc-dims=\"1\" \/><\/a><\/p>\n<p>Lors de cette s\u00e9ance, les enfants se sont s\u00e9par\u00e9s en groupes de 3. Ils se sont alors mis d&rsquo;accord sur le droit que d\u00e9fendrait leur super h\u00e9ro. A la suite de cela les enfants ont imagin\u00e9 \u00e0 quoi pourrait ressembler leur super h\u00e9ro :<\/p>\n<ul>\n<li>Son nom<\/li>\n<li>Sa forme<\/li>\n<li>Son costume<\/li>\n<li>Son pouvoir<\/li>\n<li>Sa fa\u00e7on de s&rsquo;exprimer, de se d\u00e9placer<\/li>\n<li>Ses couleurs<\/li>\n<li>Son ennemi jur\u00e9<\/li>\n<\/ul>\n<p>Sont n\u00e9s plusieurs Super H\u00e9ros (que chaque groupe d&rsquo;enfant \u00e0 pu pr\u00e9senter au grand groupe) :<\/p>\n<ul>\n<li>\u00ab\u00a0Super doc\u00a0\u00bb et son ennemi \u00ab\u00a0Sumo\u00a0\u00bb<\/li>\n<li>\u00ab\u00a0Miss \u00e9galit\u00e9\u00a0\u00bb et son ennemie \u00ab\u00a0Parfaite cr\u00e2neuse\u00a0\u00bb<\/li>\n<li>Le super h\u00e9ro qui d\u00e9fend le droit de bien vivre (se nourrir, se loger)<\/li>\n<li>\u00ab\u00a0Docteur Man\u00a0\u00bb et son ennemi \u00ab\u00a0Docteur mal\u00e9fique\u00a0\u00bb<\/li>\n<\/ul>\n<p>&nbsp;<\/p>\n<p style=\"text-align: right;\">Plus de d\u00e9tails et suite du projet au prochain \u00e9pisode&#8230;&#8230;&#8230;.<\/p>\n","protected":false},"excerpt":{"rendered":"<p>Lors de cette s\u00e9ance, les enfants se sont s\u00e9par\u00e9s en groupes de 3. Ils se sont alors mis d&rsquo;accord sur le droit que d\u00e9fendrait leur super h\u00e9ro. A la suite de cela les enfants ont imagin\u00e9 \u00e0 quoi pourrait ressembler leur super h\u00e9ro : Son nom Sa forme Son costume Son pouvoir Sa fa\u00e7on de s&rsquo;exprimer, de se d\u00e9placer Ses couleurs Son ennemi jur\u00e9 Sont n\u00e9s plusieurs Super H\u00e9ros (que chaque groupe d&rsquo;enfant \u00e0 pu pr\u00e9senter au grand groupe) :&#8230;<\/p>\n<p class=\"read-more\"><a class=\"btn btn-default\" href=\"http:\/\/projetscitoyens.francas71.org\/?p=2079\" onclick=\"return TrackClick('http%3A%2F%2Fprojetscitoyens.francas71.org%2F%3Fp%3D2079','Lire+la+suite+Lire+la+suite')\">Lire la suite<span class=\"screen-reader-text\"> Lire la suite<\/span><\/a><\/p>\n","protected":false},"author":1,"featured_media":2076,"comment_status":"open","ping_status":"open","sticky":false,"template":"","format":"standard","meta":{"jetpack_post_was_ever_published":false,"_jetpack_newsletter_access":"","_jetpack_dont_email_post_to_subs":false,"_jetpack_newsletter_tier_id":0,"_jetpack_memberships_contains_paywalled_content":false,"_jetpack_memberships_contains_paid_content":false,"footnotes":"","jetpack_publicize_message":"","jetpack_publicize_feature_enabled":true,"jetpack_social_post_already_shared":true,"jetpack_social_options":{"image_generator_settings":{"template":"highway","enabled":false},"version":2}},"categories":[119,238],"tags":[13,16,140,31,169,136,49,123,53,91,191],"class_list":["post-2079","post","type-post","status-publish","format-standard","has-post-thumbnail","hentry","category-agis-pour-tes-droits-2","category-2016-les-droits-de-lenfant","tag-action","tag-agis","tag-animation","tag-cide","tag-convention-internationale","tag-droits-de-lenfant","tag-ecoles","tag-education","tag-enfants","tag-periscolaire","tag-super-hero"],"jetpack_publicize_connections":[],"jetpack_featured_media_url":"https:\/\/i0.wp.com\/projetscitoyens.francas71.org\/wp-content\/uploads\/2016\/09\/Dessin-super-h\u00e9ro-Ch\u00e2nes-petit-e1474360527613.jpg?fit=1245%2C1831","jetpack_sharing_enabled":true,"jetpack_shortlink":"https:\/\/wp.me\/p6M0zG-xx","jetpack-related-posts":[],"jetpack_likes_enabled":true,"_links":{"self":[{"href":"http:\/\/projetscitoyens.francas71.org\/index.php?rest_route=\/wp\/v2\/posts\/2079"}],"collection":[{"href":"http:\/\/projetscitoyens.francas71.org\/index.php?rest_route=\/wp\/v2\/posts"}],"about":[{"href":"http:\/\/projetscitoyens.francas71.org\/index.php?rest_route=\/wp\/v2\/types\/post"}],"author":[{"embeddable":true,"href":"http:\/\/projetscitoyens.francas71.org\/index.php?rest_route=\/wp\/v2\/users\/1"}],"replies":[{"embeddable":true,"href":"http:\/\/projetscitoyens.francas71.org\/index.php?rest_route=%2Fwp%2Fv2%2Fcomments&post=2079"}],"version-history":[{"count":1,"href":"http:\/\/projetscitoyens.francas71.org\/index.php?rest_route=\/wp\/v2\/posts\/2079\/revisions"}],"predecessor-version":[{"id":2080,"href":"http:\/\/projetscitoyens.francas71.org\/index.php?rest_route=\/wp\/v2\/posts\/2079\/revisions\/2080"}],"wp:featuredmedia":[{"embeddable":true,"href":"http:\/\/projetscitoyens.francas71.org\/index.php?rest_route=\/wp\/v2\/media\/2076"}],"wp:attachment":[{"href":"http:\/\/projetscitoyens.francas71.org\/index.php?rest_route=%2Fwp%2Fv2%2Fmedia&parent=2079"}],"wp:term":[{"taxonomy":"category","embeddable":true,"href":"http:\/\/projetscitoyens.francas71.org\/index.php?rest_route=%2Fwp%2Fv2%2Fcategories&post=2079"},{"taxonomy":"post_tag","embeddable":true,"href":"http:\/\/projetscitoyens.francas71.org\/index.php?rest_route=%2Fwp%2Fv2%2Ftags&post=2079"}],"curies":[{"name":"wp","href":"https:\/\/api.w.org\/{rel}","templated":true}]}}