{"id":2091,"date":"2016-12-02T14:32:09","date_gmt":"2016-12-02T13:32:09","guid":{"rendered":"http:\/\/www.francas71.org\/projetscitoyens\/?p=2091"},"modified":"2019-12-16T14:58:39","modified_gmt":"2019-12-16T13:58:39","slug":"semaine-de-la-solidarite-internationale-les-francas-animent-une-radio-a-lerea-de-charnay-les-macon","status":"publish","type":"post","link":"http:\/\/projetscitoyens.francas71.org\/?p=2091","title":{"rendered":"Semaine de la solidarit\u00e9 internationale &#8211; les Francas animent une radio \u00e0 l&rsquo;EREA de Charnay-l\u00e8s-M\u00e2con"},"content":{"rendered":"<h3><span style=\"color: #800000;\">Du lundi 14 au vendredi 18 novembre 2016, dans le cadre de la semaine de la solidarit\u00e9 internationale, l&rsquo;\u00e9tablissement r\u00e9gional d&rsquo;enseignement adapt\u00e9 (EREA) Claude Brosse de Charnay-l\u00e8s-M\u00e2con organisait une semaine d&rsquo;animations pour les jeunes de l&rsquo;\u00e9tablissement. Avec des expositions, un spectacle, des rencontres avec des associations, et la mise en place d&rsquo;une web radio.<\/span><\/h3>\n<p>L&rsquo;\u00e9tablissement accueille des jeunes coll\u00e9giens et d&rsquo;autres en formation professionnelle, ainsi que des jeunes migrants. La radio \u00e9tait un outil num\u00e9rique permettant de donner la parole \u00e0 ces jeunes. Chaque prise de parole \u00e9tait l&rsquo;occasion pour ces jeunes de se pr\u00e9senter et de raconter avec leurs mots les multiples exp\u00e9riences v\u00e9cues lors de cette semaine d&rsquo;animation.<\/p>\n<p>Au final, ce sont 18 s\u00e9ances d&rsquo;enregistrement qui ont \u00e9t\u00e9 r\u00e9alis\u00e9es. Des s\u00e9ances avec des jeunes de 6\u00e8me, de 5\u00e8me, de 4\u00e8me et des jeunes migrants. Soit au total pr\u00e8s de 60 jeunes qui ont \u00ab\u00a0parl\u00e9\u00a0\u00bb dans le micro pour pr\u00e9senter les activit\u00e9s auxquelles ils ont pu assist\u00e9 lors de cette semaine de la solidarit\u00e9.<\/p>\n<p>Et pour conclure cette semaine, une derni\u00e8re \u00e9mission avec la classe de 6\u00e8me, avec Arno, Steven, Jeremy, Alysson, Alexis et Sullivan.<\/p>\n<!--[if lt IE 9]><script>document.createElement('audio');<\/script><![endif]-->\n<audio class=\"wp-audio-shortcode\" id=\"audio-2091-1\" preload=\"none\" style=\"width: 100%;\" controls=\"controls\"><source type=\"audio\/mpeg\" src=\"http:\/\/www.francas71.org\/projetscitoyens\/wp-content\/uploads\/2016\/12\/erea-groupe-classe-6eme-vendredi-18-nov-litteraire.mp3?_=1\" \/><a href=\"http:\/\/www.francas71.org\/projetscitoyens\/wp-content\/uploads\/2016\/12\/erea-groupe-classe-6eme-vendredi-18-nov-litteraire.mp3\">http:\/\/www.francas71.org\/projetscitoyens\/wp-content\/uploads\/2016\/12\/erea-groupe-classe-6eme-vendredi-18-nov-litteraire.mp3<\/a><\/audio>\n<audio class=\"wp-audio-shortcode\" id=\"audio-2091-2\" preload=\"none\" style=\"width: 100%;\" controls=\"controls\"><source type=\"audio\/mpeg\" src=\"http:\/\/www.francas71.org\/projetscitoyens\/wp-content\/uploads\/2016\/12\/erea-groupe-classe-6-eme-livre-vendredi-18-nov.mp3?_=2\" \/><a href=\"http:\/\/www.francas71.org\/projetscitoyens\/wp-content\/uploads\/2016\/12\/erea-groupe-classe-6-eme-livre-vendredi-18-nov.mp3\">http:\/\/www.francas71.org\/projetscitoyens\/wp-content\/uploads\/2016\/12\/erea-groupe-classe-6-eme-livre-vendredi-18-nov.mp3<\/a><\/audio>\n<p><a href=\"https:\/\/i0.wp.com\/www.francas71.org\/projetscitoyens\/wp-content\/uploads\/2016\/12\/erea01.jpg\" onclick=\"return TrackClick('http%3A%2F%2Fwww.francas71.org%2Fprojetscitoyens%2Fwp-content%2Fuploads%2F2016%2F12%2Ferea01.jpg','')\"><img loading=\"lazy\" decoding=\"async\" data-attachment-id=\"2135\" data-permalink=\"http:\/\/projetscitoyens.francas71.org\/?attachment_id=2135\" data-orig-file=\"https:\/\/i0.wp.com\/projetscitoyens.francas71.org\/wp-content\/uploads\/2016\/12\/erea01.jpg?fit=1280%2C960\" data-orig-size=\"1280,960\" data-comments-opened=\"1\" data-image-meta=\"{&quot;aperture&quot;:&quot;0&quot;,&quot;credit&quot;:&quot;&quot;,&quot;camera&quot;:&quot;&quot;,&quot;caption&quot;:&quot;&quot;,&quot;created_timestamp&quot;:&quot;0&quot;,&quot;copyright&quot;:&quot;&quot;,&quot;focal_length&quot;:&quot;0&quot;,&quot;iso&quot;:&quot;0&quot;,&quot;shutter_speed&quot;:&quot;0&quot;,&quot;title&quot;:&quot;&quot;,&quot;orientation&quot;:&quot;0&quot;}\" data-image-title=\"erea01\" data-image-description=\"\" data-image-caption=\"\" data-medium-file=\"https:\/\/i0.wp.com\/projetscitoyens.francas71.org\/wp-content\/uploads\/2016\/12\/erea01.jpg?fit=300%2C225\" data-large-file=\"https:\/\/i0.wp.com\/projetscitoyens.francas71.org\/wp-content\/uploads\/2016\/12\/erea01.jpg?fit=640%2C480\" tabindex=\"0\" role=\"button\" src=\"https:\/\/i0.wp.com\/www.francas71.org\/projetscitoyens\/wp-content\/uploads\/2016\/12\/erea01-300x225.jpg?resize=300%2C225\" alt=\"erea01\" width=\"300\" height=\"225\" class=\"aligncenter size-medium wp-image-2135\" srcset=\"https:\/\/i0.wp.com\/projetscitoyens.francas71.org\/wp-content\/uploads\/2016\/12\/erea01.jpg?resize=300%2C225 300w, https:\/\/i0.wp.com\/projetscitoyens.francas71.org\/wp-content\/uploads\/2016\/12\/erea01.jpg?resize=768%2C576 768w, https:\/\/i0.wp.com\/projetscitoyens.francas71.org\/wp-content\/uploads\/2016\/12\/erea01.jpg?resize=1024%2C768 1024w, https:\/\/i0.wp.com\/projetscitoyens.francas71.org\/wp-content\/uploads\/2016\/12\/erea01.jpg?w=1280 1280w\" sizes=\"(max-width: 300px) 100vw, 300px\" data-recalc-dims=\"1\" \/><\/a><br \/>\n&nbsp;<\/p>\n<p>&nbsp;<\/p>\n<p>&nbsp;<\/p>\n","protected":false},"excerpt":{"rendered":"<p>Du lundi 14 au vendredi 18 novembre 2016, dans le cadre de la semaine de la solidarit\u00e9 internationale, l&rsquo;\u00e9tablissement r\u00e9gional d&rsquo;enseignement adapt\u00e9 (EREA) Claude Brosse de Charnay-l\u00e8s-M\u00e2con organisait une semaine d&rsquo;animations pour les jeunes de l&rsquo;\u00e9tablissement. Avec des expositions, un spectacle, des rencontres avec des associations, et la mise en place d&rsquo;une web radio. L&rsquo;\u00e9tablissement accueille des jeunes coll\u00e9giens et d&rsquo;autres en formation professionnelle, ainsi que des jeunes migrants. La radio \u00e9tait un outil num\u00e9rique permettant de donner la parole&#8230;<\/p>\n<p class=\"read-more\"><a class=\"btn btn-default\" href=\"http:\/\/projetscitoyens.francas71.org\/?p=2091\" onclick=\"return TrackClick('http%3A%2F%2Fprojetscitoyens.francas71.org%2F%3Fp%3D2091','Lire+la+suite+Lire+la+suite')\">Lire la suite<span class=\"screen-reader-text\"> Lire la suite<\/span><\/a><\/p>\n","protected":false},"author":1,"featured_media":2099,"comment_status":"open","ping_status":"open","sticky":false,"template":"","format":"standard","meta":{"jetpack_post_was_ever_published":false,"_jetpack_newsletter_access":"","_jetpack_dont_email_post_to_subs":false,"_jetpack_newsletter_tier_id":0,"_jetpack_memberships_contains_paywalled_content":false,"_jetpack_memberships_contains_paid_content":false,"footnotes":"","jetpack_publicize_message":"","jetpack_publicize_feature_enabled":true,"jetpack_social_post_already_shared":true,"jetpack_social_options":{"image_generator_settings":{"template":"highway","enabled":false},"version":2}},"categories":[119,238],"tags":[34,192,72,181,128],"class_list":["post-2091","post","type-post","status-publish","format-standard","has-post-thumbnail","hentry","category-agis-pour-tes-droits-2","category-2016-les-droits-de-lenfant","tag-college","tag-expression","tag-jeunes","tag-radio","tag-solidarite"],"jetpack_publicize_connections":[],"jetpack_featured_media_url":"https:\/\/i0.wp.com\/projetscitoyens.francas71.org\/wp-content\/uploads\/2016\/11\/ssi-01.jpg?fit=1333%2C1000","jetpack_sharing_enabled":true,"jetpack_shortlink":"https:\/\/wp.me\/p6M0zG-xJ","jetpack-related-posts":[],"jetpack_likes_enabled":true,"_links":{"self":[{"href":"http:\/\/projetscitoyens.francas71.org\/index.php?rest_route=\/wp\/v2\/posts\/2091"}],"collection":[{"href":"http:\/\/projetscitoyens.francas71.org\/index.php?rest_route=\/wp\/v2\/posts"}],"about":[{"href":"http:\/\/projetscitoyens.francas71.org\/index.php?rest_route=\/wp\/v2\/types\/post"}],"author":[{"embeddable":true,"href":"http:\/\/projetscitoyens.francas71.org\/index.php?rest_route=\/wp\/v2\/users\/1"}],"replies":[{"embeddable":true,"href":"http:\/\/projetscitoyens.francas71.org\/index.php?rest_route=%2Fwp%2Fv2%2Fcomments&post=2091"}],"version-history":[{"count":5,"href":"http:\/\/projetscitoyens.francas71.org\/index.php?rest_route=\/wp\/v2\/posts\/2091\/revisions"}],"predecessor-version":[{"id":2136,"href":"http:\/\/projetscitoyens.francas71.org\/index.php?rest_route=\/wp\/v2\/posts\/2091\/revisions\/2136"}],"wp:featuredmedia":[{"embeddable":true,"href":"http:\/\/projetscitoyens.francas71.org\/index.php?rest_route=\/wp\/v2\/media\/2099"}],"wp:attachment":[{"href":"http:\/\/projetscitoyens.francas71.org\/index.php?rest_route=%2Fwp%2Fv2%2Fmedia&parent=2091"}],"wp:term":[{"taxonomy":"category","embeddable":true,"href":"http:\/\/projetscitoyens.francas71.org\/index.php?rest_route=%2Fwp%2Fv2%2Fcategories&post=2091"},{"taxonomy":"post_tag","embeddable":true,"href":"http:\/\/projetscitoyens.francas71.org\/index.php?rest_route=%2Fwp%2Fv2%2Ftags&post=2091"}],"curies":[{"name":"wp","href":"https:\/\/api.w.org\/{rel}","templated":true}]}}