{"id":2094,"date":"2016-11-18T11:18:27","date_gmt":"2016-11-18T10:18:27","guid":{"rendered":"http:\/\/www.francas71.org\/projetscitoyens\/?p=2094"},"modified":"2019-12-16T14:57:44","modified_gmt":"2019-12-16T13:57:44","slug":"decouverte-de-la-radio-au-college-de-cluny","status":"publish","type":"post","link":"http:\/\/projetscitoyens.francas71.org\/?p=2094","title":{"rendered":"D\u00e9couverte de la radio au coll\u00e8ge de Cluny"},"content":{"rendered":"<p>Nous sommes des \u00e9l\u00e8ves de 4\u00e8me du coll\u00e8ge Pierre-Paul Prud&rsquo;hon de Cluny. Nous sommes un groupe de 13, avec 6 gar\u00e7ons et 7 filles. Nous avons dit ce que nous connaissions comme radio et celles que l&rsquo;on \u00e9coutait.<\/p>\n<p>Nous avons parl\u00e9 de comment fonctionnait une radio, de quels pouvaient \u00eatre les sujets et nous avons commenc\u00e9 \u00e0 penser \u00e0 notre propre \u00e9mission.<\/p>\n<p>L&rsquo;\u00e9mission de radio devra \u00eatre enregistr\u00e9e le vendredi 16 d\u00e9cembre 2016 entre 9h et 10h.<\/p>\n<p>A suivre tr\u00e8s prochainement &#8230;.<\/p>\n<p>&nbsp;<\/p>\n","protected":false},"excerpt":{"rendered":"<p>Nous sommes des \u00e9l\u00e8ves de 4\u00e8me du coll\u00e8ge Pierre-Paul Prud&rsquo;hon de Cluny. Nous sommes un groupe de 13, avec 6 gar\u00e7ons et 7 filles. Nous avons dit ce que nous connaissions comme radio et celles que l&rsquo;on \u00e9coutait. Nous avons parl\u00e9 de comment fonctionnait une radio, de quels pouvaient \u00eatre les sujets et nous avons commenc\u00e9 \u00e0 penser \u00e0 notre propre \u00e9mission. L&rsquo;\u00e9mission de radio devra \u00eatre enregistr\u00e9e le vendredi 16 d\u00e9cembre 2016 entre 9h et 10h. A suivre tr\u00e8s&#8230;<\/p>\n<p class=\"read-more\"><a class=\"btn btn-default\" href=\"http:\/\/projetscitoyens.francas71.org\/?p=2094\" onclick=\"return TrackClick('http%3A%2F%2Fprojetscitoyens.francas71.org%2F%3Fp%3D2094','Lire+la+suite+Lire+la+suite')\">Lire la suite<span class=\"screen-reader-text\"> Lire la suite<\/span><\/a><\/p>\n","protected":false},"author":1,"featured_media":2097,"comment_status":"open","ping_status":"open","sticky":false,"template":"","format":"standard","meta":{"jetpack_post_was_ever_published":false,"_jetpack_newsletter_access":"","_jetpack_dont_email_post_to_subs":false,"_jetpack_newsletter_tier_id":0,"_jetpack_memberships_contains_paywalled_content":false,"_jetpack_memberships_contains_paid_content":false,"footnotes":"","jetpack_publicize_message":"","jetpack_publicize_feature_enabled":true,"jetpack_social_post_already_shared":true,"jetpack_social_options":{"image_generator_settings":{"template":"highway","enabled":false},"version":2}},"categories":[239,214],"tags":[130,34,72,181],"class_list":["post-2094","post","type-post","status-publish","format-standard","has-post-thumbnail","hentry","category-2016-radio-jeunes","category-la-radio","tag-cluny","tag-college","tag-jeunes","tag-radio"],"jetpack_publicize_connections":[],"jetpack_featured_media_url":"https:\/\/i0.wp.com\/projetscitoyens.francas71.org\/wp-content\/uploads\/2016\/11\/cluny.jpg?fit=1333%2C1000","jetpack_sharing_enabled":true,"jetpack_shortlink":"https:\/\/wp.me\/p6M0zG-xM","jetpack-related-posts":[],"jetpack_likes_enabled":true,"_links":{"self":[{"href":"http:\/\/projetscitoyens.francas71.org\/index.php?rest_route=\/wp\/v2\/posts\/2094"}],"collection":[{"href":"http:\/\/projetscitoyens.francas71.org\/index.php?rest_route=\/wp\/v2\/posts"}],"about":[{"href":"http:\/\/projetscitoyens.francas71.org\/index.php?rest_route=\/wp\/v2\/types\/post"}],"author":[{"embeddable":true,"href":"http:\/\/projetscitoyens.francas71.org\/index.php?rest_route=\/wp\/v2\/users\/1"}],"replies":[{"embeddable":true,"href":"http:\/\/projetscitoyens.francas71.org\/index.php?rest_route=%2Fwp%2Fv2%2Fcomments&post=2094"}],"version-history":[{"count":2,"href":"http:\/\/projetscitoyens.francas71.org\/index.php?rest_route=\/wp\/v2\/posts\/2094\/revisions"}],"predecessor-version":[{"id":2096,"href":"http:\/\/projetscitoyens.francas71.org\/index.php?rest_route=\/wp\/v2\/posts\/2094\/revisions\/2096"}],"wp:featuredmedia":[{"embeddable":true,"href":"http:\/\/projetscitoyens.francas71.org\/index.php?rest_route=\/wp\/v2\/media\/2097"}],"wp:attachment":[{"href":"http:\/\/projetscitoyens.francas71.org\/index.php?rest_route=%2Fwp%2Fv2%2Fmedia&parent=2094"}],"wp:term":[{"taxonomy":"category","embeddable":true,"href":"http:\/\/projetscitoyens.francas71.org\/index.php?rest_route=%2Fwp%2Fv2%2Fcategories&post=2094"},{"taxonomy":"post_tag","embeddable":true,"href":"http:\/\/projetscitoyens.francas71.org\/index.php?rest_route=%2Fwp%2Fv2%2Ftags&post=2094"}],"curies":[{"name":"wp","href":"https:\/\/api.w.org\/{rel}","templated":true}]}}