{"id":2102,"date":"2016-11-26T10:06:16","date_gmt":"2016-11-26T09:06:16","guid":{"rendered":"http:\/\/www.francas71.org\/projetscitoyens\/?p=2102"},"modified":"2019-12-16T14:58:00","modified_gmt":"2019-12-16T13:58:00","slug":"la-radio-au-college-de-cluny-reflexion-et-debut-decriture","status":"publish","type":"post","link":"http:\/\/projetscitoyens.francas71.org\/?p=2102","title":{"rendered":"La radio au coll\u00e8ge de Cluny &#8211; r\u00e9flexion et d\u00e9but d&rsquo;\u00e9criture"},"content":{"rendered":"<p style=\"text-align: justify;\">Aujourd&rsquo;hui, vendredi 25 novembre 2016, nous avons form\u00e9 des groupes compos\u00e9s de 2 \u00e0 3 enfants (5) et nous avons choisi nos th\u00e8mes de rubriques. Celles ci sont : les No\u00ebls \u00e0 l&rsquo;\u00e9tranger, le cin\u00e9ma, les \u00e9coles Steiner, la station spatiale internationale et une parodie de jeu.<\/p>\n<p>Nous avons aussi d\u00e9couvert le mat\u00e9riel radio.<\/p>\n<p><a href=\"https:\/\/i0.wp.com\/www.francas71.org\/projetscitoyens\/wp-content\/uploads\/2016\/11\/cluny032.jpg\" onclick=\"return TrackClick('http%3A%2F%2Fwww.francas71.org%2Fprojetscitoyens%2Fwp-content%2Fuploads%2F2016%2F11%2Fcluny032.jpg','')\"><img loading=\"lazy\" decoding=\"async\" data-attachment-id=\"2105\" data-permalink=\"http:\/\/projetscitoyens.francas71.org\/?attachment_id=2105\" data-orig-file=\"https:\/\/i0.wp.com\/projetscitoyens.francas71.org\/wp-content\/uploads\/2016\/11\/cluny032.jpg?fit=960%2C1280\" data-orig-size=\"960,1280\" data-comments-opened=\"1\" data-image-meta=\"{&quot;aperture&quot;:&quot;0&quot;,&quot;credit&quot;:&quot;&quot;,&quot;camera&quot;:&quot;&quot;,&quot;caption&quot;:&quot;&quot;,&quot;created_timestamp&quot;:&quot;0&quot;,&quot;copyright&quot;:&quot;&quot;,&quot;focal_length&quot;:&quot;0&quot;,&quot;iso&quot;:&quot;0&quot;,&quot;shutter_speed&quot;:&quot;0&quot;,&quot;title&quot;:&quot;&quot;,&quot;orientation&quot;:&quot;0&quot;}\" data-image-title=\"cluny032\" data-image-description=\"\" data-image-caption=\"\" data-medium-file=\"https:\/\/i0.wp.com\/projetscitoyens.francas71.org\/wp-content\/uploads\/2016\/11\/cluny032.jpg?fit=225%2C300\" data-large-file=\"https:\/\/i0.wp.com\/projetscitoyens.francas71.org\/wp-content\/uploads\/2016\/11\/cluny032.jpg?fit=640%2C853\" tabindex=\"0\" role=\"button\" class=\"aligncenter size-medium wp-image-2105\" src=\"https:\/\/i0.wp.com\/www.francas71.org\/projetscitoyens\/wp-content\/uploads\/2016\/11\/cluny032-225x300.jpg?resize=225%2C300\" alt=\"cluny032\" width=\"225\" height=\"300\" srcset=\"https:\/\/i0.wp.com\/projetscitoyens.francas71.org\/wp-content\/uploads\/2016\/11\/cluny032.jpg?resize=225%2C300 225w, https:\/\/i0.wp.com\/projetscitoyens.francas71.org\/wp-content\/uploads\/2016\/11\/cluny032.jpg?resize=768%2C1024 768w, https:\/\/i0.wp.com\/projetscitoyens.francas71.org\/wp-content\/uploads\/2016\/11\/cluny032.jpg?w=960 960w\" sizes=\"(max-width: 225px) 100vw, 225px\" data-recalc-dims=\"1\" \/><\/a><\/p>\n<p><a href=\"https:\/\/i0.wp.com\/www.francas71.org\/projetscitoyens\/wp-content\/uploads\/2016\/11\/cluny020.jpg\" onclick=\"return TrackClick('http%3A%2F%2Fwww.francas71.org%2Fprojetscitoyens%2Fwp-content%2Fuploads%2F2016%2F11%2Fcluny020.jpg','')\"><img loading=\"lazy\" decoding=\"async\" data-attachment-id=\"2106\" data-permalink=\"http:\/\/projetscitoyens.francas71.org\/?attachment_id=2106\" data-orig-file=\"https:\/\/i0.wp.com\/projetscitoyens.francas71.org\/wp-content\/uploads\/2016\/11\/cluny020.jpg?fit=960%2C1280\" data-orig-size=\"960,1280\" data-comments-opened=\"1\" data-image-meta=\"{&quot;aperture&quot;:&quot;0&quot;,&quot;credit&quot;:&quot;&quot;,&quot;camera&quot;:&quot;&quot;,&quot;caption&quot;:&quot;&quot;,&quot;created_timestamp&quot;:&quot;0&quot;,&quot;copyright&quot;:&quot;&quot;,&quot;focal_length&quot;:&quot;0&quot;,&quot;iso&quot;:&quot;0&quot;,&quot;shutter_speed&quot;:&quot;0&quot;,&quot;title&quot;:&quot;&quot;,&quot;orientation&quot;:&quot;0&quot;}\" data-image-title=\"cluny020\" data-image-description=\"\" data-image-caption=\"\" data-medium-file=\"https:\/\/i0.wp.com\/projetscitoyens.francas71.org\/wp-content\/uploads\/2016\/11\/cluny020.jpg?fit=225%2C300\" data-large-file=\"https:\/\/i0.wp.com\/projetscitoyens.francas71.org\/wp-content\/uploads\/2016\/11\/cluny020.jpg?fit=640%2C853\" tabindex=\"0\" role=\"button\" class=\"aligncenter size-medium wp-image-2106\" src=\"https:\/\/i0.wp.com\/www.francas71.org\/projetscitoyens\/wp-content\/uploads\/2016\/11\/cluny020-225x300.jpg?resize=225%2C300\" alt=\"cluny020\" width=\"225\" height=\"300\" srcset=\"https:\/\/i0.wp.com\/projetscitoyens.francas71.org\/wp-content\/uploads\/2016\/11\/cluny020.jpg?resize=225%2C300 225w, https:\/\/i0.wp.com\/projetscitoyens.francas71.org\/wp-content\/uploads\/2016\/11\/cluny020.jpg?resize=768%2C1024 768w, https:\/\/i0.wp.com\/projetscitoyens.francas71.org\/wp-content\/uploads\/2016\/11\/cluny020.jpg?w=960 960w\" sizes=\"(max-width: 225px) 100vw, 225px\" data-recalc-dims=\"1\" \/><\/a><\/p>\n<p>A suivre &#8230;<\/p>\n","protected":false},"excerpt":{"rendered":"<p>Aujourd&rsquo;hui, vendredi 25 novembre 2016, nous avons form\u00e9 des groupes compos\u00e9s de 2 \u00e0 3 enfants (5) et nous avons choisi nos th\u00e8mes de rubriques. Celles ci sont : les No\u00ebls \u00e0 l&rsquo;\u00e9tranger, le cin\u00e9ma, les \u00e9coles Steiner, la station spatiale internationale et une parodie de jeu. Nous avons aussi d\u00e9couvert le mat\u00e9riel radio. A suivre &#8230;<\/p>\n","protected":false},"author":1,"featured_media":2104,"comment_status":"open","ping_status":"open","sticky":false,"template":"","format":"standard","meta":{"jetpack_post_was_ever_published":false,"_jetpack_newsletter_access":"","_jetpack_dont_email_post_to_subs":false,"_jetpack_newsletter_tier_id":0,"_jetpack_memberships_contains_paywalled_content":false,"_jetpack_memberships_contains_paid_content":false,"footnotes":"","jetpack_publicize_message":"","jetpack_publicize_feature_enabled":true,"jetpack_social_post_already_shared":true,"jetpack_social_options":{"image_generator_settings":{"template":"highway","enabled":false},"version":2}},"categories":[239,214],"tags":[193,34,123,72,181],"class_list":["post-2102","post","type-post","status-publish","format-standard","has-post-thumbnail","hentry","category-2016-radio-jeunes","category-la-radio","tag-ados","tag-college","tag-education","tag-jeunes","tag-radio"],"jetpack_publicize_connections":[],"jetpack_featured_media_url":"https:\/\/i0.wp.com\/projetscitoyens.francas71.org\/wp-content\/uploads\/2016\/11\/cluny04.jpg?fit=1280%2C960","jetpack_sharing_enabled":true,"jetpack_shortlink":"https:\/\/wp.me\/p6M0zG-xU","jetpack-related-posts":[],"jetpack_likes_enabled":true,"_links":{"self":[{"href":"http:\/\/projetscitoyens.francas71.org\/index.php?rest_route=\/wp\/v2\/posts\/2102"}],"collection":[{"href":"http:\/\/projetscitoyens.francas71.org\/index.php?rest_route=\/wp\/v2\/posts"}],"about":[{"href":"http:\/\/projetscitoyens.francas71.org\/index.php?rest_route=\/wp\/v2\/types\/post"}],"author":[{"embeddable":true,"href":"http:\/\/projetscitoyens.francas71.org\/index.php?rest_route=\/wp\/v2\/users\/1"}],"replies":[{"embeddable":true,"href":"http:\/\/projetscitoyens.francas71.org\/index.php?rest_route=%2Fwp%2Fv2%2Fcomments&post=2102"}],"version-history":[{"count":2,"href":"http:\/\/projetscitoyens.francas71.org\/index.php?rest_route=\/wp\/v2\/posts\/2102\/revisions"}],"predecessor-version":[{"id":2107,"href":"http:\/\/projetscitoyens.francas71.org\/index.php?rest_route=\/wp\/v2\/posts\/2102\/revisions\/2107"}],"wp:featuredmedia":[{"embeddable":true,"href":"http:\/\/projetscitoyens.francas71.org\/index.php?rest_route=\/wp\/v2\/media\/2104"}],"wp:attachment":[{"href":"http:\/\/projetscitoyens.francas71.org\/index.php?rest_route=%2Fwp%2Fv2%2Fmedia&parent=2102"}],"wp:term":[{"taxonomy":"category","embeddable":true,"href":"http:\/\/projetscitoyens.francas71.org\/index.php?rest_route=%2Fwp%2Fv2%2Fcategories&post=2102"},{"taxonomy":"post_tag","embeddable":true,"href":"http:\/\/projetscitoyens.francas71.org\/index.php?rest_route=%2Fwp%2Fv2%2Ftags&post=2102"}],"curies":[{"name":"wp","href":"https:\/\/api.w.org\/{rel}","templated":true}]}}