{"id":2138,"date":"2016-12-05T14:10:57","date_gmt":"2016-12-05T13:10:57","guid":{"rendered":"http:\/\/www.francas71.org\/projetscitoyens\/?p=2138"},"modified":"2019-12-16T14:58:56","modified_gmt":"2019-12-16T13:58:56","slug":"atelier-citoyennete-et-laicite-a-laccueil-periscolaire-de-lecole-kergomard-de-chalon-sur-saone","status":"publish","type":"post","link":"http:\/\/projetscitoyens.francas71.org\/?p=2138","title":{"rendered":"Atelier citoyennet\u00e9 et la\u00efcit\u00e9 \u00e0 l&rsquo;accompagnement \u00e9ducatif de l&rsquo;\u00e9cole Kergomard de Chalon sur Saone"},"content":{"rendered":"<h3><span style=\"color: #800000;\">Se questionner, s&rsquo;exprimer, d\u00e9battre, donner son avis, et produire des textes, voil\u00e0 l&rsquo;ambition de l&rsquo;atelier que les Francas animent avec un enseignant sur l&rsquo;accompagnement \u00e9ducatif de l&rsquo;\u00e9cole Pauline Kergomard de Chalon sur Sa\u00f4ne.<\/span><\/h3>\n<p>Les premi\u00e8res s\u00e9ances ont permis aux enfants (ils sont 13 \u00e2g\u00e9s de 9 \u00e0 11 ans) de d\u00e9couvrir la la\u00efcit\u00e9, de se questionner sur son application, de chercher des id\u00e9es \u00e0 transmettre. Au del\u00e0 d&rsquo;un objectif de sensibilisation a la citoyennet\u00e9, nous avions pour ambition de produire un support artistique. Apr\u00e8s \u00e9change avec les enfants, ceux ci sont partis sur l&rsquo;\u00e9criture d&rsquo;un slam et la r\u00e9alisation d&rsquo;une \u00e9mission de radio.<\/p>\n<p>Lors de la s\u00e9ance du jeudi 1er d\u00e9cembre, les enfants ont essay\u00e9 de s&rsquo;enregistrer \u00e0 la radio. Et le groupe slam en profitait pour peaufiner son texte.<\/p>\n<p>\u00c0 suivre les prochains jeudis.<\/p>\n<p><a href=\"https:\/\/i0.wp.com\/www.francas71.org\/projetscitoyens\/wp-content\/uploads\/2016\/12\/chalon02.jpg\" onclick=\"return TrackClick('http%3A%2F%2Fwww.francas71.org%2Fprojetscitoyens%2Fwp-content%2Fuploads%2F2016%2F12%2Fchalon02.jpg','')\"><img loading=\"lazy\" decoding=\"async\" data-attachment-id=\"2143\" data-permalink=\"http:\/\/projetscitoyens.francas71.org\/?attachment_id=2143\" data-orig-file=\"https:\/\/i0.wp.com\/projetscitoyens.francas71.org\/wp-content\/uploads\/2016\/12\/chalon02.jpg?fit=960%2C1280\" data-orig-size=\"960,1280\" data-comments-opened=\"1\" data-image-meta=\"{&quot;aperture&quot;:&quot;0&quot;,&quot;credit&quot;:&quot;&quot;,&quot;camera&quot;:&quot;&quot;,&quot;caption&quot;:&quot;&quot;,&quot;created_timestamp&quot;:&quot;0&quot;,&quot;copyright&quot;:&quot;&quot;,&quot;focal_length&quot;:&quot;0&quot;,&quot;iso&quot;:&quot;0&quot;,&quot;shutter_speed&quot;:&quot;0&quot;,&quot;title&quot;:&quot;&quot;,&quot;orientation&quot;:&quot;0&quot;}\" data-image-title=\"chalon02\" data-image-description=\"\" data-image-caption=\"\" data-medium-file=\"https:\/\/i0.wp.com\/projetscitoyens.francas71.org\/wp-content\/uploads\/2016\/12\/chalon02.jpg?fit=225%2C300\" data-large-file=\"https:\/\/i0.wp.com\/projetscitoyens.francas71.org\/wp-content\/uploads\/2016\/12\/chalon02.jpg?fit=640%2C853\" tabindex=\"0\" role=\"button\" class=\"aligncenter size-medium wp-image-2143\" src=\"https:\/\/i0.wp.com\/www.francas71.org\/projetscitoyens\/wp-content\/uploads\/2016\/12\/chalon02-225x300.jpg?resize=225%2C300\" alt=\"chalon02\" width=\"225\" height=\"300\" srcset=\"https:\/\/i0.wp.com\/projetscitoyens.francas71.org\/wp-content\/uploads\/2016\/12\/chalon02.jpg?resize=225%2C300 225w, https:\/\/i0.wp.com\/projetscitoyens.francas71.org\/wp-content\/uploads\/2016\/12\/chalon02.jpg?resize=768%2C1024 768w, https:\/\/i0.wp.com\/projetscitoyens.francas71.org\/wp-content\/uploads\/2016\/12\/chalon02.jpg?w=960 960w\" sizes=\"(max-width: 225px) 100vw, 225px\" data-recalc-dims=\"1\" \/><\/a><\/p>\n<p>&nbsp;<\/p>\n","protected":false},"excerpt":{"rendered":"<p>Se questionner, s&rsquo;exprimer, d\u00e9battre, donner son avis, et produire des textes, voil\u00e0 l&rsquo;ambition de l&rsquo;atelier que les Francas animent avec un enseignant sur l&rsquo;accompagnement \u00e9ducatif de l&rsquo;\u00e9cole Pauline Kergomard de Chalon sur Sa\u00f4ne. Les premi\u00e8res s\u00e9ances ont permis aux enfants (ils sont 13 \u00e2g\u00e9s de 9 \u00e0 11 ans) de d\u00e9couvrir la la\u00efcit\u00e9, de se questionner sur son application, de chercher des id\u00e9es \u00e0 transmettre. Au del\u00e0 d&rsquo;un objectif de sensibilisation a la citoyennet\u00e9, nous avions pour ambition de produire&#8230;<\/p>\n<p class=\"read-more\"><a class=\"btn btn-default\" href=\"http:\/\/projetscitoyens.francas71.org\/?p=2138\" onclick=\"return TrackClick('http%3A%2F%2Fprojetscitoyens.francas71.org%2F%3Fp%3D2138','Lire+la+suite+Lire+la+suite')\">Lire la suite<span class=\"screen-reader-text\"> Lire la suite<\/span><\/a><\/p>\n","protected":false},"author":1,"featured_media":2142,"comment_status":"open","ping_status":"open","sticky":false,"template":"","format":"standard","meta":{"jetpack_post_was_ever_published":false,"_jetpack_newsletter_access":"","_jetpack_dont_email_post_to_subs":false,"_jetpack_newsletter_tier_id":0,"_jetpack_memberships_contains_paywalled_content":false,"_jetpack_memberships_contains_paid_content":false,"footnotes":"","jetpack_publicize_message":"","jetpack_publicize_feature_enabled":true,"jetpack_social_post_already_shared":true,"jetpack_social_options":{"image_generator_settings":{"template":"highway","enabled":false},"version":2}},"categories":[119,238],"tags":[150,123,52,91,181],"class_list":["post-2138","post","type-post","status-publish","format-standard","has-post-thumbnail","hentry","category-agis-pour-tes-droits-2","category-2016-les-droits-de-lenfant","tag-citoyennete","tag-education","tag-enfant","tag-periscolaire","tag-radio"],"jetpack_publicize_connections":[],"jetpack_featured_media_url":"https:\/\/i0.wp.com\/projetscitoyens.francas71.org\/wp-content\/uploads\/2016\/12\/chalon01.jpg?fit=1280%2C960","jetpack_sharing_enabled":true,"jetpack_shortlink":"https:\/\/wp.me\/p6M0zG-yu","jetpack-related-posts":[],"jetpack_likes_enabled":true,"_links":{"self":[{"href":"http:\/\/projetscitoyens.francas71.org\/index.php?rest_route=\/wp\/v2\/posts\/2138"}],"collection":[{"href":"http:\/\/projetscitoyens.francas71.org\/index.php?rest_route=\/wp\/v2\/posts"}],"about":[{"href":"http:\/\/projetscitoyens.francas71.org\/index.php?rest_route=\/wp\/v2\/types\/post"}],"author":[{"embeddable":true,"href":"http:\/\/projetscitoyens.francas71.org\/index.php?rest_route=\/wp\/v2\/users\/1"}],"replies":[{"embeddable":true,"href":"http:\/\/projetscitoyens.francas71.org\/index.php?rest_route=%2Fwp%2Fv2%2Fcomments&post=2138"}],"version-history":[{"count":7,"href":"http:\/\/projetscitoyens.francas71.org\/index.php?rest_route=\/wp\/v2\/posts\/2138\/revisions"}],"predecessor-version":[{"id":2252,"href":"http:\/\/projetscitoyens.francas71.org\/index.php?rest_route=\/wp\/v2\/posts\/2138\/revisions\/2252"}],"wp:featuredmedia":[{"embeddable":true,"href":"http:\/\/projetscitoyens.francas71.org\/index.php?rest_route=\/wp\/v2\/media\/2142"}],"wp:attachment":[{"href":"http:\/\/projetscitoyens.francas71.org\/index.php?rest_route=%2Fwp%2Fv2%2Fmedia&parent=2138"}],"wp:term":[{"taxonomy":"category","embeddable":true,"href":"http:\/\/projetscitoyens.francas71.org\/index.php?rest_route=%2Fwp%2Fv2%2Fcategories&post=2138"},{"taxonomy":"post_tag","embeddable":true,"href":"http:\/\/projetscitoyens.francas71.org\/index.php?rest_route=%2Fwp%2Fv2%2Ftags&post=2138"}],"curies":[{"name":"wp","href":"https:\/\/api.w.org\/{rel}","templated":true}]}}