{"id":2156,"date":"2016-12-09T11:50:43","date_gmt":"2016-12-09T10:50:43","guid":{"rendered":"http:\/\/www.francas71.org\/projetscitoyens\/?p=2156"},"modified":"2019-12-16T14:59:09","modified_gmt":"2019-12-16T13:59:09","slug":"une-emission-radio-sur-la-chanson-cosmo-de-soprano","status":"publish","type":"post","link":"http:\/\/projetscitoyens.francas71.org\/?p=2156","title":{"rendered":"Une \u00e9mission radio sur la chanson Cosmo de Soprano"},"content":{"rendered":"<h3><span style=\"color: #800000;\">Dans le cadre de l&rsquo;accompagnement \u00e9ducatif de l&rsquo;\u00e9cole Pauline Kergomard de Chalon sur Sa\u00f4ne, et d&rsquo;un atelier citoyennet\u00e9, un groupe d&rsquo;enfants pr\u00e9pare une \u00e9mission de radio pour s&rsquo;exprimer \u00e0 propos de l&rsquo; chanson de Soprano, Cosmo.<\/span><\/h3>\n<p>Aujourd&rsquo;hui jeudi 8 d\u00e9cembre, les enfants enregistrent la premi\u00e8re partie de l&rsquo;\u00e9mission qui pr\u00e9sente l&rsquo;artiste. La deuxi\u00e8me partie de l&rsquo;\u00e9mission sur la chanson sera enregistr\u00e9e le jeudi 15 d\u00e9cembre.<\/p>\n<p>\u00c0 suivre.<\/p>\n<!--[if lt IE 9]><script>document.createElement('audio');<\/script><![endif]-->\n<audio class=\"wp-audio-shortcode\" id=\"audio-2156-1\" preload=\"none\" style=\"width: 100%;\" controls=\"controls\"><source type=\"audio\/mpeg\" src=\"http:\/\/www.francas71.org\/projetscitoyens\/wp-content\/uploads\/2016\/12\/rep-chalon-partie-1.mp3?_=1\" \/><a href=\"http:\/\/www.francas71.org\/projetscitoyens\/wp-content\/uploads\/2016\/12\/rep-chalon-partie-1.mp3\">http:\/\/www.francas71.org\/projetscitoyens\/wp-content\/uploads\/2016\/12\/rep-chalon-partie-1.mp3<\/a><\/audio>\n<p>&nbsp;<\/p>\n","protected":false},"excerpt":{"rendered":"<p>Dans le cadre de l&rsquo;accompagnement \u00e9ducatif de l&rsquo;\u00e9cole Pauline Kergomard de Chalon sur Sa\u00f4ne, et d&rsquo;un atelier citoyennet\u00e9, un groupe d&rsquo;enfants pr\u00e9pare une \u00e9mission de radio pour s&rsquo;exprimer \u00e0 propos de l&rsquo; chanson de Soprano, Cosmo. Aujourd&rsquo;hui jeudi 8 d\u00e9cembre, les enfants enregistrent la premi\u00e8re partie de l&rsquo;\u00e9mission qui pr\u00e9sente l&rsquo;artiste. La deuxi\u00e8me partie de l&rsquo;\u00e9mission sur la chanson sera enregistr\u00e9e le jeudi 15 d\u00e9cembre. \u00c0 suivre. &nbsp;<\/p>\n","protected":false},"author":1,"featured_media":2142,"comment_status":"open","ping_status":"open","sticky":false,"template":"","format":"standard","meta":{"jetpack_post_was_ever_published":false,"_jetpack_newsletter_access":"","_jetpack_dont_email_post_to_subs":false,"_jetpack_newsletter_tier_id":0,"_jetpack_memberships_contains_paywalled_content":false,"_jetpack_memberships_contains_paid_content":false,"footnotes":"","jetpack_publicize_message":"","jetpack_publicize_feature_enabled":true,"jetpack_social_post_already_shared":true,"jetpack_social_options":{"image_generator_settings":{"template":"highway","enabled":false},"version":2}},"categories":[239,214],"tags":[150,53,91,181],"class_list":["post-2156","post","type-post","status-publish","format-standard","has-post-thumbnail","hentry","category-2016-radio-jeunes","category-la-radio","tag-citoyennete","tag-enfants","tag-periscolaire","tag-radio"],"jetpack_publicize_connections":[],"jetpack_featured_media_url":"https:\/\/i0.wp.com\/projetscitoyens.francas71.org\/wp-content\/uploads\/2016\/12\/chalon01.jpg?fit=1280%2C960","jetpack_sharing_enabled":true,"jetpack_shortlink":"https:\/\/wp.me\/p6M0zG-yM","jetpack-related-posts":[],"jetpack_likes_enabled":true,"_links":{"self":[{"href":"http:\/\/projetscitoyens.francas71.org\/index.php?rest_route=\/wp\/v2\/posts\/2156"}],"collection":[{"href":"http:\/\/projetscitoyens.francas71.org\/index.php?rest_route=\/wp\/v2\/posts"}],"about":[{"href":"http:\/\/projetscitoyens.francas71.org\/index.php?rest_route=\/wp\/v2\/types\/post"}],"author":[{"embeddable":true,"href":"http:\/\/projetscitoyens.francas71.org\/index.php?rest_route=\/wp\/v2\/users\/1"}],"replies":[{"embeddable":true,"href":"http:\/\/projetscitoyens.francas71.org\/index.php?rest_route=%2Fwp%2Fv2%2Fcomments&post=2156"}],"version-history":[{"count":3,"href":"http:\/\/projetscitoyens.francas71.org\/index.php?rest_route=\/wp\/v2\/posts\/2156\/revisions"}],"predecessor-version":[{"id":2250,"href":"http:\/\/projetscitoyens.francas71.org\/index.php?rest_route=\/wp\/v2\/posts\/2156\/revisions\/2250"}],"wp:featuredmedia":[{"embeddable":true,"href":"http:\/\/projetscitoyens.francas71.org\/index.php?rest_route=\/wp\/v2\/media\/2142"}],"wp:attachment":[{"href":"http:\/\/projetscitoyens.francas71.org\/index.php?rest_route=%2Fwp%2Fv2%2Fmedia&parent=2156"}],"wp:term":[{"taxonomy":"category","embeddable":true,"href":"http:\/\/projetscitoyens.francas71.org\/index.php?rest_route=%2Fwp%2Fv2%2Fcategories&post=2156"},{"taxonomy":"post_tag","embeddable":true,"href":"http:\/\/projetscitoyens.francas71.org\/index.php?rest_route=%2Fwp%2Fv2%2Ftags&post=2156"}],"curies":[{"name":"wp","href":"https:\/\/api.w.org\/{rel}","templated":true}]}}