{"id":2165,"date":"2016-12-12T15:19:13","date_gmt":"2016-12-12T14:19:13","guid":{"rendered":"http:\/\/www.francas71.org\/projetscitoyens\/?p=2165"},"modified":"2019-12-16T14:59:39","modified_gmt":"2019-12-16T13:59:39","slug":"ssi-2016-les-emissions-de-radio-a-lerea","status":"publish","type":"post","link":"http:\/\/projetscitoyens.francas71.org\/?p=2165","title":{"rendered":"SSI 2016 &#8211; Les \u00e9missions de radio \u00e0 l&rsquo;EREA &#8211; jour 1"},"content":{"rendered":"<h3><span style=\"color: #800000;\">Semaine de la solidarit\u00e9 internationale \u00e0 l&rsquo;EREA de Charnay-l\u00e8s-M\u00e2con, 1er jour et 1\u00e8re \u00e9missions en ce lundi 14 novembre 2016. Avec l&rsquo;interview de la directrice et de la documentaliste, puis les premi\u00e8res classes pour parler de la premi\u00e8re animation, le go\u00fbter insolent, propos\u00e9 par l&rsquo;association des Artisans du Monde.<\/span><\/h3>\n<p>Emission 1<br \/>\n<!--[if lt IE 9]><script>document.createElement('audio');<\/script><![endif]-->\n<audio class=\"wp-audio-shortcode\" id=\"audio-2165-1\" preload=\"none\" style=\"width: 100%;\" controls=\"controls\"><source type=\"audio\/mpeg\" src=\"http:\/\/www.francas71.org\/projetscitoyens\/wp-content\/uploads\/2016\/12\/interview-directrice-et-documentaliste-intro-a-refaire.mp3?_=1\" \/><a href=\"http:\/\/www.francas71.org\/projetscitoyens\/wp-content\/uploads\/2016\/12\/interview-directrice-et-documentaliste-intro-a-refaire.mp3\">http:\/\/www.francas71.org\/projetscitoyens\/wp-content\/uploads\/2016\/12\/interview-directrice-et-documentaliste-intro-a-refaire.mp3<\/a><\/audio><\/p>\n<p>Emission 2<br \/>\n<audio class=\"wp-audio-shortcode\" id=\"audio-2165-2\" preload=\"none\" style=\"width: 100%;\" controls=\"controls\"><source type=\"audio\/mpeg\" src=\"http:\/\/www.francas71.org\/projetscitoyens\/wp-content\/uploads\/2016\/12\/2ieme-partie-5i\u00e8me-A.mp3?_=2\" \/><a href=\"http:\/\/www.francas71.org\/projetscitoyens\/wp-content\/uploads\/2016\/12\/2ieme-partie-5i\u00e8me-A.mp3\">http:\/\/www.francas71.org\/projetscitoyens\/wp-content\/uploads\/2016\/12\/2ieme-partie-5i\u00e8me-A.mp3<\/a><\/audio><\/p>\n<p>Emission 3<br \/>\n<audio class=\"wp-audio-shortcode\" id=\"audio-2165-3\" preload=\"none\" style=\"width: 100%;\" controls=\"controls\"><source type=\"audio\/mpeg\" src=\"http:\/\/www.francas71.org\/projetscitoyens\/wp-content\/uploads\/2016\/12\/2ieme-partie-retour-gouter-insolent.mp3?_=3\" \/><a href=\"http:\/\/www.francas71.org\/projetscitoyens\/wp-content\/uploads\/2016\/12\/2ieme-partie-retour-gouter-insolent.mp3\">http:\/\/www.francas71.org\/projetscitoyens\/wp-content\/uploads\/2016\/12\/2ieme-partie-retour-gouter-insolent.mp3<\/a><\/audio><\/p>\n<p>Emission 4<br \/>\n<audio class=\"wp-audio-shortcode\" id=\"audio-2165-4\" preload=\"none\" style=\"width: 100%;\" controls=\"controls\"><source type=\"audio\/mpeg\" src=\"http:\/\/www.francas71.org\/projetscitoyens\/wp-content\/uploads\/2016\/12\/3ieme-partie-retour-gouter-insolent.mp3?_=4\" \/><a href=\"http:\/\/www.francas71.org\/projetscitoyens\/wp-content\/uploads\/2016\/12\/3ieme-partie-retour-gouter-insolent.mp3\">http:\/\/www.francas71.org\/projetscitoyens\/wp-content\/uploads\/2016\/12\/3ieme-partie-retour-gouter-insolent.mp3<\/a><\/audio><\/p>\n<p>Emission 5<br \/>\n<audio class=\"wp-audio-shortcode\" id=\"audio-2165-5\" preload=\"none\" style=\"width: 100%;\" controls=\"controls\"><source type=\"audio\/mpeg\" src=\"http:\/\/www.francas71.org\/projetscitoyens\/wp-content\/uploads\/2016\/12\/interview-lucie-blay-artisan-du-monde-1i\u00e8re-partie-emission-retur-gouter-insolent.mp3?_=5\" \/><a href=\"http:\/\/www.francas71.org\/projetscitoyens\/wp-content\/uploads\/2016\/12\/interview-lucie-blay-artisan-du-monde-1i\u00e8re-partie-emission-retur-gouter-insolent.mp3\">http:\/\/www.francas71.org\/projetscitoyens\/wp-content\/uploads\/2016\/12\/interview-lucie-blay-artisan-du-monde-1i\u00e8re-partie-emission-retur-gouter-insolent.mp3<\/a><\/audio><br \/>\n&nbsp;<\/p>\n","protected":false},"excerpt":{"rendered":"<p>Semaine de la solidarit\u00e9 internationale \u00e0 l&rsquo;EREA de Charnay-l\u00e8s-M\u00e2con, 1er jour et 1\u00e8re \u00e9missions en ce lundi 14 novembre 2016. Avec l&rsquo;interview de la directrice et de la documentaliste, puis les premi\u00e8res classes pour parler de la premi\u00e8re animation, le go\u00fbter insolent, propos\u00e9 par l&rsquo;association des Artisans du Monde. Emission 1 Emission 2 Emission 3 Emission 4 Emission 5 &nbsp;<\/p>\n","protected":false},"author":1,"featured_media":2099,"comment_status":"open","ping_status":"open","sticky":false,"template":"","format":"standard","meta":{"jetpack_post_was_ever_published":false,"_jetpack_newsletter_access":"","_jetpack_dont_email_post_to_subs":false,"_jetpack_newsletter_tier_id":0,"_jetpack_memberships_contains_paywalled_content":false,"_jetpack_memberships_contains_paid_content":false,"footnotes":"","jetpack_publicize_message":"","jetpack_publicize_feature_enabled":true,"jetpack_social_post_already_shared":true,"jetpack_social_options":{"image_generator_settings":{"template":"highway","enabled":false},"version":2}},"categories":[239,214],"tags":[34,192,72,181,128],"class_list":["post-2165","post","type-post","status-publish","format-standard","has-post-thumbnail","hentry","category-2016-radio-jeunes","category-la-radio","tag-college","tag-expression","tag-jeunes","tag-radio","tag-solidarite"],"jetpack_publicize_connections":[],"jetpack_featured_media_url":"https:\/\/i0.wp.com\/projetscitoyens.francas71.org\/wp-content\/uploads\/2016\/11\/ssi-01.jpg?fit=1333%2C1000","jetpack_sharing_enabled":true,"jetpack_shortlink":"https:\/\/wp.me\/p6M0zG-yV","jetpack-related-posts":[],"jetpack_likes_enabled":true,"_links":{"self":[{"href":"http:\/\/projetscitoyens.francas71.org\/index.php?rest_route=\/wp\/v2\/posts\/2165"}],"collection":[{"href":"http:\/\/projetscitoyens.francas71.org\/index.php?rest_route=\/wp\/v2\/posts"}],"about":[{"href":"http:\/\/projetscitoyens.francas71.org\/index.php?rest_route=\/wp\/v2\/types\/post"}],"author":[{"embeddable":true,"href":"http:\/\/projetscitoyens.francas71.org\/index.php?rest_route=\/wp\/v2\/users\/1"}],"replies":[{"embeddable":true,"href":"http:\/\/projetscitoyens.francas71.org\/index.php?rest_route=%2Fwp%2Fv2%2Fcomments&post=2165"}],"version-history":[{"count":4,"href":"http:\/\/projetscitoyens.francas71.org\/index.php?rest_route=\/wp\/v2\/posts\/2165\/revisions"}],"predecessor-version":[{"id":2190,"href":"http:\/\/projetscitoyens.francas71.org\/index.php?rest_route=\/wp\/v2\/posts\/2165\/revisions\/2190"}],"wp:featuredmedia":[{"embeddable":true,"href":"http:\/\/projetscitoyens.francas71.org\/index.php?rest_route=\/wp\/v2\/media\/2099"}],"wp:attachment":[{"href":"http:\/\/projetscitoyens.francas71.org\/index.php?rest_route=%2Fwp%2Fv2%2Fmedia&parent=2165"}],"wp:term":[{"taxonomy":"category","embeddable":true,"href":"http:\/\/projetscitoyens.francas71.org\/index.php?rest_route=%2Fwp%2Fv2%2Fcategories&post=2165"},{"taxonomy":"post_tag","embeddable":true,"href":"http:\/\/projetscitoyens.francas71.org\/index.php?rest_route=%2Fwp%2Fv2%2Ftags&post=2165"}],"curies":[{"name":"wp","href":"https:\/\/api.w.org\/{rel}","templated":true}]}}