{"id":2171,"date":"2016-12-12T15:30:56","date_gmt":"2016-12-12T14:30:56","guid":{"rendered":"http:\/\/www.francas71.org\/projetscitoyens\/?p=2171"},"modified":"2019-12-16T14:59:32","modified_gmt":"2019-12-16T13:59:32","slug":"ssi-2016-les-emissions-de-radio-a-lerea-jour-2","status":"publish","type":"post","link":"http:\/\/projetscitoyens.francas71.org\/?p=2171","title":{"rendered":"SSI 2016 &#8211; les \u00e9missions de radio \u00e0 l&rsquo;EREA &#8211; jour 2"},"content":{"rendered":"<h3><span style=\"color: #800000;\"><strong>2\u00e8me jour de la web radio \u00e0 l&rsquo;EREA de Charnay-l\u00e8s-M\u00e2con, avec l&rsquo;interview des deux artistes de la Compagnie Exit Tacita qui a pr\u00e9sent\u00e9 un spectacle de contes sur la question de la migration.<\/strong><\/span><\/h3>\n<!--[if lt IE 9]><script>document.createElement('audio');<\/script><![endif]-->\n<audio class=\"wp-audio-shortcode\" id=\"audio-2171-1\" preload=\"none\" style=\"width: 100%;\" controls=\"controls\"><source type=\"audio\/mpeg\" src=\"http:\/\/www.francas71.org\/projetscitoyens\/wp-content\/uploads\/2016\/12\/erea-cie-exit-tacita-mercredi-16-nov-16.mp3?_=1\" \/><a href=\"http:\/\/www.francas71.org\/projetscitoyens\/wp-content\/uploads\/2016\/12\/erea-cie-exit-tacita-mercredi-16-nov-16.mp3\">http:\/\/www.francas71.org\/projetscitoyens\/wp-content\/uploads\/2016\/12\/erea-cie-exit-tacita-mercredi-16-nov-16.mp3<\/a><\/audio>\n","protected":false},"excerpt":{"rendered":"<p>2\u00e8me jour de la web radio \u00e0 l&rsquo;EREA de Charnay-l\u00e8s-M\u00e2con, avec l&rsquo;interview des deux artistes de la Compagnie Exit Tacita qui a pr\u00e9sent\u00e9 un spectacle de contes sur la question de la migration.<\/p>\n","protected":false},"author":1,"featured_media":2099,"comment_status":"open","ping_status":"open","sticky":false,"template":"","format":"standard","meta":{"jetpack_post_was_ever_published":false,"_jetpack_newsletter_access":"","_jetpack_dont_email_post_to_subs":false,"_jetpack_newsletter_tier_id":0,"_jetpack_memberships_contains_paywalled_content":false,"_jetpack_memberships_contains_paid_content":false,"footnotes":"","jetpack_publicize_message":"","jetpack_publicize_feature_enabled":true,"jetpack_social_post_already_shared":true,"jetpack_social_options":{"image_generator_settings":{"template":"highway","enabled":false},"version":2}},"categories":[239,214],"tags":[196,181,195],"class_list":["post-2171","post","type-post","status-publish","format-standard","has-post-thumbnail","hentry","category-2016-radio-jeunes","category-la-radio","tag-migration","tag-radio","tag-spectacle"],"jetpack_publicize_connections":[],"jetpack_featured_media_url":"https:\/\/i0.wp.com\/projetscitoyens.francas71.org\/wp-content\/uploads\/2016\/11\/ssi-01.jpg?fit=1333%2C1000","jetpack_sharing_enabled":true,"jetpack_shortlink":"https:\/\/wp.me\/p6M0zG-z1","jetpack-related-posts":[],"jetpack_likes_enabled":true,"_links":{"self":[{"href":"http:\/\/projetscitoyens.francas71.org\/index.php?rest_route=\/wp\/v2\/posts\/2171"}],"collection":[{"href":"http:\/\/projetscitoyens.francas71.org\/index.php?rest_route=\/wp\/v2\/posts"}],"about":[{"href":"http:\/\/projetscitoyens.francas71.org\/index.php?rest_route=\/wp\/v2\/types\/post"}],"author":[{"embeddable":true,"href":"http:\/\/projetscitoyens.francas71.org\/index.php?rest_route=\/wp\/v2\/users\/1"}],"replies":[{"embeddable":true,"href":"http:\/\/projetscitoyens.francas71.org\/index.php?rest_route=%2Fwp%2Fv2%2Fcomments&post=2171"}],"version-history":[{"count":1,"href":"http:\/\/projetscitoyens.francas71.org\/index.php?rest_route=\/wp\/v2\/posts\/2171\/revisions"}],"predecessor-version":[{"id":2172,"href":"http:\/\/projetscitoyens.francas71.org\/index.php?rest_route=\/wp\/v2\/posts\/2171\/revisions\/2172"}],"wp:featuredmedia":[{"embeddable":true,"href":"http:\/\/projetscitoyens.francas71.org\/index.php?rest_route=\/wp\/v2\/media\/2099"}],"wp:attachment":[{"href":"http:\/\/projetscitoyens.francas71.org\/index.php?rest_route=%2Fwp%2Fv2%2Fmedia&parent=2171"}],"wp:term":[{"taxonomy":"category","embeddable":true,"href":"http:\/\/projetscitoyens.francas71.org\/index.php?rest_route=%2Fwp%2Fv2%2Fcategories&post=2171"},{"taxonomy":"post_tag","embeddable":true,"href":"http:\/\/projetscitoyens.francas71.org\/index.php?rest_route=%2Fwp%2Fv2%2Ftags&post=2171"}],"curies":[{"name":"wp","href":"https:\/\/api.w.org\/{rel}","templated":true}]}}