{"id":2181,"date":"2016-12-12T15:58:50","date_gmt":"2016-12-12T14:58:50","guid":{"rendered":"http:\/\/www.francas71.org\/projetscitoyens\/?p=2181"},"modified":"2019-12-16T14:59:49","modified_gmt":"2019-12-16T13:59:49","slug":"ssi-2016-les-emissions-de-lerea-jour-3","status":"publish","type":"post","link":"http:\/\/projetscitoyens.francas71.org\/?p=2181","title":{"rendered":"SSI 2016 &#8211; les \u00e9missions de l&rsquo;EREA &#8211; jour 3"},"content":{"rendered":"<p>Jeudi 17 novembre 2016, troisi\u00e8me jour des \u00e9missions de radio sur l&rsquo;EREA de Charnay-l\u00e8s-M\u00e2con, avec plusieurs groupes de classes et des jeunes migrants en cours d&rsquo;installation dans la vie fran\u00e7aise.<\/p>\n<p>Emission 1<br \/>\nAvec : Th\u00e9o, Shawn, Ewen, Flavie<br \/>\n<!--[if lt IE 9]><script>document.createElement('audio');<\/script><![endif]-->\n<audio class=\"wp-audio-shortcode\" id=\"audio-2181-1\" preload=\"none\" style=\"width: 100%;\" controls=\"controls\"><source type=\"audio\/mpeg\" src=\"http:\/\/www.francas71.org\/projetscitoyens\/wp-content\/uploads\/2016\/12\/erea-classe-de-4-b-13h30-jeudi-17-nov.mp3?_=1\" \/><a href=\"http:\/\/www.francas71.org\/projetscitoyens\/wp-content\/uploads\/2016\/12\/erea-classe-de-4-b-13h30-jeudi-17-nov.mp3\">http:\/\/www.francas71.org\/projetscitoyens\/wp-content\/uploads\/2016\/12\/erea-classe-de-4-b-13h30-jeudi-17-nov.mp3<\/a><\/audio><br \/>\n&nbsp;<\/p>\n<p>Emission 2<br \/>\nAvec : Alysson, Sullivan, Alexis, Manuel<br \/>\n<audio class=\"wp-audio-shortcode\" id=\"audio-2181-2\" preload=\"none\" style=\"width: 100%;\" controls=\"controls\"><source type=\"audio\/mpeg\" src=\"http:\/\/www.francas71.org\/projetscitoyens\/wp-content\/uploads\/2016\/12\/erea-classe-de-6eme-cide-jeudi-17-novembre-10h.mp3?_=2\" \/><a href=\"http:\/\/www.francas71.org\/projetscitoyens\/wp-content\/uploads\/2016\/12\/erea-classe-de-6eme-cide-jeudi-17-novembre-10h.mp3\">http:\/\/www.francas71.org\/projetscitoyens\/wp-content\/uploads\/2016\/12\/erea-classe-de-6eme-cide-jeudi-17-novembre-10h.mp3<\/a><\/audio><br \/>\n&nbsp;<\/p>\n<p>Emission 3<br \/>\nAvec : Ibrahima, Abou, Corentin<br \/>\n<audio class=\"wp-audio-shortcode\" id=\"audio-2181-3\" preload=\"none\" style=\"width: 100%;\" controls=\"controls\"><source type=\"audio\/mpeg\" src=\"http:\/\/www.francas71.org\/projetscitoyens\/wp-content\/uploads\/2016\/12\/erea-groupe-11h-jeudi-17-novembre.mp3?_=3\" \/><a href=\"http:\/\/www.francas71.org\/projetscitoyens\/wp-content\/uploads\/2016\/12\/erea-groupe-11h-jeudi-17-novembre.mp3\">http:\/\/www.francas71.org\/projetscitoyens\/wp-content\/uploads\/2016\/12\/erea-groupe-11h-jeudi-17-novembre.mp3<\/a><\/audio><br \/>\n&nbsp;<\/p>\n<p>Emission 4<br \/>\nAvec : Prescillia, Maxence, Abygaelle, Audrey, Etienne, Sadri<br \/>\n<audio class=\"wp-audio-shortcode\" id=\"audio-2181-4\" preload=\"none\" style=\"width: 100%;\" controls=\"controls\"><source type=\"audio\/mpeg\" src=\"http:\/\/www.francas71.org\/projetscitoyens\/wp-content\/uploads\/2016\/12\/erea-groupe-classe-4-a-jeudi-17-nov-16h30.mp3?_=4\" \/><a href=\"http:\/\/www.francas71.org\/projetscitoyens\/wp-content\/uploads\/2016\/12\/erea-groupe-classe-4-a-jeudi-17-nov-16h30.mp3\">http:\/\/www.francas71.org\/projetscitoyens\/wp-content\/uploads\/2016\/12\/erea-groupe-classe-4-a-jeudi-17-nov-16h30.mp3<\/a><\/audio><\/p>\n<p>Emission 5<br \/>\nAvec : Yamin, Xavier, Brenda, Morgane, Arno, Alexandre<br \/>\n<audio class=\"wp-audio-shortcode\" id=\"audio-2181-5\" preload=\"none\" style=\"width: 100%;\" controls=\"controls\"><source type=\"audio\/mpeg\" src=\"http:\/\/www.francas71.org\/projetscitoyens\/wp-content\/uploads\/2016\/12\/erea-groupe-interne-sortie-artisans.mp3?_=5\" \/><a href=\"http:\/\/www.francas71.org\/projetscitoyens\/wp-content\/uploads\/2016\/12\/erea-groupe-interne-sortie-artisans.mp3\">http:\/\/www.francas71.org\/projetscitoyens\/wp-content\/uploads\/2016\/12\/erea-groupe-interne-sortie-artisans.mp3<\/a><\/audio><\/p>\n<p>Emission 6<br \/>\nAvec : Jeremy, Manon, Mathieu<br \/>\n<audio class=\"wp-audio-shortcode\" id=\"audio-2181-6\" preload=\"none\" style=\"width: 100%;\" controls=\"controls\"><source type=\"audio\/mpeg\" src=\"http:\/\/www.francas71.org\/projetscitoyens\/wp-content\/uploads\/2016\/12\/erea-groupe-jeune-sortie-film-jeudi-17-nov-17h.mp3?_=6\" \/><a href=\"http:\/\/www.francas71.org\/projetscitoyens\/wp-content\/uploads\/2016\/12\/erea-groupe-jeune-sortie-film-jeudi-17-nov-17h.mp3\">http:\/\/www.francas71.org\/projetscitoyens\/wp-content\/uploads\/2016\/12\/erea-groupe-jeune-sortie-film-jeudi-17-nov-17h.mp3<\/a><\/audio><\/p>\n<p>Emission 7<br \/>\nAvec : Alysson, Katia, Alexis, Yamin<br \/>\n<audio class=\"wp-audio-shortcode\" id=\"audio-2181-7\" preload=\"none\" style=\"width: 100%;\" controls=\"controls\"><source type=\"audio\/mpeg\" src=\"http:\/\/www.francas71.org\/projetscitoyens\/wp-content\/uploads\/2016\/12\/erea-groupe-jeune-visite-foyer-korian-jeudi-17-nov-17h30.mp3?_=7\" \/><a href=\"http:\/\/www.francas71.org\/projetscitoyens\/wp-content\/uploads\/2016\/12\/erea-groupe-jeune-visite-foyer-korian-jeudi-17-nov-17h30.mp3\">http:\/\/www.francas71.org\/projetscitoyens\/wp-content\/uploads\/2016\/12\/erea-groupe-jeune-visite-foyer-korian-jeudi-17-nov-17h30.mp3<\/a><\/audio><\/p>\n<p>Emission 8<br \/>\nAvec : Daouda, Maureen, Adama, Sidy<br \/>\n<audio class=\"wp-audio-shortcode\" id=\"audio-2181-8\" preload=\"none\" style=\"width: 100%;\" controls=\"controls\"><source type=\"audio\/mpeg\" src=\"http:\/\/www.francas71.org\/projetscitoyens\/wp-content\/uploads\/2016\/12\/erea-groupe-migrants-jeudi-17-nov.mp3?_=8\" \/><a href=\"http:\/\/www.francas71.org\/projetscitoyens\/wp-content\/uploads\/2016\/12\/erea-groupe-migrants-jeudi-17-nov.mp3\">http:\/\/www.francas71.org\/projetscitoyens\/wp-content\/uploads\/2016\/12\/erea-groupe-migrants-jeudi-17-nov.mp3<\/a><\/audio><\/p>\n<p>&nbsp;<\/p>\n<p>&nbsp;<\/p>\n","protected":false},"excerpt":{"rendered":"<p>Jeudi 17 novembre 2016, troisi\u00e8me jour des \u00e9missions de radio sur l&rsquo;EREA de Charnay-l\u00e8s-M\u00e2con, avec plusieurs groupes de classes et des jeunes migrants en cours d&rsquo;installation dans la vie fran\u00e7aise. Emission 1 Avec : Th\u00e9o, Shawn, Ewen, Flavie &nbsp; Emission 2 Avec : Alysson, Sullivan, Alexis, Manuel &nbsp; Emission 3 Avec : Ibrahima, Abou, Corentin &nbsp; Emission 4 Avec : Prescillia, Maxence, Abygaelle, Audrey, Etienne, Sadri Emission 5 Avec : Yamin, Xavier, Brenda, Morgane, Arno, Alexandre Emission 6 Avec :&#8230;<\/p>\n<p class=\"read-more\"><a class=\"btn btn-default\" href=\"http:\/\/projetscitoyens.francas71.org\/?p=2181\" onclick=\"return TrackClick('http%3A%2F%2Fprojetscitoyens.francas71.org%2F%3Fp%3D2181','Lire+la+suite+Lire+la+suite')\">Lire la suite<span class=\"screen-reader-text\"> Lire la suite<\/span><\/a><\/p>\n","protected":false},"author":1,"featured_media":2099,"comment_status":"open","ping_status":"open","sticky":false,"template":"","format":"standard","meta":{"jetpack_post_was_ever_published":false,"_jetpack_newsletter_access":"","_jetpack_dont_email_post_to_subs":false,"_jetpack_newsletter_tier_id":0,"_jetpack_memberships_contains_paywalled_content":false,"_jetpack_memberships_contains_paid_content":false,"footnotes":"","jetpack_publicize_message":"","jetpack_publicize_feature_enabled":true,"jetpack_social_post_already_shared":true,"jetpack_social_options":{"image_generator_settings":{"template":"highway","enabled":false},"version":2}},"categories":[239,214],"tags":[192,72,196,181],"class_list":["post-2181","post","type-post","status-publish","format-standard","has-post-thumbnail","hentry","category-2016-radio-jeunes","category-la-radio","tag-expression","tag-jeunes","tag-migration","tag-radio"],"jetpack_publicize_connections":[],"jetpack_featured_media_url":"https:\/\/i0.wp.com\/projetscitoyens.francas71.org\/wp-content\/uploads\/2016\/11\/ssi-01.jpg?fit=1333%2C1000","jetpack_sharing_enabled":true,"jetpack_shortlink":"https:\/\/wp.me\/p6M0zG-zb","jetpack-related-posts":[],"jetpack_likes_enabled":true,"_links":{"self":[{"href":"http:\/\/projetscitoyens.francas71.org\/index.php?rest_route=\/wp\/v2\/posts\/2181"}],"collection":[{"href":"http:\/\/projetscitoyens.francas71.org\/index.php?rest_route=\/wp\/v2\/posts"}],"about":[{"href":"http:\/\/projetscitoyens.francas71.org\/index.php?rest_route=\/wp\/v2\/types\/post"}],"author":[{"embeddable":true,"href":"http:\/\/projetscitoyens.francas71.org\/index.php?rest_route=\/wp\/v2\/users\/1"}],"replies":[{"embeddable":true,"href":"http:\/\/projetscitoyens.francas71.org\/index.php?rest_route=%2Fwp%2Fv2%2Fcomments&post=2181"}],"version-history":[{"count":6,"href":"http:\/\/projetscitoyens.francas71.org\/index.php?rest_route=\/wp\/v2\/posts\/2181\/revisions"}],"predecessor-version":[{"id":2189,"href":"http:\/\/projetscitoyens.francas71.org\/index.php?rest_route=\/wp\/v2\/posts\/2181\/revisions\/2189"}],"wp:featuredmedia":[{"embeddable":true,"href":"http:\/\/projetscitoyens.francas71.org\/index.php?rest_route=\/wp\/v2\/media\/2099"}],"wp:attachment":[{"href":"http:\/\/projetscitoyens.francas71.org\/index.php?rest_route=%2Fwp%2Fv2%2Fmedia&parent=2181"}],"wp:term":[{"taxonomy":"category","embeddable":true,"href":"http:\/\/projetscitoyens.francas71.org\/index.php?rest_route=%2Fwp%2Fv2%2Fcategories&post=2181"},{"taxonomy":"post_tag","embeddable":true,"href":"http:\/\/projetscitoyens.francas71.org\/index.php?rest_route=%2Fwp%2Fv2%2Ftags&post=2181"}],"curies":[{"name":"wp","href":"https:\/\/api.w.org\/{rel}","templated":true}]}}