{"id":2191,"date":"2016-12-13T09:20:35","date_gmt":"2016-12-13T08:20:35","guid":{"rendered":"http:\/\/www.francas71.org\/projetscitoyens\/?p=2191"},"modified":"2019-12-16T15:00:03","modified_gmt":"2019-12-16T14:00:03","slug":"ssi-2016-les-emissions-de-lerea-jour-4","status":"publish","type":"post","link":"http:\/\/projetscitoyens.francas71.org\/?p=2191","title":{"rendered":"SSI 2016 \u2013 les \u00e9missions de l\u2019EREA \u2013 jour 4"},"content":{"rendered":"<p>Vendredi 18 novembre 2016, quatri\u00e8me et dernier jour d&rsquo;enregistrement pour la web radio de la Semaine de la Solidarit\u00e9 Internationale sur l&rsquo;EREA de Charnay-l\u00e8s-M\u00e2con.<\/p>\n<p>Emission 1<br \/>\nAvec Quentin, Sadri, Etienne, Maxence, Manon, Marie<br \/>\n<!--[if lt IE 9]><script>document.createElement('audio');<\/script><![endif]-->\n<audio class=\"wp-audio-shortcode\" id=\"audio-2191-1\" preload=\"none\" style=\"width: 100%;\" controls=\"controls\"><source type=\"audio\/mpeg\" src=\"http:\/\/www.francas71.org\/projetscitoyens\/wp-content\/uploads\/2016\/12\/erea-classe-4-a-spectacle-11h-1.mp3?_=1\" \/><a href=\"http:\/\/www.francas71.org\/projetscitoyens\/wp-content\/uploads\/2016\/12\/erea-classe-4-a-spectacle-11h-1.mp3\">http:\/\/www.francas71.org\/projetscitoyens\/wp-content\/uploads\/2016\/12\/erea-classe-4-a-spectacle-11h-1.mp3<\/a><\/audio><\/p>\n<p>Emission 2<br \/>\nAvec Cameron, Jonathan, Kevin, Xavier<br \/>\n<audio class=\"wp-audio-shortcode\" id=\"audio-2191-2\" preload=\"none\" style=\"width: 100%;\" controls=\"controls\"><source type=\"audio\/mpeg\" src=\"http:\/\/www.francas71.org\/projetscitoyens\/wp-content\/uploads\/2016\/12\/erea-groupe-classe-5-b-vendredi-18-14h.mp3?_=2\" \/><a href=\"http:\/\/www.francas71.org\/projetscitoyens\/wp-content\/uploads\/2016\/12\/erea-groupe-classe-5-b-vendredi-18-14h.mp3\">http:\/\/www.francas71.org\/projetscitoyens\/wp-content\/uploads\/2016\/12\/erea-groupe-classe-5-b-vendredi-18-14h.mp3<\/a><\/audio><\/p>\n","protected":false},"excerpt":{"rendered":"<p>Vendredi 18 novembre 2016, quatri\u00e8me et dernier jour d&rsquo;enregistrement pour la web radio de la Semaine de la Solidarit\u00e9 Internationale sur l&rsquo;EREA de Charnay-l\u00e8s-M\u00e2con. Emission 1 Avec Quentin, Sadri, Etienne, Maxence, Manon, Marie Emission 2 Avec Cameron, Jonathan, Kevin, Xavier<\/p>\n","protected":false},"author":1,"featured_media":2099,"comment_status":"open","ping_status":"open","sticky":false,"template":"","format":"standard","meta":{"jetpack_post_was_ever_published":false,"_jetpack_newsletter_access":"","_jetpack_dont_email_post_to_subs":false,"_jetpack_newsletter_tier_id":0,"_jetpack_memberships_contains_paywalled_content":false,"_jetpack_memberships_contains_paid_content":false,"footnotes":"","jetpack_publicize_message":"","jetpack_publicize_feature_enabled":true,"jetpack_social_post_already_shared":true,"jetpack_social_options":{"image_generator_settings":{"template":"highway","enabled":false},"version":2}},"categories":[239,214],"tags":[34,72,181,128],"class_list":["post-2191","post","type-post","status-publish","format-standard","has-post-thumbnail","hentry","category-2016-radio-jeunes","category-la-radio","tag-college","tag-jeunes","tag-radio","tag-solidarite"],"jetpack_publicize_connections":[],"jetpack_featured_media_url":"https:\/\/i0.wp.com\/projetscitoyens.francas71.org\/wp-content\/uploads\/2016\/11\/ssi-01.jpg?fit=1333%2C1000","jetpack_sharing_enabled":true,"jetpack_shortlink":"https:\/\/wp.me\/p6M0zG-zl","jetpack-related-posts":[],"jetpack_likes_enabled":true,"_links":{"self":[{"href":"http:\/\/projetscitoyens.francas71.org\/index.php?rest_route=\/wp\/v2\/posts\/2191"}],"collection":[{"href":"http:\/\/projetscitoyens.francas71.org\/index.php?rest_route=\/wp\/v2\/posts"}],"about":[{"href":"http:\/\/projetscitoyens.francas71.org\/index.php?rest_route=\/wp\/v2\/types\/post"}],"author":[{"embeddable":true,"href":"http:\/\/projetscitoyens.francas71.org\/index.php?rest_route=\/wp\/v2\/users\/1"}],"replies":[{"embeddable":true,"href":"http:\/\/projetscitoyens.francas71.org\/index.php?rest_route=%2Fwp%2Fv2%2Fcomments&post=2191"}],"version-history":[{"count":2,"href":"http:\/\/projetscitoyens.francas71.org\/index.php?rest_route=\/wp\/v2\/posts\/2191\/revisions"}],"predecessor-version":[{"id":2194,"href":"http:\/\/projetscitoyens.francas71.org\/index.php?rest_route=\/wp\/v2\/posts\/2191\/revisions\/2194"}],"wp:featuredmedia":[{"embeddable":true,"href":"http:\/\/projetscitoyens.francas71.org\/index.php?rest_route=\/wp\/v2\/media\/2099"}],"wp:attachment":[{"href":"http:\/\/projetscitoyens.francas71.org\/index.php?rest_route=%2Fwp%2Fv2%2Fmedia&parent=2191"}],"wp:term":[{"taxonomy":"category","embeddable":true,"href":"http:\/\/projetscitoyens.francas71.org\/index.php?rest_route=%2Fwp%2Fv2%2Fcategories&post=2191"},{"taxonomy":"post_tag","embeddable":true,"href":"http:\/\/projetscitoyens.francas71.org\/index.php?rest_route=%2Fwp%2Fv2%2Ftags&post=2191"}],"curies":[{"name":"wp","href":"https:\/\/api.w.org\/{rel}","templated":true}]}}