{"id":2201,"date":"2016-12-13T14:28:32","date_gmt":"2016-12-13T13:28:32","guid":{"rendered":"http:\/\/www.francas71.org\/projetscitoyens\/?p=2201"},"modified":"2019-12-16T15:00:14","modified_gmt":"2019-12-16T14:00:14","slug":"fete-des-droits-de-lenfant-au-foyer-de-lenfance-de-macon","status":"publish","type":"post","link":"http:\/\/projetscitoyens.francas71.org\/?p=2201","title":{"rendered":"F\u00eate des droits de l&rsquo;enfant au Foyer de l&rsquo;Enfance de M\u00e2con"},"content":{"rendered":"<h3><span style=\"color: #800000;\">Mercredi 23 novembre 2016, le Foyer de l&rsquo;Enfance de M\u00e2con organise une f\u00eate pour l&rsquo;anniversaire de la Convention internationale des droits de l&rsquo;enfant. 26 ans apr\u00e8s sa signature \u00e0 l&rsquo;ONU par la quasi totalit\u00e9 des pays du monde, cette convention se doit d&rsquo;\u00eatre pr\u00e9sent\u00e9e, expliqu\u00e9e, pour que les enfants d&rsquo;aujourd&rsquo;hui puissent s&rsquo;en emparer et la faire vivre.<\/span><\/h3>\n<p>Lors de cet apr\u00e8s-midi de f\u00eate, les Francas de Sa\u00f4ne et Loire sont intervenus avec 4 militants de l&rsquo;enfance pour animer 5 ateliers d&rsquo;expression et d&rsquo;\u00e9change sur la question des droits.<\/p>\n<p>Les ateliers propos\u00e9s \u00e9taient les suivants :<\/p>\n<p>Atelier d&rsquo;\u00e9criture, avec Louis : les enfants devaient \u00e9crire leurs id\u00e9es pour vivre bien leur vie d&rsquo;enfants.<\/p>\n<p>Atelier jeu du monstre, avec Jessica : les enfants devaient choisir des objets dans une malle pour \u00ab\u00a0combattre\u00a0\u00bb un monstre mangeur des droits.<\/p>\n<p>Atelier d&rsquo;images, avec Roger : les enfants devaient choisir des reproductions d&rsquo;affiches des droits de l&rsquo;enfant pour r\u00e9aliser un rideau des principaux droits.<\/p>\n<p>Atelier photo, avec Ana\u00efs : les enfants pouvaient se prendre en photo avec des filtres rigolos.<\/p>\n<p>Atelier radio, avec Didier : les enfants passaient par groupe pour s&rsquo;exprimer sur leurs plaisirs de la vie quotidienne.<\/p>\n<p>Ci dessous les 5 petits plateaux radio r\u00e9alis\u00e9es sur l&rsquo;apr\u00e8s midi.<\/p>\n<!--[if lt IE 9]><script>document.createElement('audio');<\/script><![endif]-->\n<audio class=\"wp-audio-shortcode\" id=\"audio-2201-1\" preload=\"none\" style=\"width: 100%;\" controls=\"controls\"><source type=\"audio\/mpeg\" src=\"http:\/\/www.francas71.org\/projetscitoyens\/wp-content\/uploads\/2016\/12\/foyer-groupe-1.mp3?_=1\" \/><a href=\"http:\/\/www.francas71.org\/projetscitoyens\/wp-content\/uploads\/2016\/12\/foyer-groupe-1.mp3\">http:\/\/www.francas71.org\/projetscitoyens\/wp-content\/uploads\/2016\/12\/foyer-groupe-1.mp3<\/a><\/audio>\n<p>Groupe 2<br \/>\n<audio class=\"wp-audio-shortcode\" id=\"audio-2201-2\" preload=\"none\" style=\"width: 100%;\" controls=\"controls\"><source type=\"audio\/mpeg\" src=\"http:\/\/www.francas71.org\/projetscitoyens\/wp-content\/uploads\/2016\/12\/foyer-groupe-2.mp3?_=2\" \/><a href=\"http:\/\/www.francas71.org\/projetscitoyens\/wp-content\/uploads\/2016\/12\/foyer-groupe-2.mp3\">http:\/\/www.francas71.org\/projetscitoyens\/wp-content\/uploads\/2016\/12\/foyer-groupe-2.mp3<\/a><\/audio><\/p>\n<p>Groupe 3<br \/>\n<audio class=\"wp-audio-shortcode\" id=\"audio-2201-3\" preload=\"none\" style=\"width: 100%;\" controls=\"controls\"><source type=\"audio\/mpeg\" src=\"http:\/\/www.francas71.org\/projetscitoyens\/wp-content\/uploads\/2016\/12\/foyer-groupe-3.mp3?_=3\" \/><a href=\"http:\/\/www.francas71.org\/projetscitoyens\/wp-content\/uploads\/2016\/12\/foyer-groupe-3.mp3\">http:\/\/www.francas71.org\/projetscitoyens\/wp-content\/uploads\/2016\/12\/foyer-groupe-3.mp3<\/a><\/audio><\/p>\n<p>Groupe 4<br \/>\n<audio class=\"wp-audio-shortcode\" id=\"audio-2201-4\" preload=\"none\" style=\"width: 100%;\" controls=\"controls\"><source type=\"audio\/mpeg\" src=\"http:\/\/www.francas71.org\/projetscitoyens\/wp-content\/uploads\/2016\/12\/foyer-groupe-4.mp3?_=4\" \/><a href=\"http:\/\/www.francas71.org\/projetscitoyens\/wp-content\/uploads\/2016\/12\/foyer-groupe-4.mp3\">http:\/\/www.francas71.org\/projetscitoyens\/wp-content\/uploads\/2016\/12\/foyer-groupe-4.mp3<\/a><\/audio><\/p>\n<p>Groupe 5<br \/>\n<audio class=\"wp-audio-shortcode\" id=\"audio-2201-5\" preload=\"none\" style=\"width: 100%;\" controls=\"controls\"><source type=\"audio\/mpeg\" src=\"http:\/\/www.francas71.org\/projetscitoyens\/wp-content\/uploads\/2016\/12\/foyer-groupe-5.mp3?_=5\" \/><a href=\"http:\/\/www.francas71.org\/projetscitoyens\/wp-content\/uploads\/2016\/12\/foyer-groupe-5.mp3\">http:\/\/www.francas71.org\/projetscitoyens\/wp-content\/uploads\/2016\/12\/foyer-groupe-5.mp3<\/a><\/audio><\/p>\n<p>Et enfin le groupe d&rsquo;animateurs militants mobilis\u00e9s sur la f\u00eate.<br \/>\n<audio class=\"wp-audio-shortcode\" id=\"audio-2201-6\" preload=\"none\" style=\"width: 100%;\" controls=\"controls\"><source type=\"audio\/mpeg\" src=\"http:\/\/www.francas71.org\/projetscitoyens\/wp-content\/uploads\/2016\/12\/foyer-groupe-francas.mp3?_=6\" \/><a href=\"http:\/\/www.francas71.org\/projetscitoyens\/wp-content\/uploads\/2016\/12\/foyer-groupe-francas.mp3\">http:\/\/www.francas71.org\/projetscitoyens\/wp-content\/uploads\/2016\/12\/foyer-groupe-francas.mp3<\/a><\/audio><br \/>\n&nbsp;<\/p>\n","protected":false},"excerpt":{"rendered":"<p>Mercredi 23 novembre 2016, le Foyer de l&rsquo;Enfance de M\u00e2con organise une f\u00eate pour l&rsquo;anniversaire de la Convention internationale des droits de l&rsquo;enfant. 26 ans apr\u00e8s sa signature \u00e0 l&rsquo;ONU par la quasi totalit\u00e9 des pays du monde, cette convention se doit d&rsquo;\u00eatre pr\u00e9sent\u00e9e, expliqu\u00e9e, pour que les enfants d&rsquo;aujourd&rsquo;hui puissent s&rsquo;en emparer et la faire vivre. Lors de cet apr\u00e8s-midi de f\u00eate, les Francas de Sa\u00f4ne et Loire sont intervenus avec 4 militants de l&rsquo;enfance pour animer 5 ateliers&#8230;<\/p>\n<p class=\"read-more\"><a class=\"btn btn-default\" href=\"http:\/\/projetscitoyens.francas71.org\/?p=2201\" onclick=\"return TrackClick('http%3A%2F%2Fprojetscitoyens.francas71.org%2F%3Fp%3D2201','Lire+la+suite+Lire+la+suite')\">Lire la suite<span class=\"screen-reader-text\"> Lire la suite<\/span><\/a><\/p>\n","protected":false},"author":1,"featured_media":2119,"comment_status":"open","ping_status":"open","sticky":false,"template":"","format":"standard","meta":{"jetpack_post_was_ever_published":false,"_jetpack_newsletter_access":"","_jetpack_dont_email_post_to_subs":false,"_jetpack_newsletter_tier_id":0,"_jetpack_memberships_contains_paywalled_content":false,"_jetpack_memberships_contains_paid_content":false,"footnotes":"","jetpack_publicize_message":"","jetpack_publicize_feature_enabled":true,"jetpack_social_post_already_shared":true,"jetpack_social_options":{"image_generator_settings":{"template":"highway","enabled":false},"version":2}},"categories":[119,238],"tags":[31,197,123,52,192,61],"class_list":["post-2201","post","type-post","status-publish","format-standard","has-post-thumbnail","hentry","category-agis-pour-tes-droits-2","category-2016-les-droits-de-lenfant","tag-cide","tag-droits","tag-education","tag-enfant","tag-expression","tag-foyer"],"jetpack_publicize_connections":[],"jetpack_featured_media_url":"https:\/\/i0.wp.com\/projetscitoyens.francas71.org\/wp-content\/uploads\/2016\/11\/cide.jpg?fit=960%2C1280","jetpack_sharing_enabled":true,"jetpack_shortlink":"https:\/\/wp.me\/p6M0zG-zv","jetpack-related-posts":[],"jetpack_likes_enabled":true,"_links":{"self":[{"href":"http:\/\/projetscitoyens.francas71.org\/index.php?rest_route=\/wp\/v2\/posts\/2201"}],"collection":[{"href":"http:\/\/projetscitoyens.francas71.org\/index.php?rest_route=\/wp\/v2\/posts"}],"about":[{"href":"http:\/\/projetscitoyens.francas71.org\/index.php?rest_route=\/wp\/v2\/types\/post"}],"author":[{"embeddable":true,"href":"http:\/\/projetscitoyens.francas71.org\/index.php?rest_route=\/wp\/v2\/users\/1"}],"replies":[{"embeddable":true,"href":"http:\/\/projetscitoyens.francas71.org\/index.php?rest_route=%2Fwp%2Fv2%2Fcomments&post=2201"}],"version-history":[{"count":5,"href":"http:\/\/projetscitoyens.francas71.org\/index.php?rest_route=\/wp\/v2\/posts\/2201\/revisions"}],"predecessor-version":[{"id":2206,"href":"http:\/\/projetscitoyens.francas71.org\/index.php?rest_route=\/wp\/v2\/posts\/2201\/revisions\/2206"}],"wp:featuredmedia":[{"embeddable":true,"href":"http:\/\/projetscitoyens.francas71.org\/index.php?rest_route=\/wp\/v2\/media\/2119"}],"wp:attachment":[{"href":"http:\/\/projetscitoyens.francas71.org\/index.php?rest_route=%2Fwp%2Fv2%2Fmedia&parent=2201"}],"wp:term":[{"taxonomy":"category","embeddable":true,"href":"http:\/\/projetscitoyens.francas71.org\/index.php?rest_route=%2Fwp%2Fv2%2Fcategories&post=2201"},{"taxonomy":"post_tag","embeddable":true,"href":"http:\/\/projetscitoyens.francas71.org\/index.php?rest_route=%2Fwp%2Fv2%2Ftags&post=2201"}],"curies":[{"name":"wp","href":"https:\/\/api.w.org\/{rel}","templated":true}]}}