{"id":2208,"date":"2016-12-15T17:38:32","date_gmt":"2016-12-15T16:38:32","guid":{"rendered":"http:\/\/www.francas71.org\/projetscitoyens\/?p=2208"},"modified":"2019-12-16T15:00:28","modified_gmt":"2019-12-16T14:00:28","slug":"radio-a-laccueil-periscolaire-kergomard-de-chalon-sur-saone","status":"publish","type":"post","link":"http:\/\/projetscitoyens.francas71.org\/?p=2208","title":{"rendered":"Radio \u00e0 l&rsquo;accueil p\u00e9riscolaire Kergomard de Chalon sur Sa\u00f4ne"},"content":{"rendered":"<h3><span style=\"color: #800000;\">Dernier jour de l&rsquo;atelier citoyennet\u00e9 \u00e0 l&rsquo;accompagnement \u00e9ducatif de l&rsquo;\u00e9cole Kergomard de Chalon sur Sa\u00f4ne. Avec la derni\u00e8re partie de l&rsquo;enregistrement de l&rsquo;\u00e9mission de radio autour de la chanson Cosmo de Soprano.<\/span><\/h3>\n<p>Apr\u00e8s une premi\u00e8re partie pour pr\u00e9senter l&rsquo;artiste, c&rsquo;est maintenant le moment d&rsquo;\u00e9couter ce que les enfants veulent dire sur cette chanson. Avec Rayane, Sarah, Wesley, Melissa, Sarah, Lyna et Johara.<\/p>\n<!--[if lt IE 9]><script>document.createElement('audio');<\/script><![endif]-->\n<audio class=\"wp-audio-shortcode\" id=\"audio-2208-1\" preload=\"none\" style=\"width: 100%;\" controls=\"controls\"><source type=\"audio\/mpeg\" src=\"http:\/\/www.francas71.org\/projetscitoyens\/wp-content\/uploads\/2016\/12\/rep-chalon-partie-2.mp3?_=1\" \/><a href=\"http:\/\/www.francas71.org\/projetscitoyens\/wp-content\/uploads\/2016\/12\/rep-chalon-partie-2.mp3\">http:\/\/www.francas71.org\/projetscitoyens\/wp-content\/uploads\/2016\/12\/rep-chalon-partie-2.mp3<\/a><\/audio>\n<audio class=\"wp-audio-shortcode\" id=\"audio-2208-2\" preload=\"none\" style=\"width: 100%;\" controls=\"controls\"><source type=\"audio\/mpeg\" src=\"http:\/\/www.francas71.org\/projetscitoyens\/wp-content\/uploads\/2016\/12\/rep-chalon-fin.mp3?_=2\" \/><a href=\"http:\/\/www.francas71.org\/projetscitoyens\/wp-content\/uploads\/2016\/12\/rep-chalon-fin.mp3\">http:\/\/www.francas71.org\/projetscitoyens\/wp-content\/uploads\/2016\/12\/rep-chalon-fin.mp3<\/a><\/audio>\n<p>Et quelques photos de la derni\u00e8re s\u00e9ance<br \/>\n<a href=\"https:\/\/i0.wp.com\/www.francas71.org\/projetscitoyens\/wp-content\/uploads\/2016\/12\/rep05.jpg\" onclick=\"return TrackClick('http%3A%2F%2Fwww.francas71.org%2Fprojetscitoyens%2Fwp-content%2Fuploads%2F2016%2F12%2Frep05.jpg','')\"><img loading=\"lazy\" decoding=\"async\" data-attachment-id=\"2233\" data-permalink=\"http:\/\/projetscitoyens.francas71.org\/?attachment_id=2233\" data-orig-file=\"https:\/\/i0.wp.com\/projetscitoyens.francas71.org\/wp-content\/uploads\/2016\/12\/rep05.jpg?fit=1280%2C960\" data-orig-size=\"1280,960\" data-comments-opened=\"1\" data-image-meta=\"{&quot;aperture&quot;:&quot;0&quot;,&quot;credit&quot;:&quot;&quot;,&quot;camera&quot;:&quot;&quot;,&quot;caption&quot;:&quot;&quot;,&quot;created_timestamp&quot;:&quot;0&quot;,&quot;copyright&quot;:&quot;&quot;,&quot;focal_length&quot;:&quot;0&quot;,&quot;iso&quot;:&quot;0&quot;,&quot;shutter_speed&quot;:&quot;0&quot;,&quot;title&quot;:&quot;&quot;,&quot;orientation&quot;:&quot;0&quot;}\" data-image-title=\"rep05\" data-image-description=\"\" data-image-caption=\"\" data-medium-file=\"https:\/\/i0.wp.com\/projetscitoyens.francas71.org\/wp-content\/uploads\/2016\/12\/rep05.jpg?fit=300%2C225\" data-large-file=\"https:\/\/i0.wp.com\/projetscitoyens.francas71.org\/wp-content\/uploads\/2016\/12\/rep05.jpg?fit=640%2C480\" tabindex=\"0\" role=\"button\" class=\"aligncenter size-medium wp-image-2233\" src=\"https:\/\/i0.wp.com\/www.francas71.org\/projetscitoyens\/wp-content\/uploads\/2016\/12\/rep05-300x225.jpg?resize=300%2C225\" alt=\"\" width=\"300\" height=\"225\" srcset=\"https:\/\/i0.wp.com\/projetscitoyens.francas71.org\/wp-content\/uploads\/2016\/12\/rep05.jpg?resize=300%2C225 300w, https:\/\/i0.wp.com\/projetscitoyens.francas71.org\/wp-content\/uploads\/2016\/12\/rep05.jpg?resize=768%2C576 768w, https:\/\/i0.wp.com\/projetscitoyens.francas71.org\/wp-content\/uploads\/2016\/12\/rep05.jpg?resize=1024%2C768 1024w, https:\/\/i0.wp.com\/projetscitoyens.francas71.org\/wp-content\/uploads\/2016\/12\/rep05.jpg?w=1280 1280w\" sizes=\"(max-width: 300px) 100vw, 300px\" data-recalc-dims=\"1\" \/><\/a><\/p>\n<p><a href=\"https:\/\/i0.wp.com\/www.francas71.org\/projetscitoyens\/wp-content\/uploads\/2016\/12\/rep04.jpg\" onclick=\"return TrackClick('http%3A%2F%2Fwww.francas71.org%2Fprojetscitoyens%2Fwp-content%2Fuploads%2F2016%2F12%2Frep04.jpg','')\"><img loading=\"lazy\" decoding=\"async\" data-attachment-id=\"2234\" data-permalink=\"http:\/\/projetscitoyens.francas71.org\/?attachment_id=2234\" data-orig-file=\"https:\/\/i0.wp.com\/projetscitoyens.francas71.org\/wp-content\/uploads\/2016\/12\/rep04.jpg?fit=1280%2C960\" data-orig-size=\"1280,960\" data-comments-opened=\"1\" data-image-meta=\"{&quot;aperture&quot;:&quot;0&quot;,&quot;credit&quot;:&quot;&quot;,&quot;camera&quot;:&quot;&quot;,&quot;caption&quot;:&quot;&quot;,&quot;created_timestamp&quot;:&quot;0&quot;,&quot;copyright&quot;:&quot;&quot;,&quot;focal_length&quot;:&quot;0&quot;,&quot;iso&quot;:&quot;0&quot;,&quot;shutter_speed&quot;:&quot;0&quot;,&quot;title&quot;:&quot;&quot;,&quot;orientation&quot;:&quot;0&quot;}\" data-image-title=\"rep04\" data-image-description=\"\" data-image-caption=\"\" data-medium-file=\"https:\/\/i0.wp.com\/projetscitoyens.francas71.org\/wp-content\/uploads\/2016\/12\/rep04.jpg?fit=300%2C225\" data-large-file=\"https:\/\/i0.wp.com\/projetscitoyens.francas71.org\/wp-content\/uploads\/2016\/12\/rep04.jpg?fit=640%2C480\" tabindex=\"0\" role=\"button\" class=\"aligncenter size-medium wp-image-2234\" src=\"https:\/\/i0.wp.com\/www.francas71.org\/projetscitoyens\/wp-content\/uploads\/2016\/12\/rep04-300x225.jpg?resize=300%2C225\" alt=\"\" width=\"300\" height=\"225\" srcset=\"https:\/\/i0.wp.com\/projetscitoyens.francas71.org\/wp-content\/uploads\/2016\/12\/rep04.jpg?resize=300%2C225 300w, https:\/\/i0.wp.com\/projetscitoyens.francas71.org\/wp-content\/uploads\/2016\/12\/rep04.jpg?resize=768%2C576 768w, https:\/\/i0.wp.com\/projetscitoyens.francas71.org\/wp-content\/uploads\/2016\/12\/rep04.jpg?resize=1024%2C768 1024w, https:\/\/i0.wp.com\/projetscitoyens.francas71.org\/wp-content\/uploads\/2016\/12\/rep04.jpg?w=1280 1280w\" sizes=\"(max-width: 300px) 100vw, 300px\" data-recalc-dims=\"1\" \/><\/a><\/p>\n<p><a href=\"https:\/\/i0.wp.com\/www.francas71.org\/projetscitoyens\/wp-content\/uploads\/2016\/12\/rep03.jpg\" onclick=\"return TrackClick('http%3A%2F%2Fwww.francas71.org%2Fprojetscitoyens%2Fwp-content%2Fuploads%2F2016%2F12%2Frep03.jpg','')\"><img loading=\"lazy\" decoding=\"async\" data-attachment-id=\"2235\" data-permalink=\"http:\/\/projetscitoyens.francas71.org\/?attachment_id=2235\" data-orig-file=\"https:\/\/i0.wp.com\/projetscitoyens.francas71.org\/wp-content\/uploads\/2016\/12\/rep03.jpg?fit=1280%2C960\" data-orig-size=\"1280,960\" data-comments-opened=\"1\" data-image-meta=\"{&quot;aperture&quot;:&quot;0&quot;,&quot;credit&quot;:&quot;&quot;,&quot;camera&quot;:&quot;&quot;,&quot;caption&quot;:&quot;&quot;,&quot;created_timestamp&quot;:&quot;0&quot;,&quot;copyright&quot;:&quot;&quot;,&quot;focal_length&quot;:&quot;0&quot;,&quot;iso&quot;:&quot;0&quot;,&quot;shutter_speed&quot;:&quot;0&quot;,&quot;title&quot;:&quot;&quot;,&quot;orientation&quot;:&quot;0&quot;}\" data-image-title=\"rep03\" data-image-description=\"\" data-image-caption=\"\" data-medium-file=\"https:\/\/i0.wp.com\/projetscitoyens.francas71.org\/wp-content\/uploads\/2016\/12\/rep03.jpg?fit=300%2C225\" data-large-file=\"https:\/\/i0.wp.com\/projetscitoyens.francas71.org\/wp-content\/uploads\/2016\/12\/rep03.jpg?fit=640%2C480\" tabindex=\"0\" role=\"button\" class=\"aligncenter size-medium wp-image-2235\" src=\"https:\/\/i0.wp.com\/www.francas71.org\/projetscitoyens\/wp-content\/uploads\/2016\/12\/rep03-300x225.jpg?resize=300%2C225\" alt=\"\" width=\"300\" height=\"225\" srcset=\"https:\/\/i0.wp.com\/projetscitoyens.francas71.org\/wp-content\/uploads\/2016\/12\/rep03.jpg?resize=300%2C225 300w, https:\/\/i0.wp.com\/projetscitoyens.francas71.org\/wp-content\/uploads\/2016\/12\/rep03.jpg?resize=768%2C576 768w, https:\/\/i0.wp.com\/projetscitoyens.francas71.org\/wp-content\/uploads\/2016\/12\/rep03.jpg?resize=1024%2C768 1024w, https:\/\/i0.wp.com\/projetscitoyens.francas71.org\/wp-content\/uploads\/2016\/12\/rep03.jpg?w=1280 1280w\" sizes=\"(max-width: 300px) 100vw, 300px\" data-recalc-dims=\"1\" \/><\/a><\/p>\n<p><a href=\"https:\/\/i0.wp.com\/www.francas71.org\/projetscitoyens\/wp-content\/uploads\/2016\/12\/rep01.jpg\" onclick=\"return TrackClick('http%3A%2F%2Fwww.francas71.org%2Fprojetscitoyens%2Fwp-content%2Fuploads%2F2016%2F12%2Frep01.jpg','')\"><img loading=\"lazy\" decoding=\"async\" data-attachment-id=\"2236\" data-permalink=\"http:\/\/projetscitoyens.francas71.org\/?attachment_id=2236\" data-orig-file=\"https:\/\/i0.wp.com\/projetscitoyens.francas71.org\/wp-content\/uploads\/2016\/12\/rep01.jpg?fit=1280%2C960\" data-orig-size=\"1280,960\" data-comments-opened=\"1\" data-image-meta=\"{&quot;aperture&quot;:&quot;0&quot;,&quot;credit&quot;:&quot;&quot;,&quot;camera&quot;:&quot;&quot;,&quot;caption&quot;:&quot;&quot;,&quot;created_timestamp&quot;:&quot;0&quot;,&quot;copyright&quot;:&quot;&quot;,&quot;focal_length&quot;:&quot;0&quot;,&quot;iso&quot;:&quot;0&quot;,&quot;shutter_speed&quot;:&quot;0&quot;,&quot;title&quot;:&quot;&quot;,&quot;orientation&quot;:&quot;0&quot;}\" data-image-title=\"rep01\" data-image-description=\"\" data-image-caption=\"\" data-medium-file=\"https:\/\/i0.wp.com\/projetscitoyens.francas71.org\/wp-content\/uploads\/2016\/12\/rep01.jpg?fit=300%2C225\" data-large-file=\"https:\/\/i0.wp.com\/projetscitoyens.francas71.org\/wp-content\/uploads\/2016\/12\/rep01.jpg?fit=640%2C480\" tabindex=\"0\" role=\"button\" class=\"aligncenter size-medium wp-image-2236\" src=\"https:\/\/i0.wp.com\/www.francas71.org\/projetscitoyens\/wp-content\/uploads\/2016\/12\/rep01-300x225.jpg?resize=300%2C225\" alt=\"\" width=\"300\" height=\"225\" srcset=\"https:\/\/i0.wp.com\/projetscitoyens.francas71.org\/wp-content\/uploads\/2016\/12\/rep01.jpg?resize=300%2C225 300w, https:\/\/i0.wp.com\/projetscitoyens.francas71.org\/wp-content\/uploads\/2016\/12\/rep01.jpg?resize=768%2C576 768w, https:\/\/i0.wp.com\/projetscitoyens.francas71.org\/wp-content\/uploads\/2016\/12\/rep01.jpg?resize=1024%2C768 1024w, https:\/\/i0.wp.com\/projetscitoyens.francas71.org\/wp-content\/uploads\/2016\/12\/rep01.jpg?w=1280 1280w\" sizes=\"(max-width: 300px) 100vw, 300px\" data-recalc-dims=\"1\" \/><\/a><\/p>\n<p>&nbsp;<\/p>\n","protected":false},"excerpt":{"rendered":"<p>Dernier jour de l&rsquo;atelier citoyennet\u00e9 \u00e0 l&rsquo;accompagnement \u00e9ducatif de l&rsquo;\u00e9cole Kergomard de Chalon sur Sa\u00f4ne. Avec la derni\u00e8re partie de l&rsquo;enregistrement de l&rsquo;\u00e9mission de radio autour de la chanson Cosmo de Soprano. Apr\u00e8s une premi\u00e8re partie pour pr\u00e9senter l&rsquo;artiste, c&rsquo;est maintenant le moment d&rsquo;\u00e9couter ce que les enfants veulent dire sur cette chanson. Avec Rayane, Sarah, Wesley, Melissa, Sarah, Lyna et Johara. Et quelques photos de la derni\u00e8re s\u00e9ance &nbsp;<\/p>\n","protected":false},"author":1,"featured_media":2210,"comment_status":"open","ping_status":"open","sticky":false,"template":"","format":"standard","meta":{"jetpack_post_was_ever_published":false,"_jetpack_newsletter_access":"","_jetpack_dont_email_post_to_subs":false,"_jetpack_newsletter_tier_id":0,"_jetpack_memberships_contains_paywalled_content":false,"_jetpack_memberships_contains_paid_content":false,"footnotes":"","jetpack_publicize_message":"","jetpack_publicize_feature_enabled":true,"jetpack_social_post_already_shared":true,"jetpack_social_options":{"image_generator_settings":{"template":"highway","enabled":false},"version":2}},"categories":[239,214],"tags":[150,53,91,181],"class_list":["post-2208","post","type-post","status-publish","format-standard","has-post-thumbnail","hentry","category-2016-radio-jeunes","category-la-radio","tag-citoyennete","tag-enfants","tag-periscolaire","tag-radio"],"jetpack_publicize_connections":[],"jetpack_featured_media_url":"https:\/\/i0.wp.com\/projetscitoyens.francas71.org\/wp-content\/uploads\/2016\/12\/rep02.jpg?fit=1280%2C960","jetpack_sharing_enabled":true,"jetpack_shortlink":"https:\/\/wp.me\/p6M0zG-zC","jetpack-related-posts":[],"jetpack_likes_enabled":true,"_links":{"self":[{"href":"http:\/\/projetscitoyens.francas71.org\/index.php?rest_route=\/wp\/v2\/posts\/2208"}],"collection":[{"href":"http:\/\/projetscitoyens.francas71.org\/index.php?rest_route=\/wp\/v2\/posts"}],"about":[{"href":"http:\/\/projetscitoyens.francas71.org\/index.php?rest_route=\/wp\/v2\/types\/post"}],"author":[{"embeddable":true,"href":"http:\/\/projetscitoyens.francas71.org\/index.php?rest_route=\/wp\/v2\/users\/1"}],"replies":[{"embeddable":true,"href":"http:\/\/projetscitoyens.francas71.org\/index.php?rest_route=%2Fwp%2Fv2%2Fcomments&post=2208"}],"version-history":[{"count":7,"href":"http:\/\/projetscitoyens.francas71.org\/index.php?rest_route=\/wp\/v2\/posts\/2208\/revisions"}],"predecessor-version":[{"id":2249,"href":"http:\/\/projetscitoyens.francas71.org\/index.php?rest_route=\/wp\/v2\/posts\/2208\/revisions\/2249"}],"wp:featuredmedia":[{"embeddable":true,"href":"http:\/\/projetscitoyens.francas71.org\/index.php?rest_route=\/wp\/v2\/media\/2210"}],"wp:attachment":[{"href":"http:\/\/projetscitoyens.francas71.org\/index.php?rest_route=%2Fwp%2Fv2%2Fmedia&parent=2208"}],"wp:term":[{"taxonomy":"category","embeddable":true,"href":"http:\/\/projetscitoyens.francas71.org\/index.php?rest_route=%2Fwp%2Fv2%2Fcategories&post=2208"},{"taxonomy":"post_tag","embeddable":true,"href":"http:\/\/projetscitoyens.francas71.org\/index.php?rest_route=%2Fwp%2Fv2%2Ftags&post=2208"}],"curies":[{"name":"wp","href":"https:\/\/api.w.org\/{rel}","templated":true}]}}