{"id":2240,"date":"2017-01-05T11:07:20","date_gmt":"2017-01-05T10:07:20","guid":{"rendered":"http:\/\/www.francas71.org\/projetscitoyens\/?p=2240"},"modified":"2019-12-16T15:00:56","modified_gmt":"2019-12-16T14:00:56","slug":"vivre-ensemble-une-chanson-ecrite-par-un-groupe-denfants-a-chalon-sur-saone","status":"publish","type":"post","link":"http:\/\/projetscitoyens.francas71.org\/?p=2240","title":{"rendered":"Vivre ensemble &#8211; une chanson \u00e9crite par un groupe d&rsquo;enfants \u00e0 Chalon sur Sa\u00f4ne"},"content":{"rendered":"<hr \/>\n<h3><span style=\"color: #993300;\">Dans le cadre de l&rsquo;accompagnement \u00e9ducatif de l&rsquo;\u00e9cole Pauline Kergomard de Chalon-sur-Sa\u00f4ne, un groupe d&rsquo;enfants de 9\/10 ans s&rsquo;est amus\u00e9, avec le soutien d&rsquo;un enseignant, \u00e0 \u00e9crire et interpr\u00e9ter une chanson sur le Vivre ensemble.<\/span><\/h3>\n<p>Des paroles choisies par chaque enfant et d\u00e9battu ensemble pour ensuite les chanter devant les parents et leurs camarades de l&rsquo;accueil.<\/p>\n<p>A \u00e9couter &#8230;<\/p>\n<!--[if lt IE 9]><script>document.createElement('audio');<\/script><![endif]-->\n<audio class=\"wp-audio-shortcode\" id=\"audio-2240-1\" preload=\"none\" style=\"width: 100%;\" controls=\"controls\"><source type=\"audio\/mpeg\" src=\"http:\/\/www.francas71.org\/projetscitoyens\/wp-content\/uploads\/2017\/01\/vivre-ensemble-atelier-rep-Pauline-Kergomard-decembre-2016.mp3?_=1\" \/><a href=\"http:\/\/www.francas71.org\/projetscitoyens\/wp-content\/uploads\/2017\/01\/vivre-ensemble-atelier-rep-Pauline-Kergomard-decembre-2016.mp3\">http:\/\/www.francas71.org\/projetscitoyens\/wp-content\/uploads\/2017\/01\/vivre-ensemble-atelier-rep-Pauline-Kergomard-decembre-2016.mp3<\/a><\/audio>\n<p>&nbsp;<\/p>\n","protected":false},"excerpt":{"rendered":"<p>Dans le cadre de l&rsquo;accompagnement \u00e9ducatif de l&rsquo;\u00e9cole Pauline Kergomard de Chalon-sur-Sa\u00f4ne, un groupe d&rsquo;enfants de 9\/10 ans s&rsquo;est amus\u00e9, avec le soutien d&rsquo;un enseignant, \u00e0 \u00e9crire et interpr\u00e9ter une chanson sur le Vivre ensemble. Des paroles choisies par chaque enfant et d\u00e9battu ensemble pour ensuite les chanter devant les parents et leurs camarades de l&rsquo;accueil. A \u00e9couter &#8230; &nbsp;<\/p>\n","protected":false},"author":1,"featured_media":2236,"comment_status":"open","ping_status":"open","sticky":false,"template":"","format":"standard","meta":{"jetpack_post_was_ever_published":false,"_jetpack_newsletter_access":"","_jetpack_dont_email_post_to_subs":false,"_jetpack_newsletter_tier_id":0,"_jetpack_memberships_contains_paywalled_content":false,"_jetpack_memberships_contains_paid_content":false,"footnotes":"","jetpack_publicize_message":"","jetpack_publicize_feature_enabled":true,"jetpack_social_post_already_shared":true,"jetpack_social_options":{"image_generator_settings":{"template":"highway","enabled":false},"version":2}},"categories":[119,215],"tags":[150,123,53,198,91],"class_list":["post-2240","post","type-post","status-publish","format-standard","has-post-thumbnail","hentry","category-agis-pour-tes-droits-2","category-agis-pour-tes-droits-2017","tag-citoyennete","tag-education","tag-enfants","tag-ensemble","tag-periscolaire"],"jetpack_publicize_connections":[],"jetpack_featured_media_url":"https:\/\/i0.wp.com\/projetscitoyens.francas71.org\/wp-content\/uploads\/2016\/12\/rep01.jpg?fit=1280%2C960","jetpack_sharing_enabled":true,"jetpack_shortlink":"https:\/\/wp.me\/p6M0zG-A8","jetpack-related-posts":[],"jetpack_likes_enabled":true,"_links":{"self":[{"href":"http:\/\/projetscitoyens.francas71.org\/index.php?rest_route=\/wp\/v2\/posts\/2240"}],"collection":[{"href":"http:\/\/projetscitoyens.francas71.org\/index.php?rest_route=\/wp\/v2\/posts"}],"about":[{"href":"http:\/\/projetscitoyens.francas71.org\/index.php?rest_route=\/wp\/v2\/types\/post"}],"author":[{"embeddable":true,"href":"http:\/\/projetscitoyens.francas71.org\/index.php?rest_route=\/wp\/v2\/users\/1"}],"replies":[{"embeddable":true,"href":"http:\/\/projetscitoyens.francas71.org\/index.php?rest_route=%2Fwp%2Fv2%2Fcomments&post=2240"}],"version-history":[{"count":3,"href":"http:\/\/projetscitoyens.francas71.org\/index.php?rest_route=\/wp\/v2\/posts\/2240\/revisions"}],"predecessor-version":[{"id":2248,"href":"http:\/\/projetscitoyens.francas71.org\/index.php?rest_route=\/wp\/v2\/posts\/2240\/revisions\/2248"}],"wp:featuredmedia":[{"embeddable":true,"href":"http:\/\/projetscitoyens.francas71.org\/index.php?rest_route=\/wp\/v2\/media\/2236"}],"wp:attachment":[{"href":"http:\/\/projetscitoyens.francas71.org\/index.php?rest_route=%2Fwp%2Fv2%2Fmedia&parent=2240"}],"wp:term":[{"taxonomy":"category","embeddable":true,"href":"http:\/\/projetscitoyens.francas71.org\/index.php?rest_route=%2Fwp%2Fv2%2Fcategories&post=2240"},{"taxonomy":"post_tag","embeddable":true,"href":"http:\/\/projetscitoyens.francas71.org\/index.php?rest_route=%2Fwp%2Fv2%2Ftags&post=2240"}],"curies":[{"name":"wp","href":"https:\/\/api.w.org\/{rel}","templated":true}]}}