{"id":2242,"date":"2017-01-06T14:01:44","date_gmt":"2017-01-06T13:01:44","guid":{"rendered":"http:\/\/www.francas71.org\/projetscitoyens\/?p=2242"},"modified":"2019-12-16T15:01:43","modified_gmt":"2019-12-16T14:01:43","slug":"atelier-radio-a-cluny-un-nouveau-groupe-est-lance","status":"publish","type":"post","link":"http:\/\/projetscitoyens.francas71.org\/?p=2242","title":{"rendered":"Atelier radio \u00e0 Cluny. Un nouveau groupe est lanc\u00e9"},"content":{"rendered":"<h3><span style=\"color: #993300;\">Aujourd&rsquo;hui vendredi 6 janvier 2017, 15 jeunes coll\u00e9giens compose le nouveau groupe radio du coll\u00e8ge Prud&rsquo;hon de Cluny.<\/span><\/h3>\n<p>Les voil\u00e0 partis pour 7 s\u00e9ances pour r\u00e9aliser leur \u00e9mission de radio dans le cadre de l&rsquo;accompagnement personnalis\u00e9. \u00c0 suivre chaque semaine sur ce blog.<\/p>\n","protected":false},"excerpt":{"rendered":"<p>Aujourd&rsquo;hui vendredi 6 janvier 2017, 15 jeunes coll\u00e9giens compose le nouveau groupe radio du coll\u00e8ge Prud&rsquo;hon de Cluny. Les voil\u00e0 partis pour 7 s\u00e9ances pour r\u00e9aliser leur \u00e9mission de radio dans le cadre de l&rsquo;accompagnement personnalis\u00e9. \u00c0 suivre chaque semaine sur ce blog.<\/p>\n","protected":false},"author":1,"featured_media":2243,"comment_status":"open","ping_status":"open","sticky":false,"template":"","format":"standard","meta":{"jetpack_post_was_ever_published":false,"_jetpack_newsletter_access":"","_jetpack_dont_email_post_to_subs":false,"_jetpack_newsletter_tier_id":0,"_jetpack_memberships_contains_paywalled_content":false,"_jetpack_memberships_contains_paid_content":false,"footnotes":"","jetpack_publicize_message":"","jetpack_publicize_feature_enabled":true,"jetpack_social_post_already_shared":true,"jetpack_social_options":{"image_generator_settings":{"template":"highway","enabled":false},"version":2}},"categories":[230,214],"tags":[193,150,34,53,181],"class_list":["post-2242","post","type-post","status-publish","format-standard","has-post-thumbnail","hentry","category-2017-radio-jeunes","category-la-radio","tag-ados","tag-citoyennete","tag-college","tag-enfants","tag-radio"],"jetpack_publicize_connections":[],"jetpack_featured_media_url":"https:\/\/i0.wp.com\/projetscitoyens.francas71.org\/wp-content\/uploads\/2017\/01\/clunyjanvier01.jpg?fit=800%2C450","jetpack_sharing_enabled":true,"jetpack_shortlink":"https:\/\/wp.me\/p6M0zG-Aa","jetpack-related-posts":[],"jetpack_likes_enabled":true,"_links":{"self":[{"href":"http:\/\/projetscitoyens.francas71.org\/index.php?rest_route=\/wp\/v2\/posts\/2242"}],"collection":[{"href":"http:\/\/projetscitoyens.francas71.org\/index.php?rest_route=\/wp\/v2\/posts"}],"about":[{"href":"http:\/\/projetscitoyens.francas71.org\/index.php?rest_route=\/wp\/v2\/types\/post"}],"author":[{"embeddable":true,"href":"http:\/\/projetscitoyens.francas71.org\/index.php?rest_route=\/wp\/v2\/users\/1"}],"replies":[{"embeddable":true,"href":"http:\/\/projetscitoyens.francas71.org\/index.php?rest_route=%2Fwp%2Fv2%2Fcomments&post=2242"}],"version-history":[{"count":3,"href":"http:\/\/projetscitoyens.francas71.org\/index.php?rest_route=\/wp\/v2\/posts\/2242\/revisions"}],"predecessor-version":[{"id":2246,"href":"http:\/\/projetscitoyens.francas71.org\/index.php?rest_route=\/wp\/v2\/posts\/2242\/revisions\/2246"}],"wp:featuredmedia":[{"embeddable":true,"href":"http:\/\/projetscitoyens.francas71.org\/index.php?rest_route=\/wp\/v2\/media\/2243"}],"wp:attachment":[{"href":"http:\/\/projetscitoyens.francas71.org\/index.php?rest_route=%2Fwp%2Fv2%2Fmedia&parent=2242"}],"wp:term":[{"taxonomy":"category","embeddable":true,"href":"http:\/\/projetscitoyens.francas71.org\/index.php?rest_route=%2Fwp%2Fv2%2Fcategories&post=2242"},{"taxonomy":"post_tag","embeddable":true,"href":"http:\/\/projetscitoyens.francas71.org\/index.php?rest_route=%2Fwp%2Fv2%2Ftags&post=2242"}],"curies":[{"name":"wp","href":"https:\/\/api.w.org\/{rel}","templated":true}]}}