{"id":2254,"date":"2017-01-20T10:08:06","date_gmt":"2017-01-20T09:08:06","guid":{"rendered":"http:\/\/www.francas71.org\/projetscitoyens\/?p=2254"},"modified":"2019-12-16T15:01:54","modified_gmt":"2019-12-16T14:01:54","slug":"atelier-radio-au-college-de-cluny","status":"publish","type":"post","link":"http:\/\/projetscitoyens.francas71.org\/?p=2254","title":{"rendered":"Atelier radio au coll\u00e8ge de Cluny"},"content":{"rendered":"<h3><span style=\"color: #993300;\">L&rsquo;atelier radio au coll\u00e8ge Prud&rsquo;hon de Cluny se poursuit. Troisi\u00e8me s\u00e9ance ce vendredi 20 janvier, avec les premiers essais d&rsquo;enregistrement.\u00a0<\/span><\/h3>\n<p>Les sujets choisis par les jeunes sont assez divers : les r\u00e9seaux sociaux, les faits insolites dans des zoos, le salon des innovations technologiques de Las Vegas, etc.<\/p>\n","protected":false},"excerpt":{"rendered":"<p>L&rsquo;atelier radio au coll\u00e8ge Prud&rsquo;hon de Cluny se poursuit. Troisi\u00e8me s\u00e9ance ce vendredi 20 janvier, avec les premiers essais d&rsquo;enregistrement.\u00a0 Les sujets choisis par les jeunes sont assez divers : les r\u00e9seaux sociaux, les faits insolites dans des zoos, le salon des innovations technologiques de Las Vegas, etc.<\/p>\n","protected":false},"author":1,"featured_media":2256,"comment_status":"open","ping_status":"open","sticky":false,"template":"","format":"standard","meta":{"jetpack_post_was_ever_published":false,"_jetpack_newsletter_access":"","_jetpack_dont_email_post_to_subs":false,"_jetpack_newsletter_tier_id":0,"_jetpack_memberships_contains_paywalled_content":false,"_jetpack_memberships_contains_paid_content":false,"footnotes":"","jetpack_publicize_message":"","jetpack_publicize_feature_enabled":true,"jetpack_social_post_already_shared":true,"jetpack_social_options":{"image_generator_settings":{"template":"highway","enabled":false},"version":2}},"categories":[230,214],"tags":[193,150,34,181],"class_list":["post-2254","post","type-post","status-publish","format-standard","has-post-thumbnail","hentry","category-2017-radio-jeunes","category-la-radio","tag-ados","tag-citoyennete","tag-college","tag-radio"],"jetpack_publicize_connections":[],"jetpack_featured_media_url":"https:\/\/i0.wp.com\/projetscitoyens.francas71.org\/wp-content\/uploads\/2017\/01\/clunyjanvier02.jpg?fit=1280%2C960","jetpack_sharing_enabled":true,"jetpack_shortlink":"https:\/\/wp.me\/p6M0zG-Am","jetpack-related-posts":[],"jetpack_likes_enabled":true,"_links":{"self":[{"href":"http:\/\/projetscitoyens.francas71.org\/index.php?rest_route=\/wp\/v2\/posts\/2254"}],"collection":[{"href":"http:\/\/projetscitoyens.francas71.org\/index.php?rest_route=\/wp\/v2\/posts"}],"about":[{"href":"http:\/\/projetscitoyens.francas71.org\/index.php?rest_route=\/wp\/v2\/types\/post"}],"author":[{"embeddable":true,"href":"http:\/\/projetscitoyens.francas71.org\/index.php?rest_route=\/wp\/v2\/users\/1"}],"replies":[{"embeddable":true,"href":"http:\/\/projetscitoyens.francas71.org\/index.php?rest_route=%2Fwp%2Fv2%2Fcomments&post=2254"}],"version-history":[{"count":1,"href":"http:\/\/projetscitoyens.francas71.org\/index.php?rest_route=\/wp\/v2\/posts\/2254\/revisions"}],"predecessor-version":[{"id":2255,"href":"http:\/\/projetscitoyens.francas71.org\/index.php?rest_route=\/wp\/v2\/posts\/2254\/revisions\/2255"}],"wp:featuredmedia":[{"embeddable":true,"href":"http:\/\/projetscitoyens.francas71.org\/index.php?rest_route=\/wp\/v2\/media\/2256"}],"wp:attachment":[{"href":"http:\/\/projetscitoyens.francas71.org\/index.php?rest_route=%2Fwp%2Fv2%2Fmedia&parent=2254"}],"wp:term":[{"taxonomy":"category","embeddable":true,"href":"http:\/\/projetscitoyens.francas71.org\/index.php?rest_route=%2Fwp%2Fv2%2Fcategories&post=2254"},{"taxonomy":"post_tag","embeddable":true,"href":"http:\/\/projetscitoyens.francas71.org\/index.php?rest_route=%2Fwp%2Fv2%2Ftags&post=2254"}],"curies":[{"name":"wp","href":"https:\/\/api.w.org\/{rel}","templated":true}]}}