{"id":2257,"date":"2017-01-27T09:35:34","date_gmt":"2017-01-27T08:35:34","guid":{"rendered":"http:\/\/www.francas71.org\/projetscitoyens\/?p=2257"},"modified":"2019-12-16T15:02:07","modified_gmt":"2019-12-16T14:02:07","slug":"la-radio-au-college-prudhon-de-cluny","status":"publish","type":"post","link":"http:\/\/projetscitoyens.francas71.org\/?p=2257","title":{"rendered":"La radio au coll\u00e8ge Prud&rsquo;hon de Cluny"},"content":{"rendered":"<h3><span style=\"color: #993300;\">Aujourd&rsquo;hui vendredi 27 janvier, 4\u00e8me s\u00e9ance d&rsquo;enregistrement au coll\u00e8ge Prud&rsquo;hon de Cluny pour le groupe de 18 jeunes.<\/span><\/h3>\n<p>Avec les essais de certains groupes face aux micros. Des essais n\u00e9cessaire pour s&rsquo;entra\u00eener \u00e0 parler sans lire son texte et s&rsquo;habituer \u00e0 parler distinctement en articulant.<\/p>\n<p>&nbsp;<\/p>\n<p>&nbsp;<\/p>\n","protected":false},"excerpt":{"rendered":"<p>Aujourd&rsquo;hui vendredi 27 janvier, 4\u00e8me s\u00e9ance d&rsquo;enregistrement au coll\u00e8ge Prud&rsquo;hon de Cluny pour le groupe de 18 jeunes. Avec les essais de certains groupes face aux micros. Des essais n\u00e9cessaire pour s&rsquo;entra\u00eener \u00e0 parler sans lire son texte et s&rsquo;habituer \u00e0 parler distinctement en articulant. &nbsp; &nbsp;<\/p>\n","protected":false},"author":1,"featured_media":2260,"comment_status":"open","ping_status":"open","sticky":false,"template":"","format":"standard","meta":{"jetpack_post_was_ever_published":false,"_jetpack_newsletter_access":"","_jetpack_dont_email_post_to_subs":false,"_jetpack_newsletter_tier_id":0,"_jetpack_memberships_contains_paywalled_content":false,"_jetpack_memberships_contains_paid_content":false,"footnotes":"","jetpack_publicize_message":"","jetpack_publicize_feature_enabled":true,"jetpack_social_post_already_shared":true,"jetpack_social_options":{"image_generator_settings":{"template":"highway","enabled":false},"version":2}},"categories":[230,214],"tags":[193,150,34,192],"class_list":["post-2257","post","type-post","status-publish","format-standard","has-post-thumbnail","hentry","category-2017-radio-jeunes","category-la-radio","tag-ados","tag-citoyennete","tag-college","tag-expression"],"jetpack_publicize_connections":[],"jetpack_featured_media_url":"https:\/\/i0.wp.com\/projetscitoyens.francas71.org\/wp-content\/uploads\/2017\/01\/clunyjanvier04.jpg?fit=1280%2C960","jetpack_sharing_enabled":true,"jetpack_shortlink":"https:\/\/wp.me\/p6M0zG-Ap","jetpack-related-posts":[],"jetpack_likes_enabled":true,"_links":{"self":[{"href":"http:\/\/projetscitoyens.francas71.org\/index.php?rest_route=\/wp\/v2\/posts\/2257"}],"collection":[{"href":"http:\/\/projetscitoyens.francas71.org\/index.php?rest_route=\/wp\/v2\/posts"}],"about":[{"href":"http:\/\/projetscitoyens.francas71.org\/index.php?rest_route=\/wp\/v2\/types\/post"}],"author":[{"embeddable":true,"href":"http:\/\/projetscitoyens.francas71.org\/index.php?rest_route=\/wp\/v2\/users\/1"}],"replies":[{"embeddable":true,"href":"http:\/\/projetscitoyens.francas71.org\/index.php?rest_route=%2Fwp%2Fv2%2Fcomments&post=2257"}],"version-history":[{"count":2,"href":"http:\/\/projetscitoyens.francas71.org\/index.php?rest_route=\/wp\/v2\/posts\/2257\/revisions"}],"predecessor-version":[{"id":2259,"href":"http:\/\/projetscitoyens.francas71.org\/index.php?rest_route=\/wp\/v2\/posts\/2257\/revisions\/2259"}],"wp:featuredmedia":[{"embeddable":true,"href":"http:\/\/projetscitoyens.francas71.org\/index.php?rest_route=\/wp\/v2\/media\/2260"}],"wp:attachment":[{"href":"http:\/\/projetscitoyens.francas71.org\/index.php?rest_route=%2Fwp%2Fv2%2Fmedia&parent=2257"}],"wp:term":[{"taxonomy":"category","embeddable":true,"href":"http:\/\/projetscitoyens.francas71.org\/index.php?rest_route=%2Fwp%2Fv2%2Fcategories&post=2257"},{"taxonomy":"post_tag","embeddable":true,"href":"http:\/\/projetscitoyens.francas71.org\/index.php?rest_route=%2Fwp%2Fv2%2Ftags&post=2257"}],"curies":[{"name":"wp","href":"https:\/\/api.w.org\/{rel}","templated":true}]}}