{"id":2280,"date":"2017-03-02T09:20:42","date_gmt":"2017-03-02T08:20:42","guid":{"rendered":"http:\/\/www.francas71.org\/projetscitoyens\/?p=2280"},"modified":"2019-12-16T15:02:34","modified_gmt":"2019-12-16T14:02:34","slug":"radio-bafa-emission-1","status":"publish","type":"post","link":"http:\/\/projetscitoyens.francas71.org\/?p=2280","title":{"rendered":"Radio BAFA &#8211; \u00e9mission 1"},"content":{"rendered":"<h3><span style=\"color: #800080;\">Dans le cadre du stage BAFA approfondissement qui se d\u00e9roule sur Cluny, du 27 f\u00e9vrier au 4 mars, Radio BAFA s&rsquo;est install\u00e9e pour des enregistrements quotidiens. Une premi\u00e8re exp\u00e9rience devant les micros pour tous les stagiaires.<\/span><\/h3>\n<p>Mardi 28 f\u00e9vrier, 14h, premier plateau avec trois stagiaires : Aur\u00e9da, Guy et Franck. Pour une discussion sur le m\u00e9tier d&rsquo;animateur en centre de loisirs. Les activit\u00e9s pr\u00e9f\u00e9r\u00e9es d&rsquo;Aur\u00e9da, les petites difficult\u00e9s et les plaisirs de cet engagement pour Guy, et enfin, le choix d&rsquo;un changement de vie pour passer du m\u00e9tier de serveur \u00e0 celui d&rsquo;animateur par Franck.<\/p>\n<!--[if lt IE 9]><script>document.createElement('audio');<\/script><![endif]-->\n<audio class=\"wp-audio-shortcode\" id=\"audio-2280-1\" preload=\"none\" style=\"width: 100%;\" controls=\"controls\"><source type=\"audio\/mpeg\" src=\"http:\/\/www.francas71.org\/projetscitoyens\/wp-content\/uploads\/2017\/03\/bafa-emission-1.mp3?_=1\" \/><a href=\"http:\/\/www.francas71.org\/projetscitoyens\/wp-content\/uploads\/2017\/03\/bafa-emission-1.mp3\">http:\/\/www.francas71.org\/projetscitoyens\/wp-content\/uploads\/2017\/03\/bafa-emission-1.mp3<\/a><\/audio>\n<p>&nbsp;<\/p>\n","protected":false},"excerpt":{"rendered":"<p>Dans le cadre du stage BAFA approfondissement qui se d\u00e9roule sur Cluny, du 27 f\u00e9vrier au 4 mars, Radio BAFA s&rsquo;est install\u00e9e pour des enregistrements quotidiens. Une premi\u00e8re exp\u00e9rience devant les micros pour tous les stagiaires. Mardi 28 f\u00e9vrier, 14h, premier plateau avec trois stagiaires : Aur\u00e9da, Guy et Franck. Pour une discussion sur le m\u00e9tier d&rsquo;animateur en centre de loisirs. Les activit\u00e9s pr\u00e9f\u00e9r\u00e9es d&rsquo;Aur\u00e9da, les petites difficult\u00e9s et les plaisirs de cet engagement pour Guy, et enfin, le choix&#8230;<\/p>\n<p class=\"read-more\"><a class=\"btn btn-default\" href=\"http:\/\/projetscitoyens.francas71.org\/?p=2280\" onclick=\"return TrackClick('http%3A%2F%2Fprojetscitoyens.francas71.org%2F%3Fp%3D2280','Lire+la+suite+Lire+la+suite')\">Lire la suite<span class=\"screen-reader-text\"> Lire la suite<\/span><\/a><\/p>\n","protected":false},"author":1,"featured_media":2278,"comment_status":"open","ping_status":"open","sticky":false,"template":"","format":"standard","meta":{"jetpack_post_was_ever_published":false,"_jetpack_newsletter_access":"","_jetpack_dont_email_post_to_subs":false,"_jetpack_newsletter_tier_id":0,"_jetpack_memberships_contains_paywalled_content":false,"_jetpack_memberships_contains_paid_content":false,"footnotes":"","jetpack_publicize_message":"","jetpack_publicize_feature_enabled":true,"jetpack_social_post_already_shared":true,"jetpack_social_options":{"image_generator_settings":{"template":"highway","enabled":false},"version":2}},"categories":[120,234],"tags":[199,200,201,192],"class_list":["post-2280","post","type-post","status-publish","format-standard","has-post-thumbnail","hentry","category-engagement-des-jeunes","category-stages-bafa","tag-animateur","tag-bafa","tag-experience","tag-expression"],"jetpack_publicize_connections":[],"jetpack_featured_media_url":"https:\/\/i0.wp.com\/projetscitoyens.francas71.org\/wp-content\/uploads\/2017\/03\/bafa02.jpg?fit=1280%2C960","jetpack_sharing_enabled":true,"jetpack_shortlink":"https:\/\/wp.me\/p6M0zG-AM","jetpack-related-posts":[],"jetpack_likes_enabled":true,"_links":{"self":[{"href":"http:\/\/projetscitoyens.francas71.org\/index.php?rest_route=\/wp\/v2\/posts\/2280"}],"collection":[{"href":"http:\/\/projetscitoyens.francas71.org\/index.php?rest_route=\/wp\/v2\/posts"}],"about":[{"href":"http:\/\/projetscitoyens.francas71.org\/index.php?rest_route=\/wp\/v2\/types\/post"}],"author":[{"embeddable":true,"href":"http:\/\/projetscitoyens.francas71.org\/index.php?rest_route=\/wp\/v2\/users\/1"}],"replies":[{"embeddable":true,"href":"http:\/\/projetscitoyens.francas71.org\/index.php?rest_route=%2Fwp%2Fv2%2Fcomments&post=2280"}],"version-history":[{"count":2,"href":"http:\/\/projetscitoyens.francas71.org\/index.php?rest_route=\/wp\/v2\/posts\/2280\/revisions"}],"predecessor-version":[{"id":2282,"href":"http:\/\/projetscitoyens.francas71.org\/index.php?rest_route=\/wp\/v2\/posts\/2280\/revisions\/2282"}],"wp:featuredmedia":[{"embeddable":true,"href":"http:\/\/projetscitoyens.francas71.org\/index.php?rest_route=\/wp\/v2\/media\/2278"}],"wp:attachment":[{"href":"http:\/\/projetscitoyens.francas71.org\/index.php?rest_route=%2Fwp%2Fv2%2Fmedia&parent=2280"}],"wp:term":[{"taxonomy":"category","embeddable":true,"href":"http:\/\/projetscitoyens.francas71.org\/index.php?rest_route=%2Fwp%2Fv2%2Fcategories&post=2280"},{"taxonomy":"post_tag","embeddable":true,"href":"http:\/\/projetscitoyens.francas71.org\/index.php?rest_route=%2Fwp%2Fv2%2Ftags&post=2280"}],"curies":[{"name":"wp","href":"https:\/\/api.w.org\/{rel}","templated":true}]}}