{"id":2283,"date":"2017-03-02T09:28:19","date_gmt":"2017-03-02T08:28:19","guid":{"rendered":"http:\/\/www.francas71.org\/projetscitoyens\/?p=2283"},"modified":"2019-12-16T15:02:58","modified_gmt":"2019-12-16T14:02:58","slug":"radio-bafa-emission-2","status":"publish","type":"post","link":"http:\/\/projetscitoyens.francas71.org\/?p=2283","title":{"rendered":"Radio BAFA &#8211; \u00e9mission 2"},"content":{"rendered":"<h3><span style=\"color: #800080;\">Dans le cadre du stage BAFA approfondissement qui se d\u00e9roule sur Cluny, du 27 f\u00e9vrier au 4 mars, Radio BAFA s&rsquo;est install\u00e9e pour des enregistrements quotidiens. Une premi\u00e8re exp\u00e9rience devant les micros pour tous les stagiaires.<\/span><\/h3>\n<p>Mercredi 1er mars, 14h, second plateau avec deux stagiaires et une formatrice : Margot, Hugo et Arthur.<\/p>\n<p>Pour un \u00e9change sur les activit\u00e9s scientifiques dans les centres de loisirs. Hugo et Arthur en pleine pr\u00e9paration de leur s\u00e9ance d&rsquo;animation du stage et leurs questions sur la mani\u00e8re de parler science de fa\u00e7on ludique, puis un d\u00e9bat sur les difficult\u00e9s \u00e0 animer des activit\u00e9s scientifiques avec des enfants, et enfin une illustration d&rsquo;animation scientifique par Margot.<\/p>\n<p>&nbsp;<\/p>\n<!--[if lt IE 9]><script>document.createElement('audio');<\/script><![endif]-->\n<audio class=\"wp-audio-shortcode\" id=\"audio-2283-1\" preload=\"none\" style=\"width: 100%;\" controls=\"controls\"><source type=\"audio\/mpeg\" src=\"http:\/\/www.francas71.org\/projetscitoyens\/wp-content\/uploads\/2017\/03\/bafa-emission-2.mp3?_=1\" \/><a href=\"http:\/\/www.francas71.org\/projetscitoyens\/wp-content\/uploads\/2017\/03\/bafa-emission-2.mp3\">http:\/\/www.francas71.org\/projetscitoyens\/wp-content\/uploads\/2017\/03\/bafa-emission-2.mp3<\/a><\/audio>\n<p>&nbsp;<\/p>\n","protected":false},"excerpt":{"rendered":"<p>Dans le cadre du stage BAFA approfondissement qui se d\u00e9roule sur Cluny, du 27 f\u00e9vrier au 4 mars, Radio BAFA s&rsquo;est install\u00e9e pour des enregistrements quotidiens. Une premi\u00e8re exp\u00e9rience devant les micros pour tous les stagiaires. Mercredi 1er mars, 14h, second plateau avec deux stagiaires et une formatrice : Margot, Hugo et Arthur. Pour un \u00e9change sur les activit\u00e9s scientifiques dans les centres de loisirs. Hugo et Arthur en pleine pr\u00e9paration de leur s\u00e9ance d&rsquo;animation du stage et leurs questions&#8230;<\/p>\n<p class=\"read-more\"><a class=\"btn btn-default\" href=\"http:\/\/projetscitoyens.francas71.org\/?p=2283\" onclick=\"return TrackClick('http%3A%2F%2Fprojetscitoyens.francas71.org%2F%3Fp%3D2283','Lire+la+suite+Lire+la+suite')\">Lire la suite<span class=\"screen-reader-text\"> Lire la suite<\/span><\/a><\/p>\n","protected":false},"author":1,"featured_media":2279,"comment_status":"open","ping_status":"open","sticky":false,"template":"","format":"standard","meta":{"jetpack_post_was_ever_published":false,"_jetpack_newsletter_access":"","_jetpack_dont_email_post_to_subs":false,"_jetpack_newsletter_tier_id":0,"_jetpack_memberships_contains_paywalled_content":false,"_jetpack_memberships_contains_paid_content":false,"footnotes":"","jetpack_publicize_message":"","jetpack_publicize_feature_enabled":true,"jetpack_social_post_already_shared":true,"jetpack_social_options":{"image_generator_settings":{"template":"highway","enabled":false},"version":2}},"categories":[120,234],"tags":[140,192,202],"class_list":["post-2283","post","type-post","status-publish","format-standard","has-post-thumbnail","hentry","category-engagement-des-jeunes","category-stages-bafa","tag-animation","tag-expression","tag-science"],"jetpack_publicize_connections":[],"jetpack_featured_media_url":"https:\/\/i0.wp.com\/projetscitoyens.francas71.org\/wp-content\/uploads\/2017\/03\/bafa01.jpg?fit=960%2C1280","jetpack_sharing_enabled":true,"jetpack_shortlink":"https:\/\/wp.me\/p6M0zG-AP","jetpack-related-posts":[],"jetpack_likes_enabled":true,"_links":{"self":[{"href":"http:\/\/projetscitoyens.francas71.org\/index.php?rest_route=\/wp\/v2\/posts\/2283"}],"collection":[{"href":"http:\/\/projetscitoyens.francas71.org\/index.php?rest_route=\/wp\/v2\/posts"}],"about":[{"href":"http:\/\/projetscitoyens.francas71.org\/index.php?rest_route=\/wp\/v2\/types\/post"}],"author":[{"embeddable":true,"href":"http:\/\/projetscitoyens.francas71.org\/index.php?rest_route=\/wp\/v2\/users\/1"}],"replies":[{"embeddable":true,"href":"http:\/\/projetscitoyens.francas71.org\/index.php?rest_route=%2Fwp%2Fv2%2Fcomments&post=2283"}],"version-history":[{"count":2,"href":"http:\/\/projetscitoyens.francas71.org\/index.php?rest_route=\/wp\/v2\/posts\/2283\/revisions"}],"predecessor-version":[{"id":2285,"href":"http:\/\/projetscitoyens.francas71.org\/index.php?rest_route=\/wp\/v2\/posts\/2283\/revisions\/2285"}],"wp:featuredmedia":[{"embeddable":true,"href":"http:\/\/projetscitoyens.francas71.org\/index.php?rest_route=\/wp\/v2\/media\/2279"}],"wp:attachment":[{"href":"http:\/\/projetscitoyens.francas71.org\/index.php?rest_route=%2Fwp%2Fv2%2Fmedia&parent=2283"}],"wp:term":[{"taxonomy":"category","embeddable":true,"href":"http:\/\/projetscitoyens.francas71.org\/index.php?rest_route=%2Fwp%2Fv2%2Fcategories&post=2283"},{"taxonomy":"post_tag","embeddable":true,"href":"http:\/\/projetscitoyens.francas71.org\/index.php?rest_route=%2Fwp%2Fv2%2Ftags&post=2283"}],"curies":[{"name":"wp","href":"https:\/\/api.w.org\/{rel}","templated":true}]}}