{"id":2288,"date":"2017-03-02T19:08:36","date_gmt":"2017-03-02T18:08:36","guid":{"rendered":"http:\/\/www.francas71.org\/projetscitoyens\/?p=2288"},"modified":"2019-12-16T15:03:22","modified_gmt":"2019-12-16T14:03:22","slug":"radio-bafa-emission-3","status":"publish","type":"post","link":"http:\/\/projetscitoyens.francas71.org\/?p=2288","title":{"rendered":"Radio BAFA &#8211; \u00e9mission 3"},"content":{"rendered":"<h3><span style=\"color: #800080;\">Dans le cadre du stage BAFA approfondissement qui se d\u00e9roule sur Cluny, du 27 f\u00e9vrier au 4 mars, Radio BAFA s\u2019est install\u00e9e pour des enregistrements quotidiens. Une premi\u00e8re exp\u00e9rience devant les micros pour tous les stagiaires.<\/span><\/h3>\n<p>Jeudi 2 mars, 14h, troisi\u00e8me plateau avec Manon, G\u00e9raldine et Margot. Avec un d\u00e9bat sur comment animer une activit\u00e9 de qualit\u00e9 avec les enfants ?.<\/p>\n<p>Manon \u00e9voque la n\u00e9cessit\u00e9 d&rsquo;une pr\u00e9paration en amont, et le fait qu&rsquo;un animateur travaille en \u00e9quipe et que cela permette de se faire aider. G\u00e9raldine parle de la fabulation pour faire entrer les enfants dans un imaginaire. Et Margot fait r\u00e9f\u00e9rence \u00e0 l&rsquo;implication des enfants dans l&rsquo;activit\u00e9.<\/p>\n<p>&nbsp;<\/p>\n<!--[if lt IE 9]><script>document.createElement('audio');<\/script><![endif]-->\n<audio class=\"wp-audio-shortcode\" id=\"audio-2288-1\" preload=\"none\" style=\"width: 100%;\" controls=\"controls\"><source type=\"audio\/mpeg\" src=\"http:\/\/www.francas71.org\/projetscitoyens\/wp-content\/uploads\/2017\/03\/bafa-emission-3.mp3?_=1\" \/><a href=\"http:\/\/www.francas71.org\/projetscitoyens\/wp-content\/uploads\/2017\/03\/bafa-emission-3.mp3\">http:\/\/www.francas71.org\/projetscitoyens\/wp-content\/uploads\/2017\/03\/bafa-emission-3.mp3<\/a><\/audio>\n","protected":false},"excerpt":{"rendered":"<p>Dans le cadre du stage BAFA approfondissement qui se d\u00e9roule sur Cluny, du 27 f\u00e9vrier au 4 mars, Radio BAFA s\u2019est install\u00e9e pour des enregistrements quotidiens. Une premi\u00e8re exp\u00e9rience devant les micros pour tous les stagiaires. Jeudi 2 mars, 14h, troisi\u00e8me plateau avec Manon, G\u00e9raldine et Margot. Avec un d\u00e9bat sur comment animer une activit\u00e9 de qualit\u00e9 avec les enfants ?. Manon \u00e9voque la n\u00e9cessit\u00e9 d&rsquo;une pr\u00e9paration en amont, et le fait qu&rsquo;un animateur travaille en \u00e9quipe et que cela&#8230;<\/p>\n<p class=\"read-more\"><a class=\"btn btn-default\" href=\"http:\/\/projetscitoyens.francas71.org\/?p=2288\" onclick=\"return TrackClick('http%3A%2F%2Fprojetscitoyens.francas71.org%2F%3Fp%3D2288','Lire+la+suite+Lire+la+suite')\">Lire la suite<span class=\"screen-reader-text\"> Lire la suite<\/span><\/a><\/p>\n","protected":false},"author":1,"featured_media":2278,"comment_status":"open","ping_status":"open","sticky":false,"template":"","format":"standard","meta":{"jetpack_post_was_ever_published":false,"_jetpack_newsletter_access":"","_jetpack_dont_email_post_to_subs":false,"_jetpack_newsletter_tier_id":0,"_jetpack_memberships_contains_paywalled_content":false,"_jetpack_memberships_contains_paid_content":false,"footnotes":"","jetpack_publicize_message":"","jetpack_publicize_feature_enabled":true,"jetpack_social_post_already_shared":true,"jetpack_social_options":{"image_generator_settings":{"template":"highway","enabled":false},"version":2}},"categories":[120,234],"tags":[192,89,203],"class_list":["post-2288","post","type-post","status-publish","format-standard","has-post-thumbnail","hentry","category-engagement-des-jeunes","category-stages-bafa","tag-expression","tag-participation","tag-qualite"],"jetpack_publicize_connections":[],"jetpack_featured_media_url":"https:\/\/i0.wp.com\/projetscitoyens.francas71.org\/wp-content\/uploads\/2017\/03\/bafa02.jpg?fit=1280%2C960","jetpack_sharing_enabled":true,"jetpack_shortlink":"https:\/\/wp.me\/p6M0zG-AU","jetpack-related-posts":[],"jetpack_likes_enabled":true,"_links":{"self":[{"href":"http:\/\/projetscitoyens.francas71.org\/index.php?rest_route=\/wp\/v2\/posts\/2288"}],"collection":[{"href":"http:\/\/projetscitoyens.francas71.org\/index.php?rest_route=\/wp\/v2\/posts"}],"about":[{"href":"http:\/\/projetscitoyens.francas71.org\/index.php?rest_route=\/wp\/v2\/types\/post"}],"author":[{"embeddable":true,"href":"http:\/\/projetscitoyens.francas71.org\/index.php?rest_route=\/wp\/v2\/users\/1"}],"replies":[{"embeddable":true,"href":"http:\/\/projetscitoyens.francas71.org\/index.php?rest_route=%2Fwp%2Fv2%2Fcomments&post=2288"}],"version-history":[{"count":1,"href":"http:\/\/projetscitoyens.francas71.org\/index.php?rest_route=\/wp\/v2\/posts\/2288\/revisions"}],"predecessor-version":[{"id":2289,"href":"http:\/\/projetscitoyens.francas71.org\/index.php?rest_route=\/wp\/v2\/posts\/2288\/revisions\/2289"}],"wp:featuredmedia":[{"embeddable":true,"href":"http:\/\/projetscitoyens.francas71.org\/index.php?rest_route=\/wp\/v2\/media\/2278"}],"wp:attachment":[{"href":"http:\/\/projetscitoyens.francas71.org\/index.php?rest_route=%2Fwp%2Fv2%2Fmedia&parent=2288"}],"wp:term":[{"taxonomy":"category","embeddable":true,"href":"http:\/\/projetscitoyens.francas71.org\/index.php?rest_route=%2Fwp%2Fv2%2Fcategories&post=2288"},{"taxonomy":"post_tag","embeddable":true,"href":"http:\/\/projetscitoyens.francas71.org\/index.php?rest_route=%2Fwp%2Fv2%2Ftags&post=2288"}],"curies":[{"name":"wp","href":"https:\/\/api.w.org\/{rel}","templated":true}]}}