{"id":2295,"date":"2017-03-03T20:11:14","date_gmt":"2017-03-03T19:11:14","guid":{"rendered":"http:\/\/www.francas71.org\/projetscitoyens\/?p=2295"},"modified":"2019-12-16T15:03:50","modified_gmt":"2019-12-16T14:03:50","slug":"radio-bafa-emission-4","status":"publish","type":"post","link":"http:\/\/projetscitoyens.francas71.org\/?p=2295","title":{"rendered":"Radio BAFA &#8211; \u00e9mission 4"},"content":{"rendered":"<h3><span style=\"color: #800080;\">Dans le cadre du stage BAFA approfondissement qui se d\u00e9roule sur Cluny, du 27 f\u00e9vrier au 4 mars, Radio BAFA s\u2019est install\u00e9e pour des enregistrements quotidiens. Une premi\u00e8re exp\u00e9rience devant les micros pour tous les stagiaires.<\/span><\/h3>\n<p>Vendredi 3 mars, 14h, quatri\u00e8me plateau avec Aur\u00e9da, Franck et Guy.<\/p>\n<p>Tout d&rsquo;abord Guy pour \u00e9changer sur les raisons des difficult\u00e9s du vivre ensemble, Aur\u00e9da pour identifier les apports de l&rsquo;\u00e9laboration de projets collectifs pour les enfants, et enfin Franck pour revenir sur le jeu de piste de ce vendredi apr\u00e8s-midi.<\/p>\n<p>&nbsp;<\/p>\n<!--[if lt IE 9]><script>document.createElement('audio');<\/script><![endif]-->\n<audio class=\"wp-audio-shortcode\" id=\"audio-2295-1\" preload=\"none\" style=\"width: 100%;\" controls=\"controls\"><source type=\"audio\/mpeg\" src=\"http:\/\/www.francas71.org\/projetscitoyens\/wp-content\/uploads\/2017\/03\/bafa-emission-4.mp3?_=1\" \/><a href=\"http:\/\/www.francas71.org\/projetscitoyens\/wp-content\/uploads\/2017\/03\/bafa-emission-4.mp3\">http:\/\/www.francas71.org\/projetscitoyens\/wp-content\/uploads\/2017\/03\/bafa-emission-4.mp3<\/a><\/audio>\n","protected":false},"excerpt":{"rendered":"<p>Dans le cadre du stage BAFA approfondissement qui se d\u00e9roule sur Cluny, du 27 f\u00e9vrier au 4 mars, Radio BAFA s\u2019est install\u00e9e pour des enregistrements quotidiens. Une premi\u00e8re exp\u00e9rience devant les micros pour tous les stagiaires. Vendredi 3 mars, 14h, quatri\u00e8me plateau avec Aur\u00e9da, Franck et Guy. Tout d&rsquo;abord Guy pour \u00e9changer sur les raisons des difficult\u00e9s du vivre ensemble, Aur\u00e9da pour identifier les apports de l&rsquo;\u00e9laboration de projets collectifs pour les enfants, et enfin Franck pour revenir sur le&#8230;<\/p>\n<p class=\"read-more\"><a class=\"btn btn-default\" href=\"http:\/\/projetscitoyens.francas71.org\/?p=2295\" onclick=\"return TrackClick('http%3A%2F%2Fprojetscitoyens.francas71.org%2F%3Fp%3D2295','Lire+la+suite+Lire+la+suite')\">Lire la suite<span class=\"screen-reader-text\"> Lire la suite<\/span><\/a><\/p>\n","protected":false},"author":1,"featured_media":2300,"comment_status":"open","ping_status":"open","sticky":false,"template":"","format":"standard","meta":{"jetpack_post_was_ever_published":false,"_jetpack_newsletter_access":"","_jetpack_dont_email_post_to_subs":false,"_jetpack_newsletter_tier_id":0,"_jetpack_memberships_contains_paywalled_content":false,"_jetpack_memberships_contains_paid_content":false,"footnotes":"","jetpack_publicize_message":"","jetpack_publicize_feature_enabled":true,"jetpack_social_post_already_shared":true,"jetpack_social_options":{"image_generator_settings":{"template":"highway","enabled":false},"version":2}},"categories":[120,234],"tags":[192],"class_list":["post-2295","post","type-post","status-publish","format-standard","has-post-thumbnail","hentry","category-engagement-des-jeunes","category-stages-bafa","tag-expression"],"jetpack_publicize_connections":[],"jetpack_featured_media_url":"https:\/\/i0.wp.com\/projetscitoyens.francas71.org\/wp-content\/uploads\/2017\/03\/bafa04.jpg?fit=1280%2C960","jetpack_sharing_enabled":true,"jetpack_shortlink":"https:\/\/wp.me\/p6M0zG-B1","jetpack-related-posts":[],"jetpack_likes_enabled":true,"_links":{"self":[{"href":"http:\/\/projetscitoyens.francas71.org\/index.php?rest_route=\/wp\/v2\/posts\/2295"}],"collection":[{"href":"http:\/\/projetscitoyens.francas71.org\/index.php?rest_route=\/wp\/v2\/posts"}],"about":[{"href":"http:\/\/projetscitoyens.francas71.org\/index.php?rest_route=\/wp\/v2\/types\/post"}],"author":[{"embeddable":true,"href":"http:\/\/projetscitoyens.francas71.org\/index.php?rest_route=\/wp\/v2\/users\/1"}],"replies":[{"embeddable":true,"href":"http:\/\/projetscitoyens.francas71.org\/index.php?rest_route=%2Fwp%2Fv2%2Fcomments&post=2295"}],"version-history":[{"count":3,"href":"http:\/\/projetscitoyens.francas71.org\/index.php?rest_route=\/wp\/v2\/posts\/2295\/revisions"}],"predecessor-version":[{"id":2299,"href":"http:\/\/projetscitoyens.francas71.org\/index.php?rest_route=\/wp\/v2\/posts\/2295\/revisions\/2299"}],"wp:featuredmedia":[{"embeddable":true,"href":"http:\/\/projetscitoyens.francas71.org\/index.php?rest_route=\/wp\/v2\/media\/2300"}],"wp:attachment":[{"href":"http:\/\/projetscitoyens.francas71.org\/index.php?rest_route=%2Fwp%2Fv2%2Fmedia&parent=2295"}],"wp:term":[{"taxonomy":"category","embeddable":true,"href":"http:\/\/projetscitoyens.francas71.org\/index.php?rest_route=%2Fwp%2Fv2%2Fcategories&post=2295"},{"taxonomy":"post_tag","embeddable":true,"href":"http:\/\/projetscitoyens.francas71.org\/index.php?rest_route=%2Fwp%2Fv2%2Ftags&post=2295"}],"curies":[{"name":"wp","href":"https:\/\/api.w.org\/{rel}","templated":true}]}}